{"id":133910,"date":"2025-02-14T18:57:32","date_gmt":"2025-02-14T15:57:32","guid":{"rendered":"https:\/\/www.tgrthaber.com\/mavikadin\/?p=133910"},"modified":"2025-02-14T18:57:32","modified_gmt":"2025-02-14T15:57:32","slug":"akin-akinozunden-duygusal-sevgililer-gunu-paylasimi-ilk-ve-en-gercek-sevgilim","status":"publish","type":"post","link":"https:\/\/www.tgrthaber.com\/mavikadin\/akin-akinozunden-duygusal-sevgililer-gunu-paylasimi-ilk-ve-en-gercek-sevgilim\/","title":{"rendered":"Ak\u0131n Ak\u0131n\u00f6z\u00fc\u2019nden duygusal Sevgililer G\u00fcn\u00fc payla\u015f\u0131m\u0131: \u201c\u0130lk ve en ger\u00e7ek sevgilim\u201d"},"content":{"rendered":"<p class=\"p1\">\u00dcnl\u00fc oyuncu Ak\u0131n Ak\u0131n\u00f6z\u00fc, ge\u00e7ti\u011fimiz temmuz ay\u0131nda annesi \u00d6zlem Ak\u0131n\u00f6z\u00fc\u2019n\u00fc kaybetmenin derin ac\u0131s\u0131n\u0131 ya\u015fam\u0131\u015ft\u0131. Aradan ge\u00e7en zamana ra\u011fmen annesine olan sevgisini ve \u00f6zlemini her f\u0131rsatta dile getiren oyuncu, Sevgililer G\u00fcn\u00fc\u2019nde y\u00fcrek burkanl bir payla\u015f\u0131m yaparak takip\u00e7ilerini duyguland\u0131rd\u0131. Sosyal medya hesab\u0131ndan annesiyle birlikte \u00e7ekilmi\u015f bir foto\u011fraf\u0131n\u0131 payla\u015fan Ak\u0131n\u00f6z\u00fc\u2019n\u00fcn foto\u011fraf\u0131na be\u011feni ve ba\u015f sa\u011fl\u0131\u011f\u0131 mesajlar\u0131 ya\u011fd\u0131.<\/p>\n<h3 class=\"p1\"><b>ANNES\u0130N\u0130 KAYBEDEN AKIN AKIN\u00d6Z\u00dc&#8217;NDEN DUYGUSAL SEVG\u0130L\u0130LER G\u00dcN\u00dc MESAJI\u00a0<\/b><\/h3>\n<p class=\"p1\">Temmuz ay\u0131nda uzun s\u00fcredir m\u00fccadele etti\u011fi hastal\u0131\u011fa yenik d\u00fc\u015ferek vefat eden oyuncu \u00d6zlem Ak\u0131n\u00f6z\u00fc, o\u011flu Ak\u0131n Ak\u0131n\u00f6z\u00fc\u2019n\u00fc derin bir ac\u0131yla ba\u015f ba\u015fa b\u0131rakm\u0131\u015ft\u0131. Annesinin kayb\u0131yla sars\u0131lan \u00fcnl\u00fc oyuncu, Sevgililer G\u00fcn\u00fc\u2019nde yapt\u0131\u011f\u0131 payla\u015f\u0131mda duygular\u0131n\u0131 i\u00e7tenlikle dile getirdi. Sosyal medya hesab\u0131ndan annesiyle birlikte \u00e7ekilmi\u015f bir foto\u011fraf\u0131n\u0131 payla\u015fan Ak\u0131n\u00f6z\u00fc, g\u00f6nderisine \u201c\u0130lk sevgilim, en ger\u00e7ek sevgilim, sonsuz sevgilim\u2026 Sevgililer G\u00fcn\u00fcn kutlu olsun.\u201d notunu d\u00fc\u015ft\u00fc.<\/p>\n<p><img loading=\"lazy\" decoding=\"async\" class=\"alignnone wp-image-133911 \" src=\"https:\/\/www.tgrthaber.com\/mavikadin\/wp-content\/uploads\/Ekran-Resmi-2025-02-14-18.48.15-710x1024.png\" alt=\"\" width=\"949\" height=\"1369\" title=\"\" srcset=\"https:\/\/www.tgrthaber.com\/mavikadin\/wp-content\/uploads\/Ekran-Resmi-2025-02-14-18.48.15-710x1024.png 710w, https:\/\/www.tgrthaber.com\/mavikadin\/wp-content\/uploads\/Ekran-Resmi-2025-02-14-18.48.15-208x300.png 208w, https:\/\/www.tgrthaber.com\/mavikadin\/wp-content\/uploads\/Ekran-Resmi-2025-02-14-18.48.15-768x1108.png 768w, https:\/\/www.tgrthaber.com\/mavikadin\/wp-content\/uploads\/Ekran-Resmi-2025-02-14-18.48.15.png 918w\" sizes=\"(max-width: 949px) 100vw, 949px\" \/><\/p>\n<hr \/>\n<p class=\"p1\">Ak\u0131n Ak\u0131n\u00f6z\u00fc\u2019n\u00fcn bu anlaml\u0131 payla\u015f\u0131m\u0131, takip\u00e7ileri taraf\u0131ndan b\u00fcy\u00fck ilgi g\u00f6rd\u00fc. Hayranlar\u0131, oyuncunun ac\u0131s\u0131n\u0131 payla\u015farak destek mesajlar\u0131 g\u00f6nderdi. \u00dcnl\u00fc isimlerden de Ak\u0131n\u00f6z\u00fc\u2019ne ba\u015fsa\u011fl\u0131\u011f\u0131 dilekleri gelirken, payla\u015f\u0131m k\u0131sa s\u00fcrede binlerce be\u011feni ald\u0131. Payla\u015f\u0131m\u0131 g\u00f6ren bir\u00e7ok sosyal medya kullan\u0131c\u0131s\u0131,\u00a0 \u201cAnneler her zaman kalbimizde ya\u015far\u201d, \u201c\u00c7ok anlaml\u0131 bir mesaj, ba\u015f\u0131n sa\u011f olsun\u201d gibi yorumlarda bulundu.<\/p>\n<h3>AKIN AKIN\u00d6Z\u00dc K\u0130MD\u0130R?<\/h3>\n<p class=\"p1\">Ak\u0131n Ak\u0131n\u00f6z\u00fc, 1990 y\u0131l\u0131nda Ankara\u2019da d\u00fcnyaya geldi. E\u011fitimini Los Angeles\u2019ta General Studies ve UC Berkeley\u2019de Uygulamal\u0131 Matematik b\u00f6l\u00fcmlerinde tamamlad\u0131. Oyunculuk \u00fczerine ald\u0131\u011f\u0131 e\u011fitimlerle kariyerine y\u00f6n veren Ak\u0131n\u00f6z\u00fc, 2014 y\u0131l\u0131nda <i>Azrail<\/i> adl\u0131 sinema filmiyle sekt\u00f6re ad\u0131m att\u0131. Televizyon d\u00fcnyas\u0131ndaki ilk deneyimini 2015 y\u0131l\u0131nda <i>Muhte\u015fem Y\u00fczy\u0131l<\/i> dizisinde ya\u015fayan ba\u015far\u0131l\u0131 oyuncu, ard\u0131ndan <i>Arkada\u015flar \u0130yidir<\/i> dizisinde rol ald\u0131. Kariyerindeki b\u00fcy\u00fck \u00e7\u0131k\u0131\u015f\u0131 ise ATV\u2019de yay\u0131nlanan <i>Hercai<\/i> dizisinde Miran karakteriyle yakalad\u0131. 1.80 boyunda ve 76 kilo olan Ak\u0131n Ak\u0131n\u00f6z\u00fc, O\u011flak burcudur ve etkileyici performans\u0131yla geni\u015f bir hayran kitlesine sahiptir.<\/p>\n<p><img loading=\"lazy\" decoding=\"async\" class=\"alignnone wp-image-133912 size-full\" src=\"https:\/\/www.tgrthaber.com\/mavikadin\/wp-content\/uploads\/Ekran-Resmi-2025-02-14-18.49.50.png\" alt=\"\" width=\"942\" height=\"550\" title=\"\" srcset=\"https:\/\/www.tgrthaber.com\/mavikadin\/wp-content\/uploads\/Ekran-Resmi-2025-02-14-18.49.50.png 942w, https:\/\/www.tgrthaber.com\/mavikadin\/wp-content\/uploads\/Ekran-Resmi-2025-02-14-18.49.50-300x175.png 300w, https:\/\/www.tgrthaber.com\/mavikadin\/wp-content\/uploads\/Ekran-Resmi-2025-02-14-18.49.50-768x448.png 768w\" sizes=\"(max-width: 942px) 100vw, 942px\" \/><\/p>\n<hr \/>\n<h3 class=\"p1\"><b>AKIN AKIN\u00d6Z\u00dc HANG\u0130 D\u0130Z\u0130LERDE VE F\u0130LMLERDE OYNADI?<\/b><b><\/b><\/h3>\n<p class=\"p1\">2019 \u2013 Hercai (Miran) (TV Dizisi)<\/p>\n<p class=\"p1\">2017-2018 \u2013 Aslan Ailem (Murat) (TV Dizisi)<\/p>\n<p class=\"p1\">2017 \u2013 Payitaht Abd\u00fclhamid (\u00d6mer) (TV Dizisi)<\/p>\n<p class=\"p1\">2016 \u2013 Arkada\u015flar \u0130yidir (Yunus) (TV Dizisi)<\/p>\n<p class=\"p1\">2015 \u2013 Muhte\u015fem Y\u00fczy\u0131l: K\u00f6sem (\u0130van\/Ali) (TV Dizisi)<\/p>\n<p class=\"p1\">2014 \u2013 Azrail (Sinema Filmi)<\/p>\n<p class=\"p1\">\n","protected":false},"excerpt":{"rendered":"<p>\u00dcnl\u00fc oyuncu Ak\u0131n Ak\u0131n\u00f6z\u00fc, ge\u00e7ti\u011fimiz temmuz ay\u0131nda hayat\u0131n\u0131 kaybeden annesi \u00d6zlem Ak\u0131n\u00f6z\u00fc\u2019n\u00fc unutmad\u0131. Sevgililer G\u00fcn\u00fc\u2019nde duygusal bir payla\u015f\u0131m yapan oyuncunun foto\u011fraf\u0131na be\u011feni ve ba\u015f sa\u011fl\u0131\u011f\u0131 mesajlar\u0131 ya\u011fd\u0131.\u00a0<\/p>\n","protected":false},"author":16,"featured_media":133913,"comment_status":"closed","ping_status":"closed","sticky":false,"template":"","format":"standard","meta":{"rank_math_lock_modified_date":false,"footnotes":""},"categories":[76],"tags":[10967,10969,10968],"class_list":["post-133910","post","type-post","status-publish","format-standard","has-post-thumbnail","hentry","category-magazin","tag-akin-akinozu-14-subat-paylasimi","tag-akin-akinozu-kimdir","tag-annesini-kaybeden-akin-akinozu-duygusal-paylasim"],"_links":{"self":[{"href":"https:\/\/www.tgrthaber.com\/mavikadin\/wp-json\/wp\/v2\/posts\/133910"}],"collection":[{"href":"https:\/\/www.tgrthaber.com\/mavikadin\/wp-json\/wp\/v2\/posts"}],"about":[{"href":"https:\/\/www.tgrthaber.com\/mavikadin\/wp-json\/wp\/v2\/types\/post"}],"author":[{"embeddable":true,"href":"https:\/\/www.tgrthaber.com\/mavikadin\/wp-json\/wp\/v2\/users\/16"}],"replies":[{"embeddable":true,"href":"https:\/\/www.tgrthaber.com\/mavikadin\/wp-json\/wp\/v2\/comments?post=133910"}],"version-history":[{"count":1,"href":"https:\/\/www.tgrthaber.com\/mavikadin\/wp-json\/wp\/v2\/posts\/133910\/revisions"}],"predecessor-version":[{"id":133914,"href":"https:\/\/www.tgrthaber.com\/mavikadin\/wp-json\/wp\/v2\/posts\/133910\/revisions\/133914"}],"wp:featuredmedia":[{"embeddable":true,"href":"https:\/\/www.tgrthaber.com\/mavikadin\/wp-json\/wp\/v2\/media\/133913"}],"wp:attachment":[{"href":"https:\/\/www.tgrthaber.com\/mavikadin\/wp-json\/wp\/v2\/media?parent=133910"}],"wp:term":[{"taxonomy":"category","embeddable":true,"href":"https:\/\/www.tgrthaber.com\/mavikadin\/wp-json\/wp\/v2\/categories?post=133910"},{"taxonomy":"post_tag","embeddable":true,"href":"https:\/\/www.tgrthaber.com\/mavikadin\/wp-json\/wp\/v2\/tags?post=133910"}],"curies":[{"name":"wp","href":"https:\/\/api.w.org\/{rel}","templated":true}]}}