{"id":133983,"date":"2025-02-14T22:13:52","date_gmt":"2025-02-14T19:13:52","guid":{"rendered":"https:\/\/www.tgrthaber.com\/mavikadin\/?p=133983"},"modified":"2025-02-14T22:47:20","modified_gmt":"2025-02-14T19:47:20","slug":"kadir-ezildi-aska-geldi-sosyal-medya-nisanlisi-gamze-turkmene-ne-aldigini-merak-etti","status":"publish","type":"post","link":"https:\/\/www.tgrthaber.com\/mavikadin\/kadir-ezildi-aska-geldi-sosyal-medya-nisanlisi-gamze-turkmene-ne-aldigini-merak-etti\/","title":{"rendered":"Kadir Ezildi a\u015fka geldi! Sosyal medya ni\u015fanl\u0131s\u0131 Gamze T\u00fcrkmen&#8217;e verdi\u011fi hediyeyi konu\u015fuyor!"},"content":{"rendered":"<p class=\"p2\">\u201cEn Hamarat Benim\u201d program\u0131n\u0131n sevilen sunucusu Kadir Ezildi, k\u0131sa s\u00fcre \u00f6nce ni\u015fanland\u0131\u011f\u0131 Gamze T\u00fcrkmen ile olan mutlu anlar\u0131n\u0131 sosyal medyada payla\u015fmaya devam ediyor. Ge\u00e7ti\u011fimiz g\u00fcnlerde ni\u015fanl\u0131s\u0131n\u0131n mezuniyeti i\u00e7in alt\u0131n tak\u0131lar\u0131yla dikkat \u00e7eken Ezildi\u2019nin, Sevgililer G\u00fcn\u00fc\u2019nde nas\u0131l bir hediye ald\u0131\u011f\u0131 merak konusu oldu. \u00dcnl\u00fc sunucu, bu \u00f6zel g\u00fcne dair duygular\u0131n\u0131 payla\u015f\u0131rken, romantik s\u00f6zleriyle de takip\u00e7ilerinin be\u011fenisini kazand\u0131. Payla\u015f\u0131m\u0131na \u201cHayat\u0131n\u0131zda do\u011fru insan varsa, takvim sizin i\u00e7in her zaman 14 \u015eubat\u2019t\u0131r\u201d notunu ekleyen Ezildi, sosyal medyada binlerce be\u011feni ve yorum ald\u0131.<\/p>\n<h3>KAD\u0130R EZ\u0130LD\u0130 A\u015eKA GELD\u0130! GAMZE T\u00dcRKMEN&#8217;E HED\u0130YES\u0130 MERAK ED\u0130LD\u0130<\/h3>\n<p class=\"p2\">\u201cEn Hamarat Benim\u201d program\u0131n\u0131n sevilen sunucusu <span class=\"s1\">Kadir Ezildi<\/span>, ni\u015fanl\u0131s\u0131 <span class=\"s1\">Gamze T\u00fcrkmen<\/span> ile olan mutlu anlar\u0131n\u0131 sosyal medyada payla\u015fmaya devam ediyor. Ge\u00e7ti\u011fimiz aylarda ni\u015fanl\u0131s\u0131n\u0131n mezuniyetini kutlamak i\u00e7in alt\u0131n tak\u0131lar\u0131yla dikkat \u00e7eken \u00fcnl\u00fc sunucu, <span class=\"s1\">Sevgililer G\u00fcn\u00fc\u2019nde ald\u0131\u011f\u0131 hediyeyle de konu\u015fulmaya ba\u015flad\u0131.<b><\/b><\/span><\/p>\n<p><blockquote class=\"instagram-media\" data-instgrm-captioned data-instgrm-permalink=\"https:\/\/www.instagram.com\/reel\/DGDmReOtrAC\/?utm_source=ig_embed&amp;utm_campaign=loading\" data-instgrm-version=\"14\" style=\" background:#FFF; border:0; border-radius:3px; box-shadow:0 0 1px 0 rgba(0,0,0,0.5),0 1px 10px 0 rgba(0,0,0,0.15); margin: 1px; max-width:540px; min-width:326px; padding:0; width:99.375%; width:-webkit-calc(100% - 2px); width:calc(100% - 2px);\"><div style=\"padding:16px;\"> <a href=\"https:\/\/www.instagram.com\/reel\/DGDmReOtrAC\/?utm_source=ig_embed&amp;utm_campaign=loading\" style=\" background:#FFFFFF; line-height:0; padding:0 0; text-align:center; text-decoration:none; width:100%;\" target=\"_blank\" rel=\"noopener\"> <div style=\" display: flex; flex-direction: row; align-items: center;\"> <div style=\"background-color: #F4F4F4; border-radius: 50%; flex-grow: 0; height: 40px; margin-right: 14px; width: 40px;\"><\/div> <div style=\"display: flex; flex-direction: column; flex-grow: 1; justify-content: center;\"> <div style=\" background-color: #F4F4F4; border-radius: 4px; flex-grow: 0; height: 14px; margin-bottom: 6px; width: 100px;\"><\/div> <div style=\" background-color: #F4F4F4; border-radius: 4px; flex-grow: 0; height: 14px; width: 60px;\"><\/div><\/div><\/div><div style=\"padding: 19% 0;\"><\/div> <div style=\"display:block; height:50px; margin:0 auto 12px; width:50px;\"><svg width=\"50px\" height=\"50px\" viewBox=\"0 0 60 60\" version=\"1.1\" xmlns=\"https:\/\/www.w3.org\/2000\/svg\" xmlns:xlink=\"https:\/\/www.w3.org\/1999\/xlink\"><g stroke=\"none\" stroke-width=\"1\" fill=\"none\" fill-rule=\"evenodd\"><g transform=\"translate(-511.000000, -20.000000)\" fill=\"#000000\"><g><path d=\"M556.869,30.41 C554.814,30.41 553.148,32.076 553.148,34.131 C553.148,36.186 554.814,37.852 556.869,37.852 C558.924,37.852 560.59,36.186 560.59,34.131 C560.59,32.076 558.924,30.41 556.869,30.41 M541,60.657 C535.114,60.657 530.342,55.887 530.342,50 C530.342,44.114 535.114,39.342 541,39.342 C546.887,39.342 551.658,44.114 551.658,50 C551.658,55.887 546.887,60.657 541,60.657 M541,33.886 C532.1,33.886 524.886,41.1 524.886,50 C524.886,58.899 532.1,66.113 541,66.113 C549.9,66.113 557.115,58.899 557.115,50 C557.115,41.1 549.9,33.886 541,33.886 M565.378,62.101 C565.244,65.022 564.756,66.606 564.346,67.663 C563.803,69.06 563.154,70.057 562.106,71.106 C561.058,72.155 560.06,72.803 558.662,73.347 C557.607,73.757 556.021,74.244 553.102,74.378 C549.944,74.521 548.997,74.552 541,74.552 C533.003,74.552 532.056,74.521 528.898,74.378 C525.979,74.244 524.393,73.757 523.338,73.347 C521.94,72.803 520.942,72.155 519.894,71.106 C518.846,70.057 518.197,69.06 517.654,67.663 C517.244,66.606 516.755,65.022 516.623,62.101 C516.479,58.943 516.448,57.996 516.448,50 C516.448,42.003 516.479,41.056 516.623,37.899 C516.755,34.978 517.244,33.391 517.654,32.338 C518.197,30.938 518.846,29.942 519.894,28.894 C520.942,27.846 521.94,27.196 523.338,26.654 C524.393,26.244 525.979,25.756 528.898,25.623 C532.057,25.479 533.004,25.448 541,25.448 C548.997,25.448 549.943,25.479 553.102,25.623 C556.021,25.756 557.607,26.244 558.662,26.654 C560.06,27.196 561.058,27.846 562.106,28.894 C563.154,29.942 563.803,30.938 564.346,32.338 C564.756,33.391 565.244,34.978 565.378,37.899 C565.522,41.056 565.552,42.003 565.552,50 C565.552,57.996 565.522,58.943 565.378,62.101 M570.82,37.631 C570.674,34.438 570.167,32.258 569.425,30.349 C568.659,28.377 567.633,26.702 565.965,25.035 C564.297,23.368 562.623,22.342 560.652,21.575 C558.743,20.834 556.562,20.326 553.369,20.18 C550.169,20.033 549.148,20 541,20 C532.853,20 531.831,20.033 528.631,20.18 C525.438,20.326 523.257,20.834 521.349,21.575 C519.376,22.342 517.703,23.368 516.035,25.035 C514.368,26.702 513.342,28.377 512.574,30.349 C511.834,32.258 511.326,34.438 511.181,37.631 C511.035,40.831 511,41.851 511,50 C511,58.147 511.035,59.17 511.181,62.369 C511.326,65.562 511.834,67.743 512.574,69.651 C513.342,71.625 514.368,73.296 516.035,74.965 C517.703,76.634 519.376,77.658 521.349,78.425 C523.257,79.167 525.438,79.673 528.631,79.82 C531.831,79.965 532.853,80.001 541,80.001 C549.148,80.001 550.169,79.965 553.369,79.82 C556.562,79.673 558.743,79.167 560.652,78.425 C562.623,77.658 564.297,76.634 565.965,74.965 C567.633,73.296 568.659,71.625 569.425,69.651 C570.167,67.743 570.674,65.562 570.82,62.369 C570.966,59.17 571,58.147 571,50 C571,41.851 570.966,40.831 570.82,37.631\"><\/path><\/g><\/g><\/g><\/svg><\/div><div style=\"padding-top: 8px;\"> <div style=\" color:#3897f0; font-family:Arial,sans-serif; font-size:14px; font-style:normal; font-weight:550; line-height:18px;\">View this post on Instagram<\/div><\/div><div style=\"padding: 12.5% 0;\"><\/div> <div style=\"display: flex; flex-direction: row; margin-bottom: 14px; align-items: center;\"><div> <div style=\"background-color: #F4F4F4; border-radius: 50%; height: 12.5px; width: 12.5px; transform: translateX(0px) translateY(7px);\"><\/div> <div style=\"background-color: #F4F4F4; height: 12.5px; transform: rotate(-45deg) translateX(3px) translateY(1px); width: 12.5px; flex-grow: 0; margin-right: 14px; margin-left: 2px;\"><\/div> <div style=\"background-color: #F4F4F4; border-radius: 50%; height: 12.5px; width: 12.5px; transform: translateX(9px) translateY(-18px);\"><\/div><\/div><div style=\"margin-left: 8px;\"> <div style=\" background-color: #F4F4F4; border-radius: 50%; flex-grow: 0; height: 20px; width: 20px;\"><\/div> <div style=\" width: 0; height: 0; border-top: 2px solid transparent; border-left: 6px solid #f4f4f4; border-bottom: 2px solid transparent; transform: translateX(16px) translateY(-4px) rotate(30deg)\"><\/div><\/div><div style=\"margin-left: auto;\"> <div style=\" width: 0px; border-top: 8px solid #F4F4F4; border-right: 8px solid transparent; transform: translateY(16px);\"><\/div> <div style=\" background-color: #F4F4F4; flex-grow: 0; height: 12px; width: 16px; transform: translateY(-4px);\"><\/div> <div style=\" width: 0; height: 0; border-top: 8px solid #F4F4F4; border-left: 8px solid transparent; transform: translateY(-4px) translateX(8px);\"><\/div><\/div><\/div> <div style=\"display: flex; flex-direction: column; flex-grow: 1; justify-content: center; margin-bottom: 24px;\"> <div style=\" background-color: #F4F4F4; border-radius: 4px; flex-grow: 0; height: 14px; margin-bottom: 6px; width: 224px;\"><\/div> <div style=\" background-color: #F4F4F4; border-radius: 4px; flex-grow: 0; height: 14px; width: 144px;\"><\/div><\/div><\/a><p style=\" color:#c9c8cd; font-family:Arial,sans-serif; font-size:14px; line-height:17px; margin-bottom:0; margin-top:8px; overflow:hidden; padding:8px 0 7px; text-align:center; text-overflow:ellipsis; white-space:nowrap;\"><a href=\"https:\/\/www.instagram.com\/reel\/DGDmReOtrAC\/?utm_source=ig_embed&amp;utm_campaign=loading\" style=\" color:#c9c8cd; font-family:Arial,sans-serif; font-size:14px; font-style:normal; font-weight:normal; line-height:17px; text-decoration:none;\" target=\"_blank\" rel=\"noopener\">A post shared by KADI\u0307R EZI\u0307LDI\u0307 (@kadir_ezildi)<\/a><\/p><\/div><\/blockquote>\n<script async src=\"\/\/www.instagram.com\/embed.js\"><\/script><\/p>\n<h3 class=\"p3\"><b>SOSYAL MEDYA PAYLA\u015eIMINA BE\u011eEN\u0130 YA\u011eDI <\/b><\/h3>\n<p class=\"p2\">Sevgililer G\u00fcn\u00fc\u2019n\u00fc romantik bir mesajla kutlayan Ezildi, payla\u015f\u0131m\u0131na <span class=\"s1\">\u201cHayat\u0131n\u0131zda do\u011fru insan varsa, takvim sizin i\u00e7in her zaman 14 \u015eubat\u2019t\u0131r\u201d<\/span> notunu d\u00fc\u015ft\u00fc. K\u0131sa s\u00fcrede binlerce be\u011feni ve yorum alan payla\u015f\u0131m, hayranlar\u0131n\u0131n ilgisini \u00e7ekerken, Kadir Ezildi&#8217;nin ni\u015fanl\u0131s\u0131na ne hediye ald\u0131\u011f\u0131 da merak edilmi\u015fti. 14 \u015fubat Sevgililer G\u00fcn\u00fc ni\u015fanl\u0131s\u0131na y\u00fcz\u00fck hediye eden \u00fcnl\u00fc sunucu,\u00a0 aile yadigar\u0131 gibi duran y\u00fcz\u00fck payla\u015f\u0131m\u0131na, &#8216;Dedem, anannem \u00f6ld\u00fc\u011f\u00fcnde tek g\u00f6z\u00fcm k\u00f6r olsayd\u0131 da, o yan\u0131mda dursayd\u0131 dedi. Kaybetmeden k\u0131ymet vermenin \u00f6nemini o zaman anlad\u0131m&#8217; notunu d\u00fc\u015ft\u00fc. Ezildi&#8217;nin payla\u015f\u0131m\u0131 k\u0131sa s\u00fcre i\u00e7erisinde be\u011feni ve yorum ya\u011fmuruna tutuldu.<\/p>\n<p class=\"p2\"><img loading=\"lazy\" decoding=\"async\" class=\"alignnone wp-image-134002 \" src=\"https:\/\/www.tgrthaber.com\/mavikadin\/wp-content\/uploads\/Ekran-Resmi-2025-02-14-22.46.36.png\" alt=\"\" width=\"940\" height=\"1659\" title=\"\" srcset=\"https:\/\/www.tgrthaber.com\/mavikadin\/wp-content\/uploads\/Ekran-Resmi-2025-02-14-22.46.36.png 604w, https:\/\/www.tgrthaber.com\/mavikadin\/wp-content\/uploads\/Ekran-Resmi-2025-02-14-22.46.36-170x300.png 170w, https:\/\/www.tgrthaber.com\/mavikadin\/wp-content\/uploads\/Ekran-Resmi-2025-02-14-22.46.36-580x1024.png 580w\" sizes=\"(max-width: 940px) 100vw, 940px\" \/><\/p>\n<hr \/>\n<h3 class=\"p3\"><b>N\u0130\u015eANLISINI ALTINA BO\u011eMU\u015eTU\u00a0<\/b><b><\/b><\/h3>\n<p class=\"p2\">Ge\u00e7ti\u011fimiz aylarda ni\u015fanl\u0131s\u0131 <span class=\"s1\">Gamze T\u00fcrkmen\u2019in mezuniyetini kutlamak i\u00e7in<\/span> ald\u0131\u011f\u0131 alt\u0131n tak\u0131larla sosyal medyada g\u00fcndem olan Kadir Ezildi, c\u00f6mertli\u011fiyle dikkat \u00e7ekmi\u015fti. Bu s\u00fcrpriz, takip\u00e7ilerinden farkl\u0131 tepkiler ald\u0131. Kimi kullan\u0131c\u0131lar Ezildi\u2019nin bu jestini <span class=\"s1\">\u201cGer\u00e7ek a\u015fk b\u00f6yle olur\u201d<\/span> diyerek \u00f6verken, baz\u0131lar\u0131 ise <span class=\"s1\">\u201cBu kadar abartmaya gerek var m\u0131?\u201d<\/span> diyerek ele\u015ftirilerini dile getirdi.<\/p>\n<p><img loading=\"lazy\" decoding=\"async\" class=\"alignnone wp-image-133986 size-large\" src=\"https:\/\/www.tgrthaber.com\/mavikadin\/wp-content\/uploads\/Ekran-Resmi-2025-02-14-22.06.49-1024x852.png\" alt=\"\" width=\"1024\" height=\"852\" title=\"\" srcset=\"https:\/\/www.tgrthaber.com\/mavikadin\/wp-content\/uploads\/Ekran-Resmi-2025-02-14-22.06.49-1024x852.png 1024w, https:\/\/www.tgrthaber.com\/mavikadin\/wp-content\/uploads\/Ekran-Resmi-2025-02-14-22.06.49-300x250.png 300w, https:\/\/www.tgrthaber.com\/mavikadin\/wp-content\/uploads\/Ekran-Resmi-2025-02-14-22.06.49-768x639.png 768w, https:\/\/www.tgrthaber.com\/mavikadin\/wp-content\/uploads\/Ekran-Resmi-2025-02-14-22.06.49.png 1250w\" sizes=\"(max-width: 1024px) 100vw, 1024px\" \/><\/p>\n<hr \/>\n<h3>KAD\u0130R EZ\u0130LD\u0130 GAMZE T\u00dcRKMEN EVL\u0130L\u0130K \u0130\u00c7\u0130N G\u00dcN SAYIYOR<\/h3>\n<p class=\"p1\">Sevilen televizyon sunucusu Kadir Ezildi ve ni\u015fanl\u0131s\u0131 Gamze T\u00fcrkmen, hayatlar\u0131n\u0131 birle\u015ftirmeye haz\u0131rlan\u0131yor. Mutlu \u00e7ift, Temmuz ay\u0131nda d\u00fcnyaevine girmek i\u00e7in t\u00fcm detaylar\u0131 titizlikle planl\u0131yor. D\u00fc\u011f\u00fcn haz\u0131rl\u0131klar\u0131 h\u0131zla devam ederken, Ezildi ve T\u00fcrkmen\u2019in yeni yuvalar\u0131 i\u00e7in de b\u00fcy\u00fck bir tadilat s\u00fcrecine girdikleri \u00f6\u011frenildi.<\/p>\n<p><img loading=\"lazy\" decoding=\"async\" class=\"alignnone wp-image-133988 size-large\" src=\"https:\/\/www.tgrthaber.com\/mavikadin\/wp-content\/uploads\/Ekran-Resmi-2025-02-14-22.07.50-1024x784.png\" alt=\"\" width=\"1024\" height=\"784\" title=\"\" srcset=\"https:\/\/www.tgrthaber.com\/mavikadin\/wp-content\/uploads\/Ekran-Resmi-2025-02-14-22.07.50-1024x784.png 1024w, https:\/\/www.tgrthaber.com\/mavikadin\/wp-content\/uploads\/Ekran-Resmi-2025-02-14-22.07.50-300x230.png 300w, https:\/\/www.tgrthaber.com\/mavikadin\/wp-content\/uploads\/Ekran-Resmi-2025-02-14-22.07.50-768x588.png 768w, https:\/\/www.tgrthaber.com\/mavikadin\/wp-content\/uploads\/Ekran-Resmi-2025-02-14-22.07.50.png 1312w\" sizes=\"(max-width: 1024px) 100vw, 1024px\" \/><\/p>\n<hr \/>\n<p class=\"p1\">Ev tadilat\u0131n\u0131n uzun s\u00fcredir devam etti\u011fi ve her detay\u0131n en ince ayr\u0131nt\u0131s\u0131na kadar d\u00fc\u015f\u00fcn\u00fcld\u00fc\u011f\u00fc belirtiliyor. Kadir Ezildi, evinin hem konforlu hem de \u015f\u0131k olmas\u0131 i\u00e7in hi\u00e7bir detay\u0131 atlam\u0131yor.\u00dcnl\u00fc sunucunun ve ni\u015fanl\u0131s\u0131n\u0131n d\u00fc\u011f\u00fcn\u00fcne dair net bir detay payla\u015f\u0131lmasa da, Temmuz ay\u0131nda yap\u0131lmas\u0131 planlanan t\u00f6renin olduk\u00e7a g\u00f6rkemli olaca\u011f\u0131 konu\u015fuluyor.<\/p>\n","protected":false},"excerpt":{"rendered":"<p>Kadir Ezildi, ni\u015fanl\u0131s\u0131 Gamze T\u00fcrkmen ile olan mutlu anlar\u0131n\u0131 payla\u015fmaya devam ediyor. Ge\u00e7ti\u011fimiz g\u00fcnlerde mezuniyet hediyesiyle g\u00fcndeme gelen \u00fcnl\u00fc sunucu, Sevgililer G\u00fcn\u00fc\u2019nde yapt\u0131\u011f\u0131 romantik payla\u015f\u0131m\u0131yla da dikkat \u00e7ekti. Ezildi\u2019nin, bu \u00f6zel g\u00fcn i\u00e7in se\u00e7ti\u011fi hediye de merak konusu oldu. <\/p>\n","protected":false},"author":16,"featured_media":133990,"comment_status":"closed","ping_status":"closed","sticky":false,"template":"","format":"standard","meta":{"rank_math_lock_modified_date":false,"footnotes":""},"categories":[76],"tags":[6226,10991,10990],"class_list":["post-133983","post","type-post","status-publish","format-standard","has-post-thumbnail","hentry","category-magazin","tag-kadir-ezildi-gamze-turkmen","tag-kadir-ezildi-gamze-turkmen-14-subat-hediye","tag-kadir-ezildi-gamze-turkmen-hediye"],"_links":{"self":[{"href":"https:\/\/www.tgrthaber.com\/mavikadin\/wp-json\/wp\/v2\/posts\/133983"}],"collection":[{"href":"https:\/\/www.tgrthaber.com\/mavikadin\/wp-json\/wp\/v2\/posts"}],"about":[{"href":"https:\/\/www.tgrthaber.com\/mavikadin\/wp-json\/wp\/v2\/types\/post"}],"author":[{"embeddable":true,"href":"https:\/\/www.tgrthaber.com\/mavikadin\/wp-json\/wp\/v2\/users\/16"}],"replies":[{"embeddable":true,"href":"https:\/\/www.tgrthaber.com\/mavikadin\/wp-json\/wp\/v2\/comments?post=133983"}],"version-history":[{"count":4,"href":"https:\/\/www.tgrthaber.com\/mavikadin\/wp-json\/wp\/v2\/posts\/133983\/revisions"}],"predecessor-version":[{"id":134003,"href":"https:\/\/www.tgrthaber.com\/mavikadin\/wp-json\/wp\/v2\/posts\/133983\/revisions\/134003"}],"wp:featuredmedia":[{"embeddable":true,"href":"https:\/\/www.tgrthaber.com\/mavikadin\/wp-json\/wp\/v2\/media\/133990"}],"wp:attachment":[{"href":"https:\/\/www.tgrthaber.com\/mavikadin\/wp-json\/wp\/v2\/media?parent=133983"}],"wp:term":[{"taxonomy":"category","embeddable":true,"href":"https:\/\/www.tgrthaber.com\/mavikadin\/wp-json\/wp\/v2\/categories?post=133983"},{"taxonomy":"post_tag","embeddable":true,"href":"https:\/\/www.tgrthaber.com\/mavikadin\/wp-json\/wp\/v2\/tags?post=133983"}],"curies":[{"name":"wp","href":"https:\/\/api.w.org\/{rel}","templated":true}]}}