{"id":134008,"date":"2025-02-14T23:27:41","date_gmt":"2025-02-14T20:27:41","guid":{"rendered":"https:\/\/www.tgrthaber.com\/mavikadin\/?p=134008"},"modified":"2025-02-14T23:27:41","modified_gmt":"2025-02-14T20:27:41","slug":"aydan-sener-en-buyuk-pismanligini-acikladi","status":"publish","type":"post","link":"https:\/\/www.tgrthaber.com\/mavikadin\/aydan-sener-en-buyuk-pismanligini-acikladi\/","title":{"rendered":"Aydan \u015eener en b\u00fcy\u00fck pi\u015fmanl\u0131\u011f\u0131n\u0131 a\u00e7\u0131klad\u0131"},"content":{"rendered":"<p>Eski manken ve T\u00fcrkiye g\u00fczeli Aydan \u015eener, Sibel Arna&#8217;n\u0131n YouTube program\u0131na konuk oldu. 61 ya\u015f\u0131ndaki oyuncu Aydan \u015eener, son olarak Show TV&#8217;nin sevilen dizisi Sand\u0131k Kokusu&#8217;nda yer ald\u0131. YouTube program\u0131nda samimi a\u00e7\u0131klamalarda bulunan \u015eener, en b\u00fcy\u00fck pi\u015fmanl\u0131\u011f\u0131n\u0131 s\u00f6yledi.<\/p>\n<h3>&#8220;HEP G\u00dcZELE TUTKUNUMDUR ZATEN&#8221;<\/h3>\n<p>Sibel Arna&#8217;n\u0131n sordu\u011fu \u201cYe\u015fil\u00e7am&#8217;\u0131n en iddial\u0131 ve k\u00fclt karakterlerinden, oyuncular\u0131ndan Suzan Avc\u0131&#8217;n\u0131n ye\u011fenisiniz. Hocalar\u0131n hocas\u0131, e\u015fi benzeri gelmeyecek bir oyuncu. Nas\u0131l anlat\u0131rs\u0131n\u0131z?\u201d sorusuna cevab\u0131 \u015fu \u015fekilde oldu:<\/p>\n<p>&#8221;Bizim ili\u015fkimiz her zaman \u00e7ok iyidir. \u00c7ocukluk y\u0131llar\u0131mda \u00e7ok hayrand\u0131m. Bursa&#8217;da b\u00fcy\u00fcd\u00fcm ben. Bursa&#8217;ya aile ziyaretlerine gelirdi. Son derece \u015f\u0131k, son derece g\u00fczel. Leoparlar, sa\u00e7lar, makyaj. Hayran hayran seyrederdim. Hep g\u00fczele tutkunumdur zaten. Annem ve o. \u00d6yle hayran hayran seyrederdim. Ben \u0130stanbul&#8217;a geldikten sonra ailem Bursa&#8217;dayken bana o d\u00f6nem \u00e7ok sahip \u00e7\u0131km\u0131\u015ft\u0131r. 19 ya\u015f\u0131nda evlenip \u0130stanbul&#8217;a geldim. Hen\u00fcz \u00c7al\u0131ku\u015fu&#8217;nu \u00e7ekmemi\u015ftim. O iki \u00fc\u00e7 sene, &#8216;ne yap\u0131yorsun evde \u00e7\u0131k gel hadi deyip&#8217; b\u00fct\u00fcn g\u00fcn onlardayd\u0131m. Binnaz, ben, teyzem.&#8221;<\/p>\n<p><img loading=\"lazy\" decoding=\"async\" class=\"alignnone wp-image-134012\" src=\"https:\/\/www.tgrthaber.com\/mavikadin\/wp-content\/uploads\/maxresdefault-2-300x169.jpg\" alt=\"\" width=\"1280\" height=\"720\" title=\"\" srcset=\"https:\/\/www.tgrthaber.com\/mavikadin\/wp-content\/uploads\/maxresdefault-2-300x169.jpg 300w, https:\/\/www.tgrthaber.com\/mavikadin\/wp-content\/uploads\/maxresdefault-2-1024x576.jpg 1024w, https:\/\/www.tgrthaber.com\/mavikadin\/wp-content\/uploads\/maxresdefault-2-768x432.jpg 768w, https:\/\/www.tgrthaber.com\/mavikadin\/wp-content\/uploads\/maxresdefault-2.jpg 1280w\" sizes=\"(max-width: 1280px) 100vw, 1280px\" \/><\/p>\n<hr \/>\n<h3>AYDAN \u015eENER\u2019\u0130N EN B\u00dcY\u00dcK P\u0130\u015eMANLI\u011eI<\/h3>\n<p>1986 y\u0131l\u0131nda yay\u0131nlanan \u00c7al\u0131ku\u015fu dizisinde b\u00fcy\u00fck bir \u00fcne kavu\u015fan Aydan \u015eener\u2019e en b\u00fcy\u00fck pi\u015fmanl\u0131\u011f\u0131 da soruldu. Ye\u015fil\u00e7am\u2019\u0131n bilinen isimlerden olan \u015eener, assolistlik tekliflerini kabul etmedi\u011fi i\u00e7in pi\u015fman olup olmad\u0131\u011f\u0131n\u0131\u00a0dair \u015funlar\u0131 s\u00f6yledi:<\/p>\n<p><img loading=\"lazy\" decoding=\"async\" class=\"alignnone wp-image-134010\" src=\"https:\/\/www.tgrthaber.com\/mavikadin\/wp-content\/uploads\/Aydan-Sener-1-300x176.webp\" alt=\"\" width=\"1280\" height=\"753\" title=\"\" srcset=\"https:\/\/www.tgrthaber.com\/mavikadin\/wp-content\/uploads\/Aydan-Sener-1-300x176.webp 300w, https:\/\/www.tgrthaber.com\/mavikadin\/wp-content\/uploads\/Aydan-Sener-1-1024x602.webp 1024w, https:\/\/www.tgrthaber.com\/mavikadin\/wp-content\/uploads\/Aydan-Sener-1-768x452.webp 768w, https:\/\/www.tgrthaber.com\/mavikadin\/wp-content\/uploads\/Aydan-Sener-1-1536x904.webp 1536w, https:\/\/www.tgrthaber.com\/mavikadin\/wp-content\/uploads\/Aydan-Sener-1.webp 1700w\" sizes=\"(max-width: 1280px) 100vw, 1280px\" \/><\/p>\n<hr \/>\n<p>&#8220;\u00c7ok teklif geldi. Assolistlik pek bana g\u00f6re bir \u015fey de\u011fil. Gazino ortam\u0131, masaya gelenler, gidenler. \u0130\u00e7kili ortamlar falan. Oradan biri bana tak\u0131l\u0131r m\u0131, takar m\u0131, \u00f6yle mi olur, b\u00f6yle mi olur derken onun i\u00e7in de kabul etmedim. Yoksa \u00e7ok fena bir sesim yoktu. Muhte\u015fem bir sesim de yoktur ama s\u00f6yleyebilirdim, yapabilirdim. Sahneye de yak\u0131\u015faca\u011f\u0131m\u0131 d\u00fc\u015f\u00fcn\u00fcyorum. O zaman ben oyuncuyum, yapmayaca\u011f\u0131m diye d\u00fc\u015f\u00fcnd\u00fcm. Fakat \u015fimdi d\u00f6n\u00fcp bakt\u0131\u011f\u0131mda belki daha butik i\u015fler, belki bir kaset \u00e7\u0131karabilirdim o d\u00f6nem<\/p>\n<p>\u00d6te yandan Arna&#8217;n\u0131n \u201cKe\u015fke bir deneseydim diyorsunuz?\u201d sorusuna \u201cEvet diyorum\u201d \u015feklinde cevap verdi.<\/p>\n<p>&nbsp;<\/p>\n","protected":false},"excerpt":{"rendered":"<p>\u00dcnl\u00fc oyuncu Aydan \u015eener, kat\u0131ld\u0131\u011f\u0131 bir programda dikkat \u00e7eken a\u00e7\u0131klamalarda bulundu. \u0130\u015fte Ye\u015fil\u00e7am&#8217;\u0131n usta isimlerin biri olan Aydan \u015eener\u2019in o pi\u015fmanl\u0131\u011f\u0131&#8230;<\/p>\n","protected":false},"author":33,"featured_media":134011,"comment_status":"closed","ping_status":"closed","sticky":false,"template":"","format":"standard","meta":{"rank_math_lock_modified_date":false,"footnotes":""},"categories":[76],"tags":[10994,10995],"class_list":["post-134008","post","type-post","status-publish","format-standard","has-post-thumbnail","hentry","category-magazin","tag-aydan-sener-kimdir","tag-aydan-sener-pismanligi"],"_links":{"self":[{"href":"https:\/\/www.tgrthaber.com\/mavikadin\/wp-json\/wp\/v2\/posts\/134008"}],"collection":[{"href":"https:\/\/www.tgrthaber.com\/mavikadin\/wp-json\/wp\/v2\/posts"}],"about":[{"href":"https:\/\/www.tgrthaber.com\/mavikadin\/wp-json\/wp\/v2\/types\/post"}],"author":[{"embeddable":true,"href":"https:\/\/www.tgrthaber.com\/mavikadin\/wp-json\/wp\/v2\/users\/33"}],"replies":[{"embeddable":true,"href":"https:\/\/www.tgrthaber.com\/mavikadin\/wp-json\/wp\/v2\/comments?post=134008"}],"version-history":[{"count":1,"href":"https:\/\/www.tgrthaber.com\/mavikadin\/wp-json\/wp\/v2\/posts\/134008\/revisions"}],"predecessor-version":[{"id":134015,"href":"https:\/\/www.tgrthaber.com\/mavikadin\/wp-json\/wp\/v2\/posts\/134008\/revisions\/134015"}],"wp:featuredmedia":[{"embeddable":true,"href":"https:\/\/www.tgrthaber.com\/mavikadin\/wp-json\/wp\/v2\/media\/134011"}],"wp:attachment":[{"href":"https:\/\/www.tgrthaber.com\/mavikadin\/wp-json\/wp\/v2\/media?parent=134008"}],"wp:term":[{"taxonomy":"category","embeddable":true,"href":"https:\/\/www.tgrthaber.com\/mavikadin\/wp-json\/wp\/v2\/categories?post=134008"},{"taxonomy":"post_tag","embeddable":true,"href":"https:\/\/www.tgrthaber.com\/mavikadin\/wp-json\/wp\/v2\/tags?post=134008"}],"curies":[{"name":"wp","href":"https:\/\/api.w.org\/{rel}","templated":true}]}}