{"id":134041,"date":"2025-02-15T09:21:48","date_gmt":"2025-02-15T06:21:48","guid":{"rendered":"https:\/\/www.tgrthaber.com\/mavikadin\/?p=134041"},"modified":"2025-02-15T11:58:03","modified_gmt":"2025-02-15T08:58:03","slug":"unlu-sanatci-kahtali-mice-oldu-mu-kizi-aci-haberi-duyurdu","status":"publish","type":"post","link":"https:\/\/www.tgrthaber.com\/mavikadin\/unlu-sanatci-kahtali-mice-oldu-mu-kizi-aci-haberi-duyurdu\/","title":{"rendered":"\u00dcnl\u00fc sanat\u00e7\u0131 Kahtal\u0131 M\u0131\u00e7e \u00f6ld\u00fc m\u00fc? Sevenlerine en son b\u00f6yle seslenmi\u015fti"},"content":{"rendered":"<p>Kahtal\u0131 M\u0131\u00e7e ismiyle bilinen Mustafa Aslan\u2019\u0131n sa\u011fl\u0131k durumu merak ediliyor. Uzun bir s\u00fcredir Antalya&#8217;da tedavi alt\u0131nda olan \u00fcnl\u00fc isimden ac\u0131 haber geldi.<\/p>\n<h3>KAHTALI MI\u00c7E \u00d6LD\u00dc M\u00dc?<\/h3>\n<p>Sevenlerinden bol bol dua isteyen Kahtal\u0131 M\u0131\u00e7e\u2019nin vefat etti\u011fini k\u0131z\u0131 duyurdu. Antalya\u2019da tedavi g\u00f6ren \u00fcnl\u00fc sanat\u00e7\u0131 yap\u0131lan tedavilere ra\u011fmen kurtar\u0131lamad\u0131. T\u00fcrk Halk M\u00fczi\u011fi&#8217;nin ba\u015far\u0131l\u0131 isimleri aras\u0131nda yer alan Mustafa Aslan sahne ad\u0131yla Kahtal\u0131 M\u0131\u00e7e, Antalya\u2019da hastal\u0131\u011f\u0131 nedeniyle hayat\u0131n\u0131 kaybetti.<\/p>\n<p><img loading=\"lazy\" decoding=\"async\" class=\"alignnone wp-image-134042\" src=\"https:\/\/www.tgrthaber.com\/mavikadin\/wp-content\/uploads\/Kahtali-Mice-1.jpg\" alt=\"\" width=\"1208\" height=\"680\" title=\"\" srcset=\"https:\/\/www.tgrthaber.com\/mavikadin\/wp-content\/uploads\/Kahtali-Mice-1.jpg 1920w, https:\/\/www.tgrthaber.com\/mavikadin\/wp-content\/uploads\/Kahtali-Mice-1-300x169.jpg 300w, https:\/\/www.tgrthaber.com\/mavikadin\/wp-content\/uploads\/Kahtali-Mice-1-1024x576.jpg 1024w, https:\/\/www.tgrthaber.com\/mavikadin\/wp-content\/uploads\/Kahtali-Mice-1-768x432.jpg 768w, https:\/\/www.tgrthaber.com\/mavikadin\/wp-content\/uploads\/Kahtali-Mice-1-1536x864.jpg 1536w\" sizes=\"(max-width: 1208px) 100vw, 1208px\" \/><\/p>\n<hr \/>\n<h3>KAHTALI MI\u00c7E SEVENLER\u0130NE B\u00d6YLE SESLENM\u0130\u015eT\u0130<\/h3>\n<p>Kahtal\u0131 M\u0131\u00e7e g\u0131rtlak kanseri oldu\u011fu hakk\u0131ndaki iddialara \u015fu s\u00f6zlerle cevap vermi\u015fti:\u00a0 \u201cBeni seven sevgili dinleyicilerim, son g\u00fcnlerde sosyal medyada hakk\u0131mda yanl\u0131\u015f bilgiler yay\u0131l\u0131yor. G\u0131rtlak kanseri oldu\u011fuma dair \u00e7\u0131kan haberler as\u0131ls\u0131zd\u0131r. Evet, biraz rahats\u0131z\u0131m ama g\u0131rtlak kanseri de\u011filim. \u0130ki tane kitle var ince ba\u011f\u0131rsa\u011f\u0131m\u0131n \u00fczerinde. Onun tedavisini ve kemoterapisini g\u00f6r\u00fcyorum. Gayet iyiyim, tedavi nedeniyle biraz h\u0131rpaland\u0131m ama bu normal bir s\u00fcre\u00e7. Sevenlerim, dostlar\u0131m ve akrabalar\u0131m benim i\u00e7in endi\u015feleniyor, herkese sevgilerimi g\u00f6nderiyorum\u201d<\/p>\n<div style=\"width: 640px;\" class=\"wp-video\"><!--[if lt IE 9]><script>document.createElement('video');<\/script><![endif]-->\n<video class=\"wp-video-shortcode\" id=\"video-134041-1\" width=\"640\" height=\"640\" preload=\"metadata\" controls=\"controls\"><source type=\"video\/mp4\" src=\"https:\/\/www.tgrthaber.com\/mavikadin\/wp-content\/uploads\/Sari-ve-Mavi-Fotografli-Gunaydin-Temali-Instagram-Gonderisi-22.mp4?_=1\" \/><a href=\"https:\/\/www.tgrthaber.com\/mavikadin\/wp-content\/uploads\/Sari-ve-Mavi-Fotografli-Gunaydin-Temali-Instagram-Gonderisi-22.mp4\">https:\/\/www.tgrthaber.com\/mavikadin\/wp-content\/uploads\/Sari-ve-Mavi-Fotografli-Gunaydin-Temali-Instagram-Gonderisi-22.mp4<\/a><\/video><\/div>\n<hr \/>\n<h3>VEFAT HABER\u0130N\u0130 KIZI PAYLA\u015eTI<\/h3>\n<p>Kahtal\u0131 M\u0131\u00e7e\u2019nin k\u0131z\u0131 Venda Altunta\u015f 72 ya\u015f\u0131ndaki sanat\u00e7\u0131 i\u00e7in sosyal medya hesab\u0131ndan &#8220;\u00c7ok \u00fczg\u00fcn\u00fcz&#8221; notuyla babas\u0131n\u0131 kaybetti\u011fini duyurdu. \u00dcnl\u00fc sanat\u00e7\u0131 Kahtal\u0131 M\u0131\u00e7e\u2019nin naa\u015f\u0131n\u0131n pazar g\u00fcn\u00fc memleketi Ad\u0131yaman&#8217;a g\u00f6t\u00fcr\u00fclece\u011fi \u00f6\u011frenildi. Sanat\u00e7\u0131n\u0131n cenazesi Kahta&#8217;da \u00f6\u011fle namaz\u0131nda m\u00fcteakip son yolculu\u011funa u\u011furlanacak.<\/p>\n<p><img loading=\"lazy\" decoding=\"async\" class=\"alignnone wp-image-134043\" src=\"https:\/\/www.tgrthaber.com\/mavikadin\/wp-content\/uploads\/Kahtali-Mice-4-1.jpg\" alt=\"\" width=\"1208\" height=\"680\" title=\"\" srcset=\"https:\/\/www.tgrthaber.com\/mavikadin\/wp-content\/uploads\/Kahtali-Mice-4-1.jpg 1920w, https:\/\/www.tgrthaber.com\/mavikadin\/wp-content\/uploads\/Kahtali-Mice-4-1-300x169.jpg 300w, https:\/\/www.tgrthaber.com\/mavikadin\/wp-content\/uploads\/Kahtali-Mice-4-1-1024x576.jpg 1024w, https:\/\/www.tgrthaber.com\/mavikadin\/wp-content\/uploads\/Kahtali-Mice-4-1-768x432.jpg 768w, https:\/\/www.tgrthaber.com\/mavikadin\/wp-content\/uploads\/Kahtali-Mice-4-1-1536x864.jpg 1536w\" sizes=\"(max-width: 1208px) 100vw, 1208px\" \/><\/p>\n<hr \/>\n<h3>KAHTALI MI\u00c7E K\u0130MD\u0130R?<\/h3>\n<p>Ger\u00e7ek ad\u0131 Mustafa Aslan olan Kahtal\u0131 M\u0131\u00e7e 1953 y\u0131l\u0131nda Ad\u0131yaman&#8217;\u0131n Kahta il\u00e7esinde d\u00fcnyaya geldi. Kahta Kubilay \u0130lkokulu\u2019nda ilkokulu tamamlayan Kahtal\u0131 M\u0131\u00e7e pamuk tarlas\u0131nda \u00e7al\u0131\u015fmak zorunda oldu\u011fu i\u00e7in ilkokul e\u011fitimini tam 9 y\u0131lda tamamlamak zorunda kald\u0131. Ortaokul diplomas\u0131n\u0131 d\u0131\u015fardan s\u0131navlara girerek alan \u00fcnl\u00fc isim 17 ya\u015f\u0131ndan beri Kahta\u2019da t\u00fcrk\u00fcc\u00fc kimli\u011fi ile d\u00fc\u011f\u00fcn ve konserlerde sahne ald\u0131.<\/p>\n<p><img loading=\"lazy\" decoding=\"async\" class=\"alignnone wp-image-130561\" src=\"https:\/\/www.tgrthaber.com\/mavikadin\/wp-content\/uploads\/Kahtali-Mice-3.jpg\" alt=\"\" width=\"1208\" height=\"680\" title=\"\" srcset=\"https:\/\/www.tgrthaber.com\/mavikadin\/wp-content\/uploads\/Kahtali-Mice-3.jpg 1920w, https:\/\/www.tgrthaber.com\/mavikadin\/wp-content\/uploads\/Kahtali-Mice-3-300x169.jpg 300w, https:\/\/www.tgrthaber.com\/mavikadin\/wp-content\/uploads\/Kahtali-Mice-3-1024x576.jpg 1024w, https:\/\/www.tgrthaber.com\/mavikadin\/wp-content\/uploads\/Kahtali-Mice-3-768x432.jpg 768w, https:\/\/www.tgrthaber.com\/mavikadin\/wp-content\/uploads\/Kahtali-Mice-3-1536x864.jpg 1536w\" sizes=\"(max-width: 1208px) 100vw, 1208px\" \/><\/p>\n<hr \/>\n<p>Okulu bitiren Kahtal\u0131 M\u0131\u00e7e Beden Terbiyesi \u0130l M\u00fcd\u00fcrl\u00fc\u011f\u00fc\u2019nde i\u015fe girdi. 1989-1990 y\u0131llar\u0131nda Gaziantep\u2019te ya\u015fam\u0131n\u0131 devam ettiren \u00fcnl\u00fc isim 1991\u2019de \u0130stanbul\u2019a g\u00f6\u00e7 etti. \u0130stanbul\u2019da bir s\u00fcre ya\u015fad\u0131ktan sonra \u015eanl\u0131urfa\u2019ya yerle\u015fti. Kahtal\u0131 M\u0131\u00e7e, Ahmet Sezgin, Nuri Sesig\u00fczel, Mahsuni \u015eerif ve Sami Kasap gibi \u00f6nemli sanat\u00e7\u0131lar\u0131n eserlerini seslendirdi.<\/p>\n<p>&nbsp;<\/p>\n","protected":false},"excerpt":{"rendered":"<p>Kahtal\u0131 M\u0131\u00e7e \u00f6ld\u00fc m\u00fc? arama motorlar\u0131nda arat\u0131lmaya ba\u015fland\u0131. Sa\u011fl\u0131k sorunlar\u0131 nedeniyle tedavi g\u00f6ren \u00fcnl\u00fc \u015fark\u0131c\u0131n\u0131n sa\u011fl\u0131k durumu merak edildi.<\/p>\n","protected":false},"author":5,"featured_media":134044,"comment_status":"closed","ping_status":"closed","sticky":false,"template":"","format":"standard","meta":{"rank_math_lock_modified_date":false,"footnotes":""},"categories":[76],"tags":[10184,11004],"class_list":["post-134041","post","type-post","status-publish","format-standard","has-post-thumbnail","hentry","category-magazin","tag-kahtali-mice","tag-mustafa-aslan"],"_links":{"self":[{"href":"https:\/\/www.tgrthaber.com\/mavikadin\/wp-json\/wp\/v2\/posts\/134041"}],"collection":[{"href":"https:\/\/www.tgrthaber.com\/mavikadin\/wp-json\/wp\/v2\/posts"}],"about":[{"href":"https:\/\/www.tgrthaber.com\/mavikadin\/wp-json\/wp\/v2\/types\/post"}],"author":[{"embeddable":true,"href":"https:\/\/www.tgrthaber.com\/mavikadin\/wp-json\/wp\/v2\/users\/5"}],"replies":[{"embeddable":true,"href":"https:\/\/www.tgrthaber.com\/mavikadin\/wp-json\/wp\/v2\/comments?post=134041"}],"version-history":[{"count":6,"href":"https:\/\/www.tgrthaber.com\/mavikadin\/wp-json\/wp\/v2\/posts\/134041\/revisions"}],"predecessor-version":[{"id":134138,"href":"https:\/\/www.tgrthaber.com\/mavikadin\/wp-json\/wp\/v2\/posts\/134041\/revisions\/134138"}],"wp:featuredmedia":[{"embeddable":true,"href":"https:\/\/www.tgrthaber.com\/mavikadin\/wp-json\/wp\/v2\/media\/134044"}],"wp:attachment":[{"href":"https:\/\/www.tgrthaber.com\/mavikadin\/wp-json\/wp\/v2\/media?parent=134041"}],"wp:term":[{"taxonomy":"category","embeddable":true,"href":"https:\/\/www.tgrthaber.com\/mavikadin\/wp-json\/wp\/v2\/categories?post=134041"},{"taxonomy":"post_tag","embeddable":true,"href":"https:\/\/www.tgrthaber.com\/mavikadin\/wp-json\/wp\/v2\/tags?post=134041"}],"curies":[{"name":"wp","href":"https:\/\/api.w.org\/{rel}","templated":true}]}}