{"id":134127,"date":"2025-02-15T13:02:01","date_gmt":"2025-02-15T10:02:01","guid":{"rendered":"https:\/\/www.tgrthaber.com\/mavikadin\/?p=134127"},"modified":"2025-02-15T13:20:27","modified_gmt":"2025-02-15T10:20:27","slug":"fenomen-ragip-narinin-annesi-agizlari-acik-birakti-ikiliyi-gorenler-sevgili-sandi","status":"publish","type":"post","link":"https:\/\/www.tgrthaber.com\/mavikadin\/fenomen-ragip-narinin-annesi-agizlari-acik-birakti-ikiliyi-gorenler-sevgili-sandi\/","title":{"rendered":"Fenomen Rag\u0131b Narin\u2019in annesi a\u011f\u0131zlar\u0131 a\u00e7\u0131k b\u0131rakt\u0131! \u0130kiliyi g\u00f6renler sevgili sand\u0131"},"content":{"rendered":"<p>Sosyal medyan\u0131n sevilen isimlerinden biri olan fenomen Rag\u0131p Narin, annesiyle birlikte 14 \u015eubat Sevgililer G\u00fcn\u00fc yapt\u0131\u011f\u0131 payla\u015f\u0131mla g\u00fcndeme geldi. Yak\u0131\u015f\u0131kl\u0131l\u0131\u011f\u0131 ve karizmatik duru\u015fuyla tan\u0131nan Rag\u0131p Narin, annesiyle birlikte oldu\u011fu bir video yay\u0131nlayarak herkesin dikkatini \u00e7ekti. Takip\u00e7ilerini \u015fa\u015f\u0131rtan \u00fcnl\u00fc fenomenin annesiyle olan g\u00f6r\u00fcnt\u00fcleri oldu.<\/p>\n<h3><strong>\u0130K\u0130L\u0130Y\u0130 G\u00d6RENLER SANDI<\/strong><\/h3>\n<p>Rag\u0131p Narin, sosyal medyada fenomen olarak i\u00e7erik \u00fcreten bir isim olarak kar\u015f\u0131m\u0131za \u00e7\u0131k\u0131yor. G\u00fcnl\u00fck ya\u015fant\u0131s\u0131n\u0131, seyahatlerini ve \u00f6zel anlar\u0131n\u0131 s\u0131k s\u0131k takip\u00e7ileriyle payla\u015fan fenomen, bu kez annesiyle Sevgililer G\u00fcn\u00fc\u2019nde yapt\u0131\u011f\u0131 payla\u015f\u0131mla takip\u00e7ilerini \u015fa\u015f\u0131rtt\u0131.<\/p>\n<div style=\"width: 640px;\" class=\"wp-video\"><!--[if lt IE 9]><script>document.createElement('video');<\/script><![endif]-->\n<video class=\"wp-video-shortcode\" id=\"video-134127-1\" width=\"640\" height=\"640\" preload=\"metadata\" controls=\"controls\"><source type=\"video\/mp4\" src=\"https:\/\/www.tgrthaber.com\/mavikadin\/wp-content\/uploads\/ragib-narin.mp4?_=1\" \/><a href=\"https:\/\/www.tgrthaber.com\/mavikadin\/wp-content\/uploads\/ragib-narin.mp4\">https:\/\/www.tgrthaber.com\/mavikadin\/wp-content\/uploads\/ragib-narin.mp4<\/a><\/video><\/div>\n<p>Gen\u00e7 ve olduk\u00e7a fit g\u00f6r\u00fcnen Muna Narin, o\u011flunun yapt\u0131\u011f\u0131 payla\u015f\u0131mla merak edildi. Gen\u00e7 ve dinamik bir g\u00f6r\u00fcm\u00fcne sahip olmas\u0131, onlar\u0131 g\u00f6renleri onlar\u0131 sevgili sand\u0131. Sosyal medyada h\u0131zla yay\u0131lan bu g\u00f6r\u00fcnt\u00fcler, takip\u00e7ileri taraf\u0131ndan \u201cBu ger\u00e7ekten annesi mi?\u201d sorular\u0131na yol a\u00e7t\u0131.<\/p>\n<p><img loading=\"lazy\" decoding=\"async\" class=\"wp-image-134143\" src=\"https:\/\/www.tgrthaber.com\/mavikadin\/wp-content\/uploads\/ragip-1-1024x576.jpg\" alt=\"ragib narin\" width=\"1208\" height=\"680\" title=\"\" srcset=\"https:\/\/www.tgrthaber.com\/mavikadin\/wp-content\/uploads\/ragip-1-1024x576.jpg 1024w, https:\/\/www.tgrthaber.com\/mavikadin\/wp-content\/uploads\/ragip-1-300x169.jpg 300w, https:\/\/www.tgrthaber.com\/mavikadin\/wp-content\/uploads\/ragip-1-768x432.jpg 768w, https:\/\/www.tgrthaber.com\/mavikadin\/wp-content\/uploads\/ragip-1-1536x864.jpg 1536w, https:\/\/www.tgrthaber.com\/mavikadin\/wp-content\/uploads\/ragip-1.jpg 1600w\" sizes=\"(max-width: 1208px) 100vw, 1208px\" \/><\/p>\n<hr \/>\n<h3><strong>G\u00dcZELL\u0130\u011e\u0130YLE FENOMEN ANNES\u0130 OLMAK<\/strong><\/h3>\n<p>Sosyal medyada s\u0131k s\u0131k aileleriyle payla\u015f\u0131mlar yapan fenomenler aras\u0131nda Rag\u0131p Narin\u2019in annesi de dikkat \u00e7eken isimlerden biri oldu. Gen\u00e7 ve g\u00fczel g\u00f6r\u00fcn\u00fcm\u00fcyle o\u011flunun takip\u00e7ileri taraf\u0131ndan merak edilen Muna Narin, bu g\u00fczelli\u011finin s\u0131rr\u0131n\u0131 sa\u011fl\u0131kl\u0131 beslenme, d\u00fczenli spor ve pozitif d\u00fc\u015f\u00fcnce ile oldu\u011funu s\u00f6yledi. Rag\u0131p Narin ve annesi, sadece fiziksel benzerlikleriyle de\u011fil, enerjik ve samimi tav\u0131rlar\u0131yla da b\u00fcy\u00fck be\u011feni toplad\u0131.<\/p>\n<p><img loading=\"lazy\" decoding=\"async\" class=\"wp-image-134153\" src=\"https:\/\/www.tgrthaber.com\/mavikadin\/wp-content\/uploads\/haber-gorselleri-fotoshop-4-1024x576.jpg\" alt=\"ragib narin \" width=\"1208\" height=\"680\" title=\"\" srcset=\"https:\/\/www.tgrthaber.com\/mavikadin\/wp-content\/uploads\/haber-gorselleri-fotoshop-4-1024x576.jpg 1024w, https:\/\/www.tgrthaber.com\/mavikadin\/wp-content\/uploads\/haber-gorselleri-fotoshop-4-300x169.jpg 300w, https:\/\/www.tgrthaber.com\/mavikadin\/wp-content\/uploads\/haber-gorselleri-fotoshop-4-768x432.jpg 768w, https:\/\/www.tgrthaber.com\/mavikadin\/wp-content\/uploads\/haber-gorselleri-fotoshop-4-1536x864.jpg 1536w, https:\/\/www.tgrthaber.com\/mavikadin\/wp-content\/uploads\/haber-gorselleri-fotoshop-4.jpg 1600w\" sizes=\"(max-width: 1208px) 100vw, 1208px\" \/><\/p>\n<hr \/>\n<h3><strong>RAGIB NAR\u0130N K\u0130MD\u0130R<\/strong><\/h3>\n<p>M\u00fczik sahnesinin gen\u00e7 yeteneklerinden biri olan Rag\u0131b Narin, spor ve m\u00fczik tutkusunu harmanlayan ba\u015far\u0131l\u0131 bir sanat\u00e7\u0131 olarak dikkat \u00e7ekiyor. Hem futbol kariyeri hem de m\u00fczik yolculu\u011fuyla ilham verici bir hik\u00e2yeye sahip olan Narin, k\u0131sa s\u00fcrede geni\u015f bir dinleyici kitlesine ula\u015fmay\u0131 ba\u015fard\u0131. 1996 y\u0131l\u0131nda Hatay\u2019da d\u00fcnyaya gelen Rag\u0131b Narin, k\u00fc\u00e7\u00fck ya\u015flardan itibaren hem spora hem de sanata ilgi duydu. \u00d6zellikle futbol konusunda yetenekli olan Narin, lisansl\u0131 bir futbolcu olarak Hatayspor ve Mersin \u0130dman Yurdu gibi kul\u00fcplerde forma giydi. 2019 y\u0131l\u0131nda m\u00fczik piyasas\u0131na ad\u0131m atarak \u201cSevda \u00c7i\u00e7e\u011fi\u201d adl\u0131 \u015fark\u0131s\u0131n\u0131 yay\u0131nlad\u0131.<\/p>\n<p><img loading=\"lazy\" decoding=\"async\" class=\"wp-image-134144\" src=\"https:\/\/www.tgrthaber.com\/mavikadin\/wp-content\/uploads\/ragip-2-1024x576.jpg\" alt=\"\" width=\"1208\" height=\"680\" title=\"\" srcset=\"https:\/\/www.tgrthaber.com\/mavikadin\/wp-content\/uploads\/ragip-2-1024x576.jpg 1024w, https:\/\/www.tgrthaber.com\/mavikadin\/wp-content\/uploads\/ragip-2-300x169.jpg 300w, https:\/\/www.tgrthaber.com\/mavikadin\/wp-content\/uploads\/ragip-2-768x432.jpg 768w, https:\/\/www.tgrthaber.com\/mavikadin\/wp-content\/uploads\/ragip-2-1536x864.jpg 1536w, https:\/\/www.tgrthaber.com\/mavikadin\/wp-content\/uploads\/ragip-2.jpg 1600w\" sizes=\"(max-width: 1208px) 100vw, 1208px\" \/><\/p>\n<hr \/>\n<p>Kendi yazd\u0131\u011f\u0131 bu \u015fark\u0131, k\u0131sa s\u00fcrede milyonlarca dinlenmeye ula\u015ft\u0131 ve onun m\u00fczik kariyerinde \u00f6nemli bir d\u00f6n\u00fcm noktas\u0131 oldu. Rag\u0131b Narin, yaln\u0131zca m\u00fczik \u00fcretmekle kalmay\u0131p sosyal medya platformlar\u0131nda da aktif bir isim haline geldi. Instagram ve TikTok\u2019ta geni\u015f bir takip\u00e7i kitlesine ula\u015farak dinleyicileriyle do\u011frudan ileti\u015fim kurmaya ba\u015flad\u0131. \u00d6zellikle Arap m\u00fczi\u011fiyle harmanlad\u0131\u011f\u0131 eserleri hem T\u00fcrkiye\u2019de hem de yurtd\u0131\u015f\u0131nda b\u00fcy\u00fck ilgi g\u00f6rd\u00fc.<\/p>\n","protected":false},"excerpt":{"rendered":"<p>Sosyal medyan\u0131n sevilen isimlerinden biri olan fenomen Rag\u0131p Narin, annesiyle birlikte 14 \u015eubat Sevgililer G\u00fcn\u00fc yapt\u0131\u011f\u0131 payla\u015f\u0131mla g\u00fcndeme geldi. Yak\u0131\u015f\u0131kl\u0131l\u0131\u011f\u0131 ve karizmatik duru\u015fuyla tan\u0131nan Rag\u0131p Narin, annesiyle birlikte oldu\u011fu bir video yay\u0131nlayarak herkesin dikkatini \u00e7ekti. Takip\u00e7ilerini \u015fa\u015f\u0131rtan \u00fcnl\u00fc fenomenin annesiyle olan g\u00f6r\u00fcnt\u00fcleri oldu. \u0130K\u0130L\u0130Y\u0130 G\u00d6RENLER SANDI Rag\u0131p Narin, sosyal medyada fenomen olarak i\u00e7erik \u00fcreten bir [&hellip;]<\/p>\n","protected":false},"author":34,"featured_media":134142,"comment_status":"closed","ping_status":"closed","sticky":false,"template":"","format":"standard","meta":{"rank_math_lock_modified_date":false,"footnotes":""},"categories":[76],"tags":[6446,11014,11015],"class_list":["post-134127","post","type-post","status-publish","format-standard","has-post-thumbnail","hentry","category-magazin","tag-ragib-narin","tag-ragib-narin-annesi","tag-ragib-narin-kimdir"],"_links":{"self":[{"href":"https:\/\/www.tgrthaber.com\/mavikadin\/wp-json\/wp\/v2\/posts\/134127"}],"collection":[{"href":"https:\/\/www.tgrthaber.com\/mavikadin\/wp-json\/wp\/v2\/posts"}],"about":[{"href":"https:\/\/www.tgrthaber.com\/mavikadin\/wp-json\/wp\/v2\/types\/post"}],"author":[{"embeddable":true,"href":"https:\/\/www.tgrthaber.com\/mavikadin\/wp-json\/wp\/v2\/users\/34"}],"replies":[{"embeddable":true,"href":"https:\/\/www.tgrthaber.com\/mavikadin\/wp-json\/wp\/v2\/comments?post=134127"}],"version-history":[{"count":2,"href":"https:\/\/www.tgrthaber.com\/mavikadin\/wp-json\/wp\/v2\/posts\/134127\/revisions"}],"predecessor-version":[{"id":134158,"href":"https:\/\/www.tgrthaber.com\/mavikadin\/wp-json\/wp\/v2\/posts\/134127\/revisions\/134158"}],"wp:featuredmedia":[{"embeddable":true,"href":"https:\/\/www.tgrthaber.com\/mavikadin\/wp-json\/wp\/v2\/media\/134142"}],"wp:attachment":[{"href":"https:\/\/www.tgrthaber.com\/mavikadin\/wp-json\/wp\/v2\/media?parent=134127"}],"wp:term":[{"taxonomy":"category","embeddable":true,"href":"https:\/\/www.tgrthaber.com\/mavikadin\/wp-json\/wp\/v2\/categories?post=134127"},{"taxonomy":"post_tag","embeddable":true,"href":"https:\/\/www.tgrthaber.com\/mavikadin\/wp-json\/wp\/v2\/tags?post=134127"}],"curies":[{"name":"wp","href":"https:\/\/api.w.org\/{rel}","templated":true}]}}