{"id":134155,"date":"2025-02-15T13:11:43","date_gmt":"2025-02-15T10:11:43","guid":{"rendered":"https:\/\/www.tgrthaber.com\/mavikadin\/?p=134155"},"modified":"2025-02-15T16:07:22","modified_gmt":"2025-02-15T13:07:22","slug":"can-borcu-dizisinin-atesi-melih-kirkbir-kimdir-oyuncunun-yasi-ve-kariyeri-arastiriliyor","status":"publish","type":"post","link":"https:\/\/www.tgrthaber.com\/mavikadin\/can-borcu-dizisinin-atesi-melih-kirkbir-kimdir-oyuncunun-yasi-ve-kariyeri-arastiriliyor\/","title":{"rendered":"Can Borcu dizisinin Ate\u015f\u2019i Melih K\u0131rkbir kimdir? Oyuncunun ya\u015f\u0131 ve kariyeri ara\u015ft\u0131r\u0131l\u0131yor"},"content":{"rendered":"<p>ATV ekranlar\u0131n\u0131n b\u00fcy\u00fck bir merakla takip edilen dizisi Can Borcu, t\u00fcm h\u0131z\u0131yla yay\u0131nlanmaya devam ediyor. Yay\u0131nland\u0131\u011f\u0131 ilk g\u00fcnden bu yana izleyicileri ekran ba\u015f\u0131na kilitleyen dizi hem konusu hem de g\u00fc\u00e7l\u00fc oyuncu kadrosuyla dikkat \u00e7ekiyor. Ge\u00e7ti\u011fimiz haftalarda diziye dahil olan yeni oyuncular\u0131nda kimler oldu\u011fu merak ediliyor. Yeni isimleri oyuncu kadrosuna dahil eden dizi, ilgiyle izlenmeye devam ediyor. Diziye Ate\u015f karakteriyle dahil olan gen\u00e7 oyuncu Melih K\u0131rkbir\u2019in de kim oldu\u011fu merak ediliyor. Peki, Can Borcu dizisinin Ate\u015f\u2019i Melih K\u0131rkbir kimdir? Melih K\u0131rkbir ka\u00e7 ya\u015f\u0131nda, hangi dizilerde oynad\u0131? Melih K\u0131rkbir hakk\u0131nda merak edilenler\u2026<\/p>\n<h3>CAN BORCU ATE\u015e K\u0130MD\u0130R?<\/h3>\n<p>ATV ekranlar\u0131n\u0131n iddial\u0131 dizileri aras\u0131nda yer alan Can Borcu, konusu ve g\u00fc\u00e7l\u00fc oyuncu kadrosuyla dikkat \u00e7ekiyor. G\u00fc\u00e7l\u00fc oyuncu kadrosuna yeni isimler ekleyen dizi, t\u00fcm h\u0131z\u0131yla yay\u0131nlanmaya devam ediyor. Ba\u015frollerinde B\u00fclent \u0130nal, Ebru \u00d6zkan Saban, Mine Tugay ve C\u00fcneyt Mete\u2019nin oyna\u011f\u0131 dizi b\u00fcy\u00fck bir merakla takip ediliyor. Diziye ge\u00e7ti\u011fimiz haftalarda dahil olan Ate\u015f karakteri de dikkatleri \u00fczerine \u00e7ekiyor. Dizide Ate\u015f karakterini ise gen\u00e7 oyuncu Melih K\u0131rkbir oynuyor.<\/p>\n<p><img loading=\"lazy\" decoding=\"async\" class=\"alignnone wp-image-134160\" src=\"https:\/\/www.tgrthaber.com\/mavikadin\/wp-content\/uploads\/Melih-Kirkbir-3-1024x576.jpg\" alt=\"Can Borcu dizisinin Ate\u015f\u2019i Melih K\u0131rkbir kimdir? \" width=\"1208\" height=\"680\" title=\"\" srcset=\"https:\/\/www.tgrthaber.com\/mavikadin\/wp-content\/uploads\/Melih-Kirkbir-3-1024x576.jpg 1024w, https:\/\/www.tgrthaber.com\/mavikadin\/wp-content\/uploads\/Melih-Kirkbir-3-300x169.jpg 300w, https:\/\/www.tgrthaber.com\/mavikadin\/wp-content\/uploads\/Melih-Kirkbir-3-768x432.jpg 768w, https:\/\/www.tgrthaber.com\/mavikadin\/wp-content\/uploads\/Melih-Kirkbir-3-1536x864.jpg 1536w, https:\/\/www.tgrthaber.com\/mavikadin\/wp-content\/uploads\/Melih-Kirkbir-3.jpg 1600w\" sizes=\"(max-width: 1208px) 100vw, 1208px\" \/><\/p>\n<hr \/>\n<p>Ate\u015f karakteri, diziye ge\u00e7ti\u011fimiz haftalarda dahil olan isimler aras\u0131nda yer al\u0131yor. Ate\u015f, Hakan (Timur \u00d6lkeba\u015f) ve Eyl\u00fcl (Ay\u015fe Ya\u011fmur Ba\u015fak) \u00e7ocuklar\u0131 olarak izleyici kar\u015f\u0131s\u0131na \u00e7\u0131k\u0131yor. Ate\u015f mafya babas\u0131 ve e\u015finden ayr\u0131lmak isteyen annesi aras\u0131nda s\u0131k\u0131\u015fm\u0131\u015f bir karakter olarak \u00f6n plana \u00e7\u0131k\u0131yor. Babas\u0131n\u0131n kirli i\u015flerini do\u011fru bulmayan Ate\u015f, babas\u0131ndan \u015fiddet g\u00f6ren annesinin taraf\u0131nda yer al\u0131yor. Ayn\u0131 zamanda Ate\u015f karakteri, dizideki gen\u00e7 karakterler R\u00fczgar, Eko ve Do\u011fa ile kurdu\u011fu ba\u011f ile seyircinin dikkatini \u00e7ekiyor. Ate\u015f karakterinin ilerleyen b\u00f6l\u00fcmlerdeki gidi\u015fat\u0131 da merakla bekleniyor.<\/p>\n<p><img loading=\"lazy\" decoding=\"async\" class=\"alignnone wp-image-134161\" src=\"https:\/\/www.tgrthaber.com\/mavikadin\/wp-content\/uploads\/Melih-Kirkbir-4-1024x576.jpg\" alt=\"Can Borcu dizisinin Ate\u015f\u2019i Melih K\u0131rkbir kimdir? \" width=\"1208\" height=\"680\" title=\"\" srcset=\"https:\/\/www.tgrthaber.com\/mavikadin\/wp-content\/uploads\/Melih-Kirkbir-4-1024x576.jpg 1024w, https:\/\/www.tgrthaber.com\/mavikadin\/wp-content\/uploads\/Melih-Kirkbir-4-300x169.jpg 300w, https:\/\/www.tgrthaber.com\/mavikadin\/wp-content\/uploads\/Melih-Kirkbir-4-768x432.jpg 768w, https:\/\/www.tgrthaber.com\/mavikadin\/wp-content\/uploads\/Melih-Kirkbir-4-1536x864.jpg 1536w, https:\/\/www.tgrthaber.com\/mavikadin\/wp-content\/uploads\/Melih-Kirkbir-4.jpg 1600w\" sizes=\"(max-width: 1208px) 100vw, 1208px\" \/><\/p>\n<hr \/>\n<h3>MEL\u0130H KIRKB\u0130R K\u0130MD\u0130R?<\/h3>\n<p>ATV ekranlar\u0131n\u0131n sevilen dizisi Can Borcu\u2019nun Ate\u015f\u2019i Melih K\u0131rkbir\u2019in kim oldu\u011fu merak ediliyor. Gen\u00e7 ve yetenekli oyuncular aras\u0131na ismini yazd\u0131racak olan K\u0131rkbir\u2019in \u00f6zel hayat\u0131na ili\u015fkin kamuoyunda yeterli bilgi bulunmuyor.<\/p>\n<p><img loading=\"lazy\" decoding=\"async\" class=\"alignnone wp-image-134162\" src=\"https:\/\/www.tgrthaber.com\/mavikadin\/wp-content\/uploads\/Melih-Kirkbir-6-1024x576.jpg\" alt=\"Can Borcu dizisinin Ate\u015f\u2019i Melih K\u0131rkbir kimdir? \" width=\"1208\" height=\"680\" title=\"\" srcset=\"https:\/\/www.tgrthaber.com\/mavikadin\/wp-content\/uploads\/Melih-Kirkbir-6-1024x576.jpg 1024w, https:\/\/www.tgrthaber.com\/mavikadin\/wp-content\/uploads\/Melih-Kirkbir-6-300x169.jpg 300w, https:\/\/www.tgrthaber.com\/mavikadin\/wp-content\/uploads\/Melih-Kirkbir-6-768x432.jpg 768w, https:\/\/www.tgrthaber.com\/mavikadin\/wp-content\/uploads\/Melih-Kirkbir-6-1536x864.jpg 1536w, https:\/\/www.tgrthaber.com\/mavikadin\/wp-content\/uploads\/Melih-Kirkbir-6.jpg 1600w\" sizes=\"(max-width: 1208px) 100vw, 1208px\" \/><\/p>\n<hr \/>\n<p>Ekranlar\u0131n yeni y\u00fcz\u00fc olmaya haz\u0131rlanan gen\u00e7 oyuncu Melih K\u0131rkbir\u2019in do\u011fum tarihi, nereli oldu\u011fu ve kariyerine nas\u0131l ba\u015flad\u0131\u011f\u0131 kesin olarak bilinmiyor. \u015eimdilerde \u00f6zel hayat\u0131n\u0131 g\u00f6zlerden uzak ya\u015famay\u0131 tercih eden gen\u00e7 oyuncu, Kadir Has \u00dcniversitesi Tiyatro B\u00f6l\u00fcm\u00fc\u2019nde okuyor.<\/p>\n<h3>MEL\u0130H KIRKB\u0130R ATE\u015e KARAKTER\u0130YLE D\u0130KKAT \u00c7EK\u0130YOR!<\/h3>\n<p>\u0130lkokul, ortaokul ve lise e\u011fitimini ba\u015far\u0131yla tamamlayan K\u0131rkbir, y\u00fcksek\u00f6\u011frenimini oyunculuk alan\u0131nda tamaml\u0131yor. Gen\u00e7 oyuncunun menajerli\u011fini ise \u0130hsan Ayd\u0131n \u00fcstleniyor. Oyunculuk kariyerine h\u0131zl\u0131 bir giri\u015f yapan K\u0131rkbir, sosyal medya hesaplar\u0131n\u0131 aktif olarak kullan\u0131yor.<\/p>\n<p><img loading=\"lazy\" decoding=\"async\" class=\"alignnone wp-image-134163\" src=\"https:\/\/www.tgrthaber.com\/mavikadin\/wp-content\/uploads\/Melih-Kirkbir-2-1024x576.jpg\" alt=\"Can Borcu dizisinin Ate\u015f\u2019i Melih K\u0131rkbir kimdir? \" width=\"1208\" height=\"680\" title=\"\" srcset=\"https:\/\/www.tgrthaber.com\/mavikadin\/wp-content\/uploads\/Melih-Kirkbir-2-1024x576.jpg 1024w, https:\/\/www.tgrthaber.com\/mavikadin\/wp-content\/uploads\/Melih-Kirkbir-2-300x169.jpg 300w, https:\/\/www.tgrthaber.com\/mavikadin\/wp-content\/uploads\/Melih-Kirkbir-2-768x432.jpg 768w, https:\/\/www.tgrthaber.com\/mavikadin\/wp-content\/uploads\/Melih-Kirkbir-2-1536x864.jpg 1536w, https:\/\/www.tgrthaber.com\/mavikadin\/wp-content\/uploads\/Melih-Kirkbir-2.jpg 1600w\" sizes=\"(max-width: 1208px) 100vw, 1208px\" \/><\/p>\n<hr \/>\n<p>Instagram hesab\u0131nda b\u00fcy\u00fck bir kitleye sahip olan K\u0131rkbir\u2019in 103 binden fazla takip\u00e7isi bulunuyor. Can Borcu dizisindeki Ate\u015f karakteriyle dikkatleri \u00fczerine toplayan K\u0131rkbir\u2019in oyunculuk kariyerinde, ba\u015far\u0131l\u0131 performans\u0131yla \u00e7ok daha iyi yerlere gelece\u011fi d\u00fc\u015f\u00fcn\u00fcl\u00fcyor.<\/p>\n","protected":false},"excerpt":{"rendered":"<p>ATV ekranlar\u0131n\u0131n b\u00fcy\u00fck bir ilgiyle takip edilen dizisi Can Borcu t\u00fcm h\u0131z\u0131yla yay\u0131nlanmaya devam ediyor. Diziye ge\u00e7ti\u011fimiz haftalarda dahil olan Ate\u015f karakterinin kim oldu\u011fu da merak ediliyor. Peki, Can Borcu dizisinin Ate\u015f\u2019i Melih K\u0131rkbir kimdir? \u0130\u015fte detaylar\u2026 <\/p>\n","protected":false},"author":26,"featured_media":134159,"comment_status":"closed","ping_status":"closed","sticky":false,"template":"","format":"standard","meta":{"rank_math_lock_modified_date":false,"footnotes":""},"categories":[491],"tags":[3898,11016,5905,3897],"class_list":["post-134155","post","type-post","status-publish","format-standard","has-post-thumbnail","hentry","category-biyografi","tag-can-borcu","tag-can-borcu-ates","tag-can-borcu-dizi","tag-can-borcu-dizisi"],"_links":{"self":[{"href":"https:\/\/www.tgrthaber.com\/mavikadin\/wp-json\/wp\/v2\/posts\/134155"}],"collection":[{"href":"https:\/\/www.tgrthaber.com\/mavikadin\/wp-json\/wp\/v2\/posts"}],"about":[{"href":"https:\/\/www.tgrthaber.com\/mavikadin\/wp-json\/wp\/v2\/types\/post"}],"author":[{"embeddable":true,"href":"https:\/\/www.tgrthaber.com\/mavikadin\/wp-json\/wp\/v2\/users\/26"}],"replies":[{"embeddable":true,"href":"https:\/\/www.tgrthaber.com\/mavikadin\/wp-json\/wp\/v2\/comments?post=134155"}],"version-history":[{"count":2,"href":"https:\/\/www.tgrthaber.com\/mavikadin\/wp-json\/wp\/v2\/posts\/134155\/revisions"}],"predecessor-version":[{"id":134165,"href":"https:\/\/www.tgrthaber.com\/mavikadin\/wp-json\/wp\/v2\/posts\/134155\/revisions\/134165"}],"wp:featuredmedia":[{"embeddable":true,"href":"https:\/\/www.tgrthaber.com\/mavikadin\/wp-json\/wp\/v2\/media\/134159"}],"wp:attachment":[{"href":"https:\/\/www.tgrthaber.com\/mavikadin\/wp-json\/wp\/v2\/media?parent=134155"}],"wp:term":[{"taxonomy":"category","embeddable":true,"href":"https:\/\/www.tgrthaber.com\/mavikadin\/wp-json\/wp\/v2\/categories?post=134155"},{"taxonomy":"post_tag","embeddable":true,"href":"https:\/\/www.tgrthaber.com\/mavikadin\/wp-json\/wp\/v2\/tags?post=134155"}],"curies":[{"name":"wp","href":"https:\/\/api.w.org\/{rel}","templated":true}]}}