{"id":134203,"date":"2025-02-15T15:55:10","date_gmt":"2025-02-15T12:55:10","guid":{"rendered":"https:\/\/www.tgrthaber.com\/mavikadin\/?p=134203"},"modified":"2025-02-15T15:57:38","modified_gmt":"2025-02-15T12:57:38","slug":"sancakay-ilim-kimdir-masterchef-semihcan-temiz-ile-sevgililer-gunu-paylasimi-gundem-oldu","status":"publish","type":"post","link":"https:\/\/www.tgrthaber.com\/mavikadin\/sancakay-ilim-kimdir-masterchef-semihcan-temiz-ile-sevgililer-gunu-paylasimi-gundem-oldu\/","title":{"rendered":"Sancakay Il\u0131m kimdir? Masterchef Semihcan Temiz ile Sevgililer G\u00fcn\u00fc payla\u015f\u0131m\u0131 g\u00fcndem oldu"},"content":{"rendered":"<p>Sosyal medyada yapt\u0131\u011f\u0131 payla\u015f\u0131mlarla ad\u0131n\u0131 duyuran 26 ya\u015f\u0131ndaki a\u015f\u00e7\u0131 Semihcan Temiz\u2019in sevgilisi Sancakay Il\u0131m kimdir arat\u0131lmaya ba\u015fland\u0131. Temiz&#8217;in sevgilisinin Survivor ile ad\u0131n\u0131 duyuran Sancakay Il\u0131m oldu\u011fu ortaya \u00e7\u0131kt\u0131.<\/p>\n<h3>SANCAKAY ILIM G\u00dcNDEM OLDU<\/h3>\n<p>Sancakay Il\u0131m kimdir? merak ediliyor. Sosyal medya payla\u015f\u0131mlar\u0131 ile dikkat \u00e7eken Semihcan Temiz\u2019in sevgilisinin Survivor ile ad\u0131n\u0131 duyuran Sancakay Il\u0131m oldu\u011fu ortaya \u00e7\u0131kt\u0131.<\/p>\n<p><img loading=\"lazy\" decoding=\"async\" class=\"alignnone wp-image-134204\" src=\"https:\/\/www.tgrthaber.com\/mavikadin\/wp-content\/uploads\/Sancakay-Ilim-2.jpg\" alt=\"\" width=\"1208\" height=\"680\" title=\"\" srcset=\"https:\/\/www.tgrthaber.com\/mavikadin\/wp-content\/uploads\/Sancakay-Ilim-2.jpg 1920w, https:\/\/www.tgrthaber.com\/mavikadin\/wp-content\/uploads\/Sancakay-Ilim-2-300x169.jpg 300w, https:\/\/www.tgrthaber.com\/mavikadin\/wp-content\/uploads\/Sancakay-Ilim-2-1024x576.jpg 1024w, https:\/\/www.tgrthaber.com\/mavikadin\/wp-content\/uploads\/Sancakay-Ilim-2-768x432.jpg 768w, https:\/\/www.tgrthaber.com\/mavikadin\/wp-content\/uploads\/Sancakay-Ilim-2-1536x864.jpg 1536w\" sizes=\"(max-width: 1208px) 100vw, 1208px\" \/><\/p>\n<hr \/>\n<p>Survivor 2021 g\u00f6n\u00fcll\u00fcler tak\u0131m\u0131nda m\u00fccadele eden Sancakay Il\u0131m Morg\u00fcl ile Masterchef yar\u0131\u015fmas\u0131yla tan\u0131n\u0131rl\u0131\u011f\u0131n\u0131 art\u0131ran Semihcan Temiz aras\u0131ndaki a\u015fk foto\u011frafla belgelenmi\u015f oldu.<\/p>\n<p>\u00c7ift d\u00fcn Sevgililer G\u00fcn\u00fc\u2019nde yapt\u0131\u011f\u0131 foto\u011frafla sosyal medyada be\u011feni ve yorum ya\u011fmuruna tutuldu.<\/p>\n<p><img loading=\"lazy\" decoding=\"async\" class=\"alignnone wp-image-134205\" src=\"https:\/\/www.tgrthaber.com\/mavikadin\/wp-content\/uploads\/Sancakay-Ilim-1.jpg\" alt=\"\" width=\"1208\" height=\"680\" title=\"\" srcset=\"https:\/\/www.tgrthaber.com\/mavikadin\/wp-content\/uploads\/Sancakay-Ilim-1.jpg 1920w, https:\/\/www.tgrthaber.com\/mavikadin\/wp-content\/uploads\/Sancakay-Ilim-1-300x169.jpg 300w, https:\/\/www.tgrthaber.com\/mavikadin\/wp-content\/uploads\/Sancakay-Ilim-1-1024x576.jpg 1024w, https:\/\/www.tgrthaber.com\/mavikadin\/wp-content\/uploads\/Sancakay-Ilim-1-768x432.jpg 768w, https:\/\/www.tgrthaber.com\/mavikadin\/wp-content\/uploads\/Sancakay-Ilim-1-1536x864.jpg 1536w\" sizes=\"(max-width: 1208px) 100vw, 1208px\" \/><\/p>\n<hr \/>\n<h3>SANCAKAY ILIM MORG\u00dcL K\u0130MD\u0130R?<\/h3>\n<p>30 Ocak 1997 tarihinde \u0130stanbul\u2019da d\u00fcnyaya gelen Sancakay Il\u0131m Morg\u00fcl \u0130zmir ve Rize\u2019de b\u00fcy\u00fcd\u00fc. \u00dcnal Karaman\u2019\u0131n ye\u011feni olan Sancakay Il\u0131m spor hayat\u0131na ritmik jimnastik ile ba\u015flad\u0131 ve lise 3\u2019e kadar \u0130zmir\u2019de okudu.<\/p>\n<p>Futbol kariyerine futsal ile ba\u015flayan Sancakay Il\u0131m, daha sonra ye\u015fil sahalarda top ko\u015fturdu. Il\u0131m daha sonra lise 4\u2019te Rize\u2019nin Rizespor tak\u0131m\u0131na transfer oldu. Karadeniz Teknik \u00dcniversitesi&#8217;nde Rus dili edebiyat\u0131 b\u00f6l\u00fcm\u00fcn\u00fc 2 y\u0131l s\u00fcreyle okuyan Il\u0131m daha sonra konservatuvar tiyatro b\u00f6l\u00fcm\u00fcn\u00fcn yetenek s\u0131navlar\u0131nda ba\u015far\u0131 yakalad\u0131.<\/p>\n<p><img loading=\"lazy\" decoding=\"async\" class=\"alignnone wp-image-134206\" src=\"https:\/\/www.tgrthaber.com\/mavikadin\/wp-content\/uploads\/Sancakay-Ilim-3.jpg\" alt=\"\" width=\"1208\" height=\"680\" title=\"\" srcset=\"https:\/\/www.tgrthaber.com\/mavikadin\/wp-content\/uploads\/Sancakay-Ilim-3.jpg 1920w, https:\/\/www.tgrthaber.com\/mavikadin\/wp-content\/uploads\/Sancakay-Ilim-3-300x169.jpg 300w, https:\/\/www.tgrthaber.com\/mavikadin\/wp-content\/uploads\/Sancakay-Ilim-3-1024x576.jpg 1024w, https:\/\/www.tgrthaber.com\/mavikadin\/wp-content\/uploads\/Sancakay-Ilim-3-768x432.jpg 768w, https:\/\/www.tgrthaber.com\/mavikadin\/wp-content\/uploads\/Sancakay-Ilim-3-1536x864.jpg 1536w\" sizes=\"(max-width: 1208px) 100vw, 1208px\" \/><\/p>\n<hr \/>\n<h3>SANCAKAY ILIM KEND\u0130 BESTELER\u0130N\u0130 SESLEND\u0130RD\u0130<\/h3>\n<p>S\u0131nav\u0131 kazand\u0131ktan sonra \u0130stanbul\u2019a ta\u015f\u0131nan Il\u0131m ayn\u0131 zamanda kendi bestelerini gitar\u0131yla seslendirdi. Sancakay Il\u0131m Morg\u00fcl, Instagram&#8217;da \u201csancakayilimmorgull&#8221; hesab\u0131ndan s\u0131k s\u0131k payla\u015f\u0131mda bulunuyor. Sancakay Il\u0131m Morg\u00fcl, kendisinden \u015fu s\u00f6zlerle bahsediyor;<\/p>\n<p>&#8220;Sancakay Il\u0131m Morg\u00fcl. \u0130zmir ve Rize\u2019de b\u00fcy\u00fcd\u00fcm. Spor hayat\u0131ma ritmik jimnastik ile ba\u015flad\u0131m. Lise 3\u2019e kadar \u0130zmir\u2019de okudum ve futbol kariyerime futsal ile ba\u015flad\u0131m daha sonra ye\u015fil sahaya ge\u00e7tim. Lise 4\u2019de Rize\u2019nin Rizespor tak\u0131m\u0131na transfer olup orada liseyi bitirdim ve futbol kariyerime devam ettim. Karadeniz Teknik \u00dcniversitesinde Rus dili edebiyat\u0131 b\u00f6l\u00fcm\u00fcn\u00fc 2 y\u0131l okudum.<\/p>\n<p><img loading=\"lazy\" decoding=\"async\" class=\"alignnone wp-image-134208\" src=\"https:\/\/www.tgrthaber.com\/mavikadin\/wp-content\/uploads\/Sancakay-Ilim-5.jpg\" alt=\"\" width=\"1208\" height=\"680\" title=\"\" srcset=\"https:\/\/www.tgrthaber.com\/mavikadin\/wp-content\/uploads\/Sancakay-Ilim-5.jpg 1920w, https:\/\/www.tgrthaber.com\/mavikadin\/wp-content\/uploads\/Sancakay-Ilim-5-300x169.jpg 300w, https:\/\/www.tgrthaber.com\/mavikadin\/wp-content\/uploads\/Sancakay-Ilim-5-1024x576.jpg 1024w, https:\/\/www.tgrthaber.com\/mavikadin\/wp-content\/uploads\/Sancakay-Ilim-5-768x432.jpg 768w, https:\/\/www.tgrthaber.com\/mavikadin\/wp-content\/uploads\/Sancakay-Ilim-5-1536x864.jpg 1536w\" sizes=\"(max-width: 1208px) 100vw, 1208px\" \/><\/p>\n<p>T\u00fcrk\u00e7e harici iki dil biliyorum \u0130ngilizce ve Rus\u00e7a. Konservatuvar tiyatro b\u00f6l\u00fcm\u00fcn\u00fcn yetenek s\u0131navlar\u0131na girip kazand\u0131ktan sonra \u0130stanbul\u2019a ta\u015f\u0131nd\u0131m ve \u015fuan lisans 4. S\u0131n\u0131ftay\u0131m. 2 sezon Kad\u0131k\u00f6y theatron sahnesinde Edinburg festivalinden gelen Ofsayt oyununda ba\u015frol oynad\u0131m ve 5 y\u0131ld\u0131r Hayal Kahvesi ile anla\u015fmal\u0131 olarak sahne al\u0131yorum vokal olarak. Kendi bestelerimi seslendiriyorum ve Gitar \u00e7al\u0131yorum.\u201d<\/p>\n","protected":false},"excerpt":{"rendered":"<p>Sosyal medya payla\u015f\u0131mlar\u0131 ile g\u00fcndem olan 26 ya\u015f\u0131ndaki a\u015f\u00e7\u0131 Semihcan Temiz\u2019in sevgilisi Sancakay Il\u0131m merak konusu oldu. Sevgililer g\u00fcn\u00fc payla\u015f\u0131m\u0131 yapan fenomen isim Semihcan Temiz&#8217;in sevgilisinin Survivor ile ad\u0131n\u0131 duyuran Sancakay Il\u0131m oldu\u011fu \u00f6\u011frenildi.<\/p>\n","protected":false},"author":5,"featured_media":134210,"comment_status":"closed","ping_status":"closed","sticky":false,"template":"","format":"standard","meta":{"rank_math_lock_modified_date":false,"footnotes":""},"categories":[491],"tags":[11020,11018],"class_list":["post-134203","post","type-post","status-publish","format-standard","has-post-thumbnail","hentry","category-biyografi","tag-sancakay-ilim","tag-semihcan-temiz"],"_links":{"self":[{"href":"https:\/\/www.tgrthaber.com\/mavikadin\/wp-json\/wp\/v2\/posts\/134203"}],"collection":[{"href":"https:\/\/www.tgrthaber.com\/mavikadin\/wp-json\/wp\/v2\/posts"}],"about":[{"href":"https:\/\/www.tgrthaber.com\/mavikadin\/wp-json\/wp\/v2\/types\/post"}],"author":[{"embeddable":true,"href":"https:\/\/www.tgrthaber.com\/mavikadin\/wp-json\/wp\/v2\/users\/5"}],"replies":[{"embeddable":true,"href":"https:\/\/www.tgrthaber.com\/mavikadin\/wp-json\/wp\/v2\/comments?post=134203"}],"version-history":[{"count":4,"href":"https:\/\/www.tgrthaber.com\/mavikadin\/wp-json\/wp\/v2\/posts\/134203\/revisions"}],"predecessor-version":[{"id":134221,"href":"https:\/\/www.tgrthaber.com\/mavikadin\/wp-json\/wp\/v2\/posts\/134203\/revisions\/134221"}],"wp:featuredmedia":[{"embeddable":true,"href":"https:\/\/www.tgrthaber.com\/mavikadin\/wp-json\/wp\/v2\/media\/134210"}],"wp:attachment":[{"href":"https:\/\/www.tgrthaber.com\/mavikadin\/wp-json\/wp\/v2\/media?parent=134203"}],"wp:term":[{"taxonomy":"category","embeddable":true,"href":"https:\/\/www.tgrthaber.com\/mavikadin\/wp-json\/wp\/v2\/categories?post=134203"},{"taxonomy":"post_tag","embeddable":true,"href":"https:\/\/www.tgrthaber.com\/mavikadin\/wp-json\/wp\/v2\/tags?post=134203"}],"curies":[{"name":"wp","href":"https:\/\/api.w.org\/{rel}","templated":true}]}}