{"id":134226,"date":"2025-02-15T16:41:31","date_gmt":"2025-02-15T13:41:31","guid":{"rendered":"https:\/\/www.tgrthaber.com\/mavikadin\/?p=134226"},"modified":"2025-02-15T16:41:31","modified_gmt":"2025-02-15T13:41:31","slug":"zeliha-kendirci-kimdir-kimin-kardesi-sahin-kendirci-ile-baglantisi-merak-konusu-oldu","status":"publish","type":"post","link":"https:\/\/www.tgrthaber.com\/mavikadin\/zeliha-kendirci-kimdir-kimin-kardesi-sahin-kendirci-ile-baglantisi-merak-konusu-oldu\/","title":{"rendered":"Zeliha Kendirci kimdir, kimin karde\u015fi? \u015eahin Kendirci ile ba\u011flant\u0131s\u0131 merak konusu oldu"},"content":{"rendered":"<p>\u2018Zeliha Kendirci kimdir, kimin karde\u015fi?\u2019 merak konusu oldu. \u015eahin Kendirci&#8217;nin k\u0131z karde\u015fi olan Kendirci Dilberay filminde ilk kez seyirci kar\u015f\u0131s\u0131na \u00e7\u0131km\u0131\u015ft\u0131.<\/p>\n<h3>ZEL\u0130HA KEND\u0130RC\u0130 K\u0130MD\u0130R, K\u0130M\u0130N KARDE\u015e\u0130?<\/h3>\n<p>\u015eahin Kendirci&#8217;nin k\u0131z karde\u015fi olan Zeliha Kendirci ilk kez Dilberay filminde boy g\u00f6stermi\u015fti. Sesiyle de dikkat \u00e7eken Zeliha Kendirci O Ses T\u00fcrkiye yar\u0131\u015fmas\u0131ndaki performans\u0131 ile tan\u0131nm\u0131\u015ft\u0131.<\/p>\n<p>Oyuncu ve \u015fark\u0131c\u0131 \u015eahin Kendirci&#8217;nin karde\u015fi olan Zeliha Kendirci\u2019nin hayat\u0131 ara\u015ft\u0131r\u0131l\u0131yor. \u00a02003 y\u0131l\u0131nda Adana&#8217;da d\u00fcnyaya gelen Zeliha Kendirci O Ses T\u00fcrkiye yar\u0131\u015fmas\u0131yla ad\u0131n\u0131 duyurdu. Kendirci son olarak Dilber Ay&#8217;\u0131n hayat\u0131n\u0131n anlat\u0131ld\u0131\u011f\u0131 filmde yer ald\u0131.<\/p>\n<p>Zeliha Kendirci Dilberay filminde Dilberay\u2019\u0131n \u00e7ocuklu\u011funu oynad\u0131. Sinemaseverler taraf\u0131ndan dikkat \u00e7eken Zeliha Kendirci tan\u0131n\u0131rl\u0131\u011f\u0131n\u0131 abisinin kat\u0131ld\u0131\u011f\u0131 yar\u0131\u015fmayla ve filmleriyle daha da art\u0131rd\u0131.<\/p>\n<p><img loading=\"lazy\" decoding=\"async\" class=\"alignnone wp-image-134228\" src=\"https:\/\/www.tgrthaber.com\/mavikadin\/wp-content\/uploads\/Zeliha-Kendirci-2.jpg\" alt=\"\" width=\"1208\" height=\"680\" title=\"\" srcset=\"https:\/\/www.tgrthaber.com\/mavikadin\/wp-content\/uploads\/Zeliha-Kendirci-2.jpg 1920w, https:\/\/www.tgrthaber.com\/mavikadin\/wp-content\/uploads\/Zeliha-Kendirci-2-300x169.jpg 300w, https:\/\/www.tgrthaber.com\/mavikadin\/wp-content\/uploads\/Zeliha-Kendirci-2-1024x576.jpg 1024w, https:\/\/www.tgrthaber.com\/mavikadin\/wp-content\/uploads\/Zeliha-Kendirci-2-768x432.jpg 768w, https:\/\/www.tgrthaber.com\/mavikadin\/wp-content\/uploads\/Zeliha-Kendirci-2-1536x864.jpg 1536w\" sizes=\"(max-width: 1208px) 100vw, 1208px\" \/><\/p>\n<hr \/>\n<h3>\u015eAH\u0130N KEND\u0130RC\u0130 K\u0130MD\u0130R?<\/h3>\n<p>19 Nisan 2001, Adana do\u011fumlu olan \u015eahin Kendirci, T\u00fcrk ses sanat\u00e7\u0131s\u0131 ve ayn\u0131 zamanda sinema oyuncusudur.<\/p>\n<p>\u00c7ocukken kat\u0131ld\u0131\u011f\u0131 Yetenek Sizsiniz T\u00fcrkiye yar\u0131\u015fmas\u0131nda sempatik tav\u0131rlar\u0131yla dikkat \u00e7eken Kendirci, etkileyici sesiyle bug\u00fcn hala pop\u00fclerli\u011fini koruyor.<\/p>\n<p>O Ses \u00c7ocuklar yar\u0131\u015fmas\u0131n\u0131 2014 y\u0131l\u0131nda kazanan Kendirci yar\u0131\u015fma sonras\u0131nda Burak Aksak&#8217;\u0131n yaz\u0131p y\u00f6netti\u011fi &#8216;Bana Masal Anlatma&#8217; filminde tamirci \u00e7\u0131ra\u011f\u0131 rol\u00fcnde yer ald\u0131.<\/p>\n<p><img loading=\"lazy\" decoding=\"async\" class=\"alignnone wp-image-134229\" src=\"https:\/\/www.tgrthaber.com\/mavikadin\/wp-content\/uploads\/Sahin-Kendirci-3-1.jpg\" alt=\"\" width=\"1208\" height=\"680\" title=\"\" srcset=\"https:\/\/www.tgrthaber.com\/mavikadin\/wp-content\/uploads\/Sahin-Kendirci-3-1.jpg 1920w, https:\/\/www.tgrthaber.com\/mavikadin\/wp-content\/uploads\/Sahin-Kendirci-3-1-300x169.jpg 300w, https:\/\/www.tgrthaber.com\/mavikadin\/wp-content\/uploads\/Sahin-Kendirci-3-1-1024x576.jpg 1024w, https:\/\/www.tgrthaber.com\/mavikadin\/wp-content\/uploads\/Sahin-Kendirci-3-1-768x432.jpg 768w, https:\/\/www.tgrthaber.com\/mavikadin\/wp-content\/uploads\/Sahin-Kendirci-3-1-1536x864.jpg 1536w\" sizes=\"(max-width: 1208px) 100vw, 1208px\" \/><\/p>\n<hr \/>\n<p>Kendirci 2018 y\u0131l\u0131nda vizyona giren M\u00fcsl\u00fcm filminde 2013 y\u0131l\u0131nda hayat\u0131n\u0131 kaybeden kaybeden arabesk ve halk m\u00fczi\u011fi sanat\u00e7\u0131s\u0131 M\u00fcsl\u00fcm G\u00fcrses&#8217;in gen\u00e7li\u011fini oynad\u0131. Aslen \u015eanl\u0131urfa&#8217;l\u0131 olan \u015eahin Kendirci\u2019nin 5 karde\u015fi bulunuyor.<\/p>\n<p><strong>\u015eahin Kendirci\u2019nin Filmografisi<\/strong><\/p>\n<p>2019 &#8211; \u015eampiyon (dizi)<\/p>\n<p>2018 &#8211; M\u00fcsl\u00fcm<\/p>\n<p>2015 &#8211; Bana Masal Anlatma<\/p>\n<p><img loading=\"lazy\" decoding=\"async\" class=\"alignnone size-full wp-image-134230\" src=\"https:\/\/www.tgrthaber.com\/mavikadin\/wp-content\/uploads\/Sahin-Kendirci-1-1.jpg\" alt=\"\" width=\"1920\" height=\"1080\" title=\"\" srcset=\"https:\/\/www.tgrthaber.com\/mavikadin\/wp-content\/uploads\/Sahin-Kendirci-1-1.jpg 1920w, https:\/\/www.tgrthaber.com\/mavikadin\/wp-content\/uploads\/Sahin-Kendirci-1-1-300x169.jpg 300w, https:\/\/www.tgrthaber.com\/mavikadin\/wp-content\/uploads\/Sahin-Kendirci-1-1-1024x576.jpg 1024w, https:\/\/www.tgrthaber.com\/mavikadin\/wp-content\/uploads\/Sahin-Kendirci-1-1-768x432.jpg 768w, https:\/\/www.tgrthaber.com\/mavikadin\/wp-content\/uploads\/Sahin-Kendirci-1-1-1536x864.jpg 1536w\" sizes=\"(max-width: 1920px) 100vw, 1920px\" \/><\/p>\n<hr \/>\n<h3>\u015eAH\u0130N KEND\u0130RC\u0130 GASSAL \u0130LE KAR\u0130YER\u0130NDE Z\u0130RVE YAPTI<\/h3>\n<p>\u015eahin Kendirci TRT\u2019nin dijital platformu Tabii\u2019de yay\u0131nlanan Gassal dizisi ile kariyerinde zirveye \u00e7\u0131kt\u0131. Sosyal medyan\u0131n en \u00e7ok konu\u015fulan dizilerinden biri olan Gassal\u2019da dizi m\u00fcziklerini seslendiren Kendirci, izleyenlerden tam not ald\u0131.<\/p>\n<p>Ba\u015frol\u00fcnde Ahmet Kural\u2019\u0131n oynad\u0131\u011f\u0131 Gassal dizisinde yer alan Kendirci yan\u0131k sesiyle s\u00f6yledi\u011fi \u015fark\u0131lar herkesin diline doland\u0131.<\/p>\n","protected":false},"excerpt":{"rendered":"<p>\u2018Zeliha Kendirci kimdir, kimin karde\u015fi?\u2019 merak ediliyor. \u015eahin Kendirci ile ba\u011flant\u0131s\u0131 olan Zeliha Kendirci sesiyle dinleyenleri etkiliyor.<\/p>\n","protected":false},"author":5,"featured_media":134227,"comment_status":"closed","ping_status":"closed","sticky":false,"template":"","format":"standard","meta":{"rank_math_lock_modified_date":false,"footnotes":""},"categories":[491],"tags":[6224,11023,11024],"class_list":["post-134226","post","type-post","status-publish","format-standard","has-post-thumbnail","hentry","category-biyografi","tag-sahin-kendirci","tag-zeliha-kendirci","tag-zeliha-kendirci-kimdir"],"_links":{"self":[{"href":"https:\/\/www.tgrthaber.com\/mavikadin\/wp-json\/wp\/v2\/posts\/134226"}],"collection":[{"href":"https:\/\/www.tgrthaber.com\/mavikadin\/wp-json\/wp\/v2\/posts"}],"about":[{"href":"https:\/\/www.tgrthaber.com\/mavikadin\/wp-json\/wp\/v2\/types\/post"}],"author":[{"embeddable":true,"href":"https:\/\/www.tgrthaber.com\/mavikadin\/wp-json\/wp\/v2\/users\/5"}],"replies":[{"embeddable":true,"href":"https:\/\/www.tgrthaber.com\/mavikadin\/wp-json\/wp\/v2\/comments?post=134226"}],"version-history":[{"count":2,"href":"https:\/\/www.tgrthaber.com\/mavikadin\/wp-json\/wp\/v2\/posts\/134226\/revisions"}],"predecessor-version":[{"id":134232,"href":"https:\/\/www.tgrthaber.com\/mavikadin\/wp-json\/wp\/v2\/posts\/134226\/revisions\/134232"}],"wp:featuredmedia":[{"embeddable":true,"href":"https:\/\/www.tgrthaber.com\/mavikadin\/wp-json\/wp\/v2\/media\/134227"}],"wp:attachment":[{"href":"https:\/\/www.tgrthaber.com\/mavikadin\/wp-json\/wp\/v2\/media?parent=134226"}],"wp:term":[{"taxonomy":"category","embeddable":true,"href":"https:\/\/www.tgrthaber.com\/mavikadin\/wp-json\/wp\/v2\/categories?post=134226"},{"taxonomy":"post_tag","embeddable":true,"href":"https:\/\/www.tgrthaber.com\/mavikadin\/wp-json\/wp\/v2\/tags?post=134226"}],"curies":[{"name":"wp","href":"https:\/\/api.w.org\/{rel}","templated":true}]}}