{"id":134247,"date":"2025-02-15T17:39:33","date_gmt":"2025-02-15T14:39:33","guid":{"rendered":"https:\/\/www.tgrthaber.com\/mavikadin\/?p=134247"},"modified":"2025-02-15T17:42:23","modified_gmt":"2025-02-15T14:42:23","slug":"semihcan-temiz-hangi-programda-yaristi-sevgilisinin-kim-oldugu-merak-edildi","status":"publish","type":"post","link":"https:\/\/www.tgrthaber.com\/mavikadin\/semihcan-temiz-hangi-programda-yaristi-sevgilisinin-kim-oldugu-merak-edildi\/","title":{"rendered":"Semihcan Temiz hangi programda yar\u0131\u015ft\u0131? Sevgilisinin kim oldu\u011fu merak edildi"},"content":{"rendered":"<p>MasterChef T\u00fcrkiye yar\u0131\u015fmac\u0131lar\u0131ndan olan Semihcan Temiz Sevgililer G\u00fcn\u00fc\u2019nde sosyal medyas\u0131ndan yapt\u0131\u011f\u0131 payla\u015f\u0131mla g\u00fcndem oldu. Eski Survivor yar\u0131\u015fmac\u0131s\u0131 Sancakay Il\u0131m Morg\u00fcl\u2019le yapt\u0131\u011f\u0131 payla\u015f\u0131m, Temiz\u2019in takip\u00e7ileri taraf\u0131ndan merak konusu oldu. Peki Semihcan Temiz kimdir? Hangi programda yar\u0131\u015ft\u0131? Sevgilisi kim? Detaylar haberimizde\u2026<\/p>\n<h3><strong>SEM\u0130HCAN TEM\u0130Z K\u0130MD\u0130R<\/strong><\/h3>\n<p>Semihcan Temiz, 1998 y\u0131l\u0131nda Mersin\u2019de d\u00fcnyaya geldi. Y\u00f6r\u00fck k\u00f6kenli bir aileden gelen Semihcan, hen\u00fcz 13 ya\u015f\u0131ndayken ailesinden uzakta, kendi ayaklar\u0131 \u00fczerinde durmaya ba\u015flad\u0131. E\u011fitimine i\u015fletme b\u00f6l\u00fcm\u00fcnde ba\u015flasa da \u00fc\u00e7\u00fcnc\u00fc s\u0131n\u0131fta okulu b\u0131rak\u0131p as\u0131l tutkusu olan mutfak sanatlar\u0131na y\u00f6neldi. Bu karar\u0131, onun gelece\u011fini tamamen de\u011fi\u015ftirdi. Gastronomi e\u011fitimi ald\u0131ktan sonra, Mersin\u2019de bir restoranda \u00e7al\u0131\u015farak mesle\u011fe ilk ad\u0131m\u0131n\u0131 att\u0131. Ancak hedefleri sadece T\u00fcrkiye ile s\u0131n\u0131rl\u0131 de\u011fildi. 2018 y\u0131l\u0131ndan itibaren Karada\u011f, Dubai ve Maldivler gibi farkl\u0131 \u00fclkelerde \u00e7al\u0131\u015farak kendini geli\u015ftirdi.<\/p>\n<p><img loading=\"lazy\" decoding=\"async\" class=\"wp-image-134267\" src=\"https:\/\/www.tgrthaber.com\/mavikadin\/wp-content\/uploads\/semihcan-temiz-5-1-1024x576.jpg\" alt=\"semihcan temiz \" width=\"1208\" height=\"680\" title=\"\" srcset=\"https:\/\/www.tgrthaber.com\/mavikadin\/wp-content\/uploads\/semihcan-temiz-5-1-1024x576.jpg 1024w, https:\/\/www.tgrthaber.com\/mavikadin\/wp-content\/uploads\/semihcan-temiz-5-1-300x169.jpg 300w, https:\/\/www.tgrthaber.com\/mavikadin\/wp-content\/uploads\/semihcan-temiz-5-1-768x432.jpg 768w, https:\/\/www.tgrthaber.com\/mavikadin\/wp-content\/uploads\/semihcan-temiz-5-1-1536x864.jpg 1536w, https:\/\/www.tgrthaber.com\/mavikadin\/wp-content\/uploads\/semihcan-temiz-5-1.jpg 1600w\" sizes=\"(max-width: 1208px) 100vw, 1208px\" \/><\/p>\n<hr \/>\n<h3><strong>MASTERCHEF T\u00dcRK\u0130YE MACERASI<\/strong><\/h3>\n<p>Semihcan Temiz, 2024 y\u0131l\u0131nda televizyon da en \u00e7ok izlenen MasterChef T\u00fcrkiye yar\u0131\u015fmas\u0131na kat\u0131ld\u0131. Yar\u0131\u015fmaya ba\u015flarken haz\u0131rlad\u0131\u011f\u0131 et taba\u011f\u0131 ve d\u00f6vme pilav\u0131 ile \u00fc\u00e7 j\u00fcri \u00fcyesinden de tam not alarak ana kadroya girmeyi ba\u015fard\u0131. MasterChef\u2019te sergiledi\u011fi h\u0131rsl\u0131, disiplinli ve yarat\u0131c\u0131 tarz\u0131yla k\u0131sa s\u00fcrede dikkatleri \u00fczerine \u00e7ekti. Yemek yaparken detaylara verdi\u011fi \u00f6nem ve uluslararas\u0131 mutfaktan \u00f6\u011frendiklerini harmanlama becerisi, onu yar\u0131\u015fman\u0131n en g\u00fc\u00e7l\u00fc isimlerinden biri haline getirdi.<\/p>\n<p><img loading=\"lazy\" decoding=\"async\" class=\"wp-image-134268\" src=\"https:\/\/www.tgrthaber.com\/mavikadin\/wp-content\/uploads\/semihcan-temiz-1-1-1024x576.jpg\" alt=\"semihcan temiz \" width=\"1208\" height=\"680\" title=\"\" srcset=\"https:\/\/www.tgrthaber.com\/mavikadin\/wp-content\/uploads\/semihcan-temiz-1-1-1024x576.jpg 1024w, https:\/\/www.tgrthaber.com\/mavikadin\/wp-content\/uploads\/semihcan-temiz-1-1-300x169.jpg 300w, https:\/\/www.tgrthaber.com\/mavikadin\/wp-content\/uploads\/semihcan-temiz-1-1-768x432.jpg 768w, https:\/\/www.tgrthaber.com\/mavikadin\/wp-content\/uploads\/semihcan-temiz-1-1-1536x864.jpg 1536w, https:\/\/www.tgrthaber.com\/mavikadin\/wp-content\/uploads\/semihcan-temiz-1-1.jpg 1600w\" sizes=\"(max-width: 1208px) 100vw, 1208px\" \/><\/p>\n<hr \/>\n<p>Finale kadar y\u00fckselmeyi ba\u015faran Semihcan, yar\u0131\u015fmay\u0131 \u00fc\u00e7\u00fcnc\u00fc olarak tamamlad\u0131. MasterChef maceras\u0131n\u0131n ard\u0131ndan Semihcan, sosyal medyada da aktif bir isim haline geldi. Semihcan Temiz, sosyal medya hesab\u0131ndan takip\u00e7ileriyle tariflerini ve mutfak deneyimlerini payla\u015f\u0131yor.<\/p>\n<p><img loading=\"lazy\" decoding=\"async\" class=\"wp-image-134270\" src=\"https:\/\/www.tgrthaber.com\/mavikadin\/wp-content\/uploads\/semihcan-temiz-3-1024x576.jpg\" alt=\"semihcan temiz \" width=\"1208\" height=\"680\" title=\"\" srcset=\"https:\/\/www.tgrthaber.com\/mavikadin\/wp-content\/uploads\/semihcan-temiz-3-1024x576.jpg 1024w, https:\/\/www.tgrthaber.com\/mavikadin\/wp-content\/uploads\/semihcan-temiz-3-300x169.jpg 300w, https:\/\/www.tgrthaber.com\/mavikadin\/wp-content\/uploads\/semihcan-temiz-3-768x432.jpg 768w, https:\/\/www.tgrthaber.com\/mavikadin\/wp-content\/uploads\/semihcan-temiz-3-1536x864.jpg 1536w, https:\/\/www.tgrthaber.com\/mavikadin\/wp-content\/uploads\/semihcan-temiz-3.jpg 1600w\" sizes=\"(max-width: 1208px) 100vw, 1208px\" \/><\/p>\n<hr \/>\n<h3><strong>SEM\u0130HCAN TEM\u0130Z\u2019\u0130N SEVG\u0130L\u0130S\u0130 K\u0130M<\/strong><\/h3>\n<p>Semihcan Temiz\u2019in sadece mutfaktaki ba\u015far\u0131lar\u0131 de\u011fil, \u00f6zel hayat\u0131yla da \u00a0g\u00fcndeme geliyor. 14 \u015eubat Sevgililer G\u00fcn\u00fc\u2019nde yapt\u0131\u011f\u0131 bir sosyal medya payla\u015f\u0131m\u0131yla, eski Survivor yar\u0131\u015fmac\u0131s\u0131 Sancakay Il\u0131m Morg\u00fcl ile birlikte oldu\u011funu duyurdu. Bu s\u00fcrpriz a\u00e7\u0131klama, hayranlar\u0131 taraf\u0131ndan b\u00fcy\u00fck ilgi g\u00f6rd\u00fc.<\/p>\n","protected":false},"excerpt":{"rendered":"<p>MasterChef T\u00fcrkiye yar\u0131\u015fmac\u0131lar\u0131ndan olan Semihcan Temiz Sevgililer G\u00fcn\u00fc\u2019nde sosyal medyas\u0131ndan yapt\u0131\u011f\u0131 payla\u015f\u0131mla g\u00fcndem oldu. Eski Survivor yar\u0131\u015fmac\u0131s\u0131 Sancakay Il\u0131m Morg\u00fcl\u2019le yapt\u0131\u011f\u0131 payla\u015f\u0131m, Temiz\u2019in takip\u00e7ileri taraf\u0131ndan merak konusu oldu. Peki Semihcan Temiz kimdir? Hangi programda yar\u0131\u015ft\u0131? Sevgilisi kim? Detaylar haberimizde\u2026 SEM\u0130HCAN TEM\u0130Z K\u0130MD\u0130R Semihcan Temiz, 1998 y\u0131l\u0131nda Mersin\u2019de d\u00fcnyaya geldi. Y\u00f6r\u00fck k\u00f6kenli bir aileden gelen Semihcan, [&hellip;]<\/p>\n","protected":false},"author":34,"featured_media":134276,"comment_status":"closed","ping_status":"closed","sticky":false,"template":"","format":"standard","meta":{"rank_math_lock_modified_date":false,"footnotes":""},"categories":[491],"tags":[11017,11018,11031],"class_list":["post-134247","post","type-post","status-publish","format-standard","has-post-thumbnail","hentry","category-biyografi","tag-masterchef-semih","tag-semihcan-temiz","tag-semihcan-temiz-sevgilisi"],"_links":{"self":[{"href":"https:\/\/www.tgrthaber.com\/mavikadin\/wp-json\/wp\/v2\/posts\/134247"}],"collection":[{"href":"https:\/\/www.tgrthaber.com\/mavikadin\/wp-json\/wp\/v2\/posts"}],"about":[{"href":"https:\/\/www.tgrthaber.com\/mavikadin\/wp-json\/wp\/v2\/types\/post"}],"author":[{"embeddable":true,"href":"https:\/\/www.tgrthaber.com\/mavikadin\/wp-json\/wp\/v2\/users\/34"}],"replies":[{"embeddable":true,"href":"https:\/\/www.tgrthaber.com\/mavikadin\/wp-json\/wp\/v2\/comments?post=134247"}],"version-history":[{"count":2,"href":"https:\/\/www.tgrthaber.com\/mavikadin\/wp-json\/wp\/v2\/posts\/134247\/revisions"}],"predecessor-version":[{"id":134277,"href":"https:\/\/www.tgrthaber.com\/mavikadin\/wp-json\/wp\/v2\/posts\/134247\/revisions\/134277"}],"wp:featuredmedia":[{"embeddable":true,"href":"https:\/\/www.tgrthaber.com\/mavikadin\/wp-json\/wp\/v2\/media\/134276"}],"wp:attachment":[{"href":"https:\/\/www.tgrthaber.com\/mavikadin\/wp-json\/wp\/v2\/media?parent=134247"}],"wp:term":[{"taxonomy":"category","embeddable":true,"href":"https:\/\/www.tgrthaber.com\/mavikadin\/wp-json\/wp\/v2\/categories?post=134247"},{"taxonomy":"post_tag","embeddable":true,"href":"https:\/\/www.tgrthaber.com\/mavikadin\/wp-json\/wp\/v2\/tags?post=134247"}],"curies":[{"name":"wp","href":"https:\/\/api.w.org\/{rel}","templated":true}]}}