{"id":134256,"date":"2025-02-15T17:33:36","date_gmt":"2025-02-15T14:33:36","guid":{"rendered":"https:\/\/www.tgrthaber.com\/mavikadin\/?p=134256"},"modified":"2025-02-15T17:37:26","modified_gmt":"2025-02-15T14:37:26","slug":"sosyal-medya-diyeti-cocuklara-zarar-veriyor-ozellikle-ergenlik-donemindeki-genclere-dikkat","status":"publish","type":"post","link":"https:\/\/www.tgrthaber.com\/mavikadin\/sosyal-medya-diyeti-cocuklara-zarar-veriyor-ozellikle-ergenlik-donemindeki-genclere-dikkat\/","title":{"rendered":"Sosyal medya diyeti \u00e7ocuklara zarar veriyor! \u00d6zellikle ergenlik d\u00f6nemindeki gen\u00e7lere dikkat"},"content":{"rendered":"<p>Pediatri Diyetisyeni Do\u00e7. Dr. Taygun Day\u0131, sosyal medya diyetinin \u00e7ocuklara olumsuz etkileri olabilece\u011fine dikkat \u00e7ekti. Day\u0131, pop\u00fcler ki\u015filerin \u00f6nerdi\u011fi diyetlerin, \u00e7ocuklar\u0131n ve gen\u00e7lerin sa\u011fl\u0131\u011f\u0131na zarar verebilece\u011fi uyar\u0131s\u0131nda bulundu.<\/p>\n<h3>\u00c7OCUKLARA SOSYAL MEDYA KISITLAMASI ZARAR VER\u0130YOR!<\/h3>\n<p>Yak\u0131n Do\u011fu \u00dcniversitesi Hastanesi Pediatri Diyetisyeni Do\u00e7. Dr. Taygun Day\u0131; bireysel ihtiya\u00e7lara ve t\u0131bbi ge\u00e7mi\u015fe uygun \u015fekilde planlanm\u0131\u015f beslenme programlar\u0131n\u0131n \u00f6nemine vurgu yaparak, pop\u00fcler diyetlerin \u00e7ocuk sa\u011fl\u0131\u011f\u0131 \u00fczerindeki olumsuz etkilerine dikkat \u00e7ekti. \u00d6zellikle sosyal medya platformlar\u0131nda pop\u00fcler ki\u015filerin \u00f6nerdi\u011fi diyetlerin, \u00e7ocuklar\u0131n sa\u011fl\u0131\u011f\u0131na zarar verebilece\u011fini belirten Do\u00e7. Dr. Taygun Day\u0131, \u00f6zellikle ergenlik d\u00f6nemindeki gen\u00e7lerin bu diyetlerden etkilenerek beden alg\u0131lar\u0131nda sorunlar ya\u015fad\u0131\u011f\u0131n\u0131 ifade etti.<\/p>\n<p><img loading=\"lazy\" decoding=\"async\" class=\"alignnone wp-image-134257\" src=\"https:\/\/www.tgrthaber.com\/mavikadin\/wp-content\/uploads\/sosyal-medya-1.jpg\" alt=\"\" width=\"1208\" height=\"680\" title=\"\" srcset=\"https:\/\/www.tgrthaber.com\/mavikadin\/wp-content\/uploads\/sosyal-medya-1.jpg 1920w, https:\/\/www.tgrthaber.com\/mavikadin\/wp-content\/uploads\/sosyal-medya-1-300x169.jpg 300w, https:\/\/www.tgrthaber.com\/mavikadin\/wp-content\/uploads\/sosyal-medya-1-1024x576.jpg 1024w, https:\/\/www.tgrthaber.com\/mavikadin\/wp-content\/uploads\/sosyal-medya-1-768x432.jpg 768w, https:\/\/www.tgrthaber.com\/mavikadin\/wp-content\/uploads\/sosyal-medya-1-1536x864.jpg 1536w\" sizes=\"(max-width: 1208px) 100vw, 1208px\" \/><\/p>\n<hr \/>\n<h3>EBEVEYNLER\u0130N SOSYAL MEDYA \u0130LE M\u00dcCADELE STRATEJ\u0130LER\u0130<\/h3>\n<p>Ebeveynlerin \u00e7ocuklar\u0131n\u0131 sosyal medyan\u0131n etkilerinden koruyabilmek i\u00e7in daha etkili y\u00f6ntemler geli\u015ftirmeleri gerekti\u011fi vurgulanm\u0131\u015f. Bununla ilgili:<\/p>\n<p><strong>Ebeveyn kontrol uygulamalar\u0131 ve dijital fark\u0131ndal\u0131k:<\/strong> Sosyal medya kullan\u0131m\u0131n\u0131 izlemek ve sa\u011fl\u0131kl\u0131 i\u00e7erikler ile s\u0131n\u0131rlamak.<\/p>\n<p><strong>Aile i\u00e7i sohbetler:<\/strong> \u00c7ocuklar aras\u0131nda beden alg\u0131s\u0131 ve diyet konular\u0131n\u0131 konu\u015farak, sosyal medyada g\u00f6rd\u00fcklerinin her zaman ger\u00e7ek\u00e7i olmad\u0131\u011f\u0131n\u0131 \u00f6\u011fretmek.<\/p>\n<p><strong>Sosyal medya e\u011fitimi:<\/strong> Ebeveynler, \u00e7ocuklar\u0131na sosyal medyan\u0131n i\u00e7erik \u00fcreticilerinin ve influencerlar\u0131n\u0131n genellikle sponsorlu payla\u015f\u0131mlar yapt\u0131\u011f\u0131n\u0131 ve ger\u00e7ek\u00e7i olmayan standartlar sunduklar\u0131n\u0131 anlatabilirler.<\/p>\n<p><img loading=\"lazy\" decoding=\"async\" class=\"aligncenter wp-image-134258\" src=\"https:\/\/www.tgrthaber.com\/mavikadin\/wp-content\/uploads\/Baslik-47.jpg\" alt=\"Do\u00e7. Dr. Taygun Day\u0131\" width=\"1208\" height=\"680\" title=\"\" srcset=\"https:\/\/www.tgrthaber.com\/mavikadin\/wp-content\/uploads\/Baslik-47.jpg 1920w, https:\/\/www.tgrthaber.com\/mavikadin\/wp-content\/uploads\/Baslik-47-300x169.jpg 300w, https:\/\/www.tgrthaber.com\/mavikadin\/wp-content\/uploads\/Baslik-47-1024x576.jpg 1024w, https:\/\/www.tgrthaber.com\/mavikadin\/wp-content\/uploads\/Baslik-47-768x432.jpg 768w, https:\/\/www.tgrthaber.com\/mavikadin\/wp-content\/uploads\/Baslik-47-1536x864.jpg 1536w\" sizes=\"(max-width: 1208px) 100vw, 1208px\" \/><\/p>\n<hr \/>\n<h3>B\u0130REYSEL BESLENME PLANLAMASI VE TIBB\u0130 GE\u00c7M\u0130\u015e\u0130N \u00d6NEM\u0130<\/h3>\n<p>\u00c7ocuklar i\u00e7in \u00f6zel olarak ki\u015fiye g\u00f6re diyet programlar\u0131 olu\u015fturulmas\u0131 gerekti\u011fi vurgulanm\u0131\u015f.<\/p>\n<p><strong>Bireysel ihtiya\u00e7lar ve sa\u011fl\u0131k ge\u00e7mi\u015fine odaklanmak:<\/strong> Genetik fakt\u00f6rler, alerjiler, mevcut sa\u011fl\u0131k sorunlar\u0131 g\u00f6z \u00f6n\u00fcnde bulundurularak ki\u015fisel beslenme planlar\u0131n\u0131n yap\u0131lmas\u0131.<\/p>\n<p><strong>\u00c7ocuklar i\u00e7in e\u011fitimli diyetisyenler:<\/strong> Sa\u011fl\u0131k profesyonelleri, diyet \u00f6nerilerinin genellikle &#8220;bir beden herkese uymaz&#8221; anlay\u0131\u015f\u0131na g\u00f6re yap\u0131lmas\u0131 gerekti\u011fini belirtebilir.<\/p>\n<p><img loading=\"lazy\" decoding=\"async\" class=\"alignnone wp-image-134259\" src=\"https:\/\/www.tgrthaber.com\/mavikadin\/wp-content\/uploads\/sosyal-medya-3.jpg\" alt=\"\" width=\"1208\" height=\"680\" title=\"\" srcset=\"https:\/\/www.tgrthaber.com\/mavikadin\/wp-content\/uploads\/sosyal-medya-3.jpg 1920w, https:\/\/www.tgrthaber.com\/mavikadin\/wp-content\/uploads\/sosyal-medya-3-300x169.jpg 300w, https:\/\/www.tgrthaber.com\/mavikadin\/wp-content\/uploads\/sosyal-medya-3-1024x576.jpg 1024w, https:\/\/www.tgrthaber.com\/mavikadin\/wp-content\/uploads\/sosyal-medya-3-768x432.jpg 768w, https:\/\/www.tgrthaber.com\/mavikadin\/wp-content\/uploads\/sosyal-medya-3-1536x864.jpg 1536w\" sizes=\"(max-width: 1208px) 100vw, 1208px\" \/><\/p>\n<hr \/>\n<h3>\u00c7OCUKLAR VE ERGENL\u0130K D\u00d6NEM\u0130NDE BEDEN ALGISI<\/h3>\n<p>Ergenlikte beden alg\u0131s\u0131 sorunlar\u0131, sosyal medya ve toplumun dayatt\u0131\u011f\u0131 g\u00fczellik standartlar\u0131ndan etkilenebiliyor. Buna y\u00f6nelik:<\/p>\n<p><strong>Okullarda psikolojik destek:<\/strong> Ergenlerin beden alg\u0131s\u0131 \u00fczerine e\u011fitim ve fark\u0131ndal\u0131k olu\u015fturulabilir.<\/p>\n<p><strong>Aile i\u00e7i destek:<\/strong> Ailelerin \u00e7ocuklar\u0131na sa\u011fl\u0131kl\u0131 beslenme al\u0131\u015fkanl\u0131klar\u0131 kazand\u0131rarak, beden alg\u0131lar\u0131n\u0131 pozitif y\u00f6nde etkilemesi sa\u011flanabilir.<\/p>\n<p><strong>Psikologlar ve diyetisyenlerin ortak \u00e7al\u0131\u015fmas\u0131:<\/strong> Beden alg\u0131s\u0131 bozukluklar\u0131 ya\u015fayan \u00e7ocuklar i\u00e7in profesyonel destek al\u0131nmas\u0131 gerekebilir.<\/p>\n<p><img loading=\"lazy\" decoding=\"async\" class=\"alignnone wp-image-134260\" src=\"https:\/\/www.tgrthaber.com\/mavikadin\/wp-content\/uploads\/sosyal-medya-5.jpg\" alt=\"\" width=\"1208\" height=\"680\" title=\"\" srcset=\"https:\/\/www.tgrthaber.com\/mavikadin\/wp-content\/uploads\/sosyal-medya-5.jpg 1920w, https:\/\/www.tgrthaber.com\/mavikadin\/wp-content\/uploads\/sosyal-medya-5-300x169.jpg 300w, https:\/\/www.tgrthaber.com\/mavikadin\/wp-content\/uploads\/sosyal-medya-5-1024x576.jpg 1024w, https:\/\/www.tgrthaber.com\/mavikadin\/wp-content\/uploads\/sosyal-medya-5-768x432.jpg 768w, https:\/\/www.tgrthaber.com\/mavikadin\/wp-content\/uploads\/sosyal-medya-5-1536x864.jpg 1536w\" sizes=\"(max-width: 1208px) 100vw, 1208px\" \/><\/p>\n<hr \/>\n<h3>D\u0130YET\u0130SYENLER\u0130N ROL\u00dc<\/h3>\n<p>Diyetisyenlerin \u00e7ocuklar i\u00e7in \u00f6neriler sunarken multidisipliner bir yakla\u015f\u0131m\u0131 benimsemeleri gerekti\u011fi ifade edilmi\u015f. Bu da \u015funu gerektiriyor:<\/p>\n<p><strong>Tak\u0131m \u00e7al\u0131\u015fmas\u0131:<\/strong> Diyetisyenler, psikologlar, pediatristler ve hatta \u00f6\u011fretmenler ile i\u015fbirli\u011fi yaparak b\u00fct\u00fcnsel bir bak\u0131\u015f a\u00e7\u0131s\u0131 ile \u00e7ocuklar\u0131n beslenme ve beden alg\u0131s\u0131 sorunlar\u0131na y\u00f6nelik \u00e7\u00f6z\u00fcmler \u00fcretilebilir.<\/p>\n<p><strong>E\u011fitim programlar\u0131:<\/strong> Okul ve ailelerde diyetisyenlerin uzmanl\u0131klar\u0131n\u0131 payla\u015fabilecekleri, \u00e7ocuklara sa\u011fl\u0131kl\u0131 beslenme al\u0131\u015fkanl\u0131klar\u0131 kazand\u0131racak programlar geli\u015ftirilebilir.<\/p>\n<p><img loading=\"lazy\" decoding=\"async\" class=\"alignnone wp-image-134261\" src=\"https:\/\/www.tgrthaber.com\/mavikadin\/wp-content\/uploads\/sosyal-medya-6.jpg\" alt=\"\" width=\"1208\" height=\"680\" title=\"\" srcset=\"https:\/\/www.tgrthaber.com\/mavikadin\/wp-content\/uploads\/sosyal-medya-6.jpg 1920w, https:\/\/www.tgrthaber.com\/mavikadin\/wp-content\/uploads\/sosyal-medya-6-300x169.jpg 300w, https:\/\/www.tgrthaber.com\/mavikadin\/wp-content\/uploads\/sosyal-medya-6-1024x576.jpg 1024w, https:\/\/www.tgrthaber.com\/mavikadin\/wp-content\/uploads\/sosyal-medya-6-768x432.jpg 768w, https:\/\/www.tgrthaber.com\/mavikadin\/wp-content\/uploads\/sosyal-medya-6-1536x864.jpg 1536w\" sizes=\"(max-width: 1208px) 100vw, 1208px\" \/><\/p>\n<hr \/>\n<h3>TOPLUMUN ROL\u00dc<\/h3>\n<p>\u00c7ocuklar\u0131n sa\u011fl\u0131kl\u0131 beslenme al\u0131\u015fkanl\u0131klar\u0131 edinmesi konusunda toplumun katk\u0131lar\u0131 \u00f6nemli. A\u015fa\u011f\u0131daki ad\u0131mlar faydal\u0131 olabilir:<\/p>\n<p><strong>Toplum tabanl\u0131 e\u011fitimler:<\/strong> Okul ve yerel sa\u011fl\u0131k merkezlerinde toplum sa\u011fl\u0131\u011f\u0131n\u0131 \u00f6n planda tutarak, sa\u011fl\u0131kl\u0131 beslenme ve diyet hakk\u0131nda seminerler d\u00fczenlenebilir.<\/p>\n<p><strong>Sa\u011fl\u0131k sigortas\u0131 te\u015fvikleri:<\/strong> Ailelerin diyetisyen deste\u011fi almas\u0131 te\u015fvik edilebilir.<\/p>\n","protected":false},"excerpt":{"rendered":"<p>\u00c7ocuklara sosyal medya diyeti yapt\u0131rmak zarar verebilir. Pediatri Diyetisyeni Do\u00e7. Dr. Taygun Day\u0131 \u00f6zellikle ergenlik d\u00f6nemindeki gen\u00e7ler i\u00e7in uyar\u0131da bulundu.<\/p>\n","protected":false},"author":5,"featured_media":134262,"comment_status":"closed","ping_status":"closed","sticky":false,"template":"","format":"standard","meta":{"rank_math_lock_modified_date":false,"footnotes":""},"categories":[111],"tags":[11030,3169,11029],"class_list":["post-134256","post","type-post","status-publish","format-standard","has-post-thumbnail","hentry","category-anne-cocuk","tag-cocuklarda-sosyal-medya-kullanimi","tag-sosyal-medya","tag-sosyal-medya-zararlari"],"_links":{"self":[{"href":"https:\/\/www.tgrthaber.com\/mavikadin\/wp-json\/wp\/v2\/posts\/134256"}],"collection":[{"href":"https:\/\/www.tgrthaber.com\/mavikadin\/wp-json\/wp\/v2\/posts"}],"about":[{"href":"https:\/\/www.tgrthaber.com\/mavikadin\/wp-json\/wp\/v2\/types\/post"}],"author":[{"embeddable":true,"href":"https:\/\/www.tgrthaber.com\/mavikadin\/wp-json\/wp\/v2\/users\/5"}],"replies":[{"embeddable":true,"href":"https:\/\/www.tgrthaber.com\/mavikadin\/wp-json\/wp\/v2\/comments?post=134256"}],"version-history":[{"count":5,"href":"https:\/\/www.tgrthaber.com\/mavikadin\/wp-json\/wp\/v2\/posts\/134256\/revisions"}],"predecessor-version":[{"id":134274,"href":"https:\/\/www.tgrthaber.com\/mavikadin\/wp-json\/wp\/v2\/posts\/134256\/revisions\/134274"}],"wp:featuredmedia":[{"embeddable":true,"href":"https:\/\/www.tgrthaber.com\/mavikadin\/wp-json\/wp\/v2\/media\/134262"}],"wp:attachment":[{"href":"https:\/\/www.tgrthaber.com\/mavikadin\/wp-json\/wp\/v2\/media?parent=134256"}],"wp:term":[{"taxonomy":"category","embeddable":true,"href":"https:\/\/www.tgrthaber.com\/mavikadin\/wp-json\/wp\/v2\/categories?post=134256"},{"taxonomy":"post_tag","embeddable":true,"href":"https:\/\/www.tgrthaber.com\/mavikadin\/wp-json\/wp\/v2\/tags?post=134256"}],"curies":[{"name":"wp","href":"https:\/\/api.w.org\/{rel}","templated":true}]}}