{"id":134283,"date":"2025-02-15T18:43:44","date_gmt":"2025-02-15T15:43:44","guid":{"rendered":"https:\/\/www.tgrthaber.com\/mavikadin\/?p=134283"},"modified":"2025-02-15T18:43:44","modified_gmt":"2025-02-15T15:43:44","slug":"o-ses-turkiyede-hadisenin-duygusal-anlari","status":"publish","type":"post","link":"https:\/\/www.tgrthaber.com\/mavikadin\/o-ses-turkiyede-hadisenin-duygusal-anlari\/","title":{"rendered":"O Ses T\u00fcrkiye\u2019de Hadise\u2019nin duygusal anlar\u0131!"},"content":{"rendered":"<p>O Ses T\u00fcrkiye\u2019nin 15 \u015eubat Cumartesi g\u00fcn\u00fc ak\u015fam\u0131 2. B\u00f6l\u00fcm\u00fcyle ekrana gelmeye haz\u0131rlan\u0131yor. Melike \u015eahin, Beyaz\u0131t \u00d6zt\u00fcrk, G\u00f6khan \u00d6zo\u011fuz ve Hadise\u2019nin yer ald\u0131\u011f\u0131 j\u00fcri \u00fcyeleri kendi tak\u0131mlar\u0131n\u0131 olu\u015fturmak i\u00e7in yar\u0131\u015fma se\u00e7imlerini yapmaya devam ediyor. O Ses T\u00fcrkiye\u2019nin yeni b\u00f6l\u00fcm\u00fcnde \u00f6yle bir ses \u015fark\u0131 s\u00f6yl\u00fcyor ki J\u00fcri koltu\u011funda herkesi sesiyle mesh ediyor. Ses tonuyla j\u00fcri \u00fcyelerini etkileyen yar\u0131\u015fmac\u0131, Hadise\u2019ye duygusal anlar ya\u015fatacak. Peki, yar\u0131\u015fmac\u0131 Hadiseyi se\u00e7ecek mi yoksa ba\u015fka j\u00fcri \u00fcyesini mi se\u00e7ecek mi?<\/p>\n<h3>HAD\u0130SE\u2019N\u0130N DUYGUSAL ANLARI<\/h3>\n<p>O Ses T\u00fcrkiye yeni b\u00f6l\u00fcm\u00fcyle herkesi yine ekrana kilitleyecek. Birbirinden g\u00fczel seslerin bir arada yar\u0131\u015ft\u0131\u011f\u0131 ve j\u00fcri \u00fcyelerinin kendi tak\u0131mlar\u0131n\u0131 kurmak i\u00e7in yar\u0131\u015fmac\u0131lar\u0131 etkileyecek. Gecenin ilerleyen saatlerinde sahneye \u00e7\u0131kacak bir yar\u0131\u015fmac\u0131 J\u00fcri \u00fcyelerine unutulmaz anlar ya\u015fatacak. J\u00fcri \u00fcyeleri aras\u0131ndan \u00f6zellikle Hadise, yar\u0131\u015fmac\u0131dan olduk\u00e7a etkileniyor. Yar\u0131\u015fmac\u0131 i\u00e7in \u015fu s\u00f6zleri sarf ediyor.<\/p>\n<p>\u201c Ben ka\u00e7 senedir O Ses\u2019teyim biliyorsunuz. Duygusal\u0131msa duygusal\u0131m. Mutluysam mutluyum. Senin \u015fark\u0131nla birden canland\u0131m. Sen beni canland\u0131rd\u0131n te\u015fekk\u00fcr ederim.\u201d S\u00f6zleriyle Hadise, st\u00fcdyoda duygusal anlar ya\u015fayacak. Peki, yar\u0131\u015fmac\u0131 onu se\u00e7ecek mi yoksa ba\u015fka j\u00fcri \u00fcyesini mi se\u00e7ecek? Ya da sadece Hadise mi o yar\u0131\u015fmac\u0131ya d\u00f6necek?<\/p>\n<p><img loading=\"lazy\" decoding=\"async\" class=\"alignnone wp-image-134290\" src=\"https:\/\/www.tgrthaber.com\/mavikadin\/wp-content\/uploads\/o-ses-turkiye-hadise-300x169.jpg\" alt=\"o ses t\u00fcrkiye hadise\" width=\"1208\" height=\"680\" title=\"\" srcset=\"https:\/\/www.tgrthaber.com\/mavikadin\/wp-content\/uploads\/o-ses-turkiye-hadise-300x169.jpg 300w, https:\/\/www.tgrthaber.com\/mavikadin\/wp-content\/uploads\/o-ses-turkiye-hadise-1024x576.jpg 1024w, https:\/\/www.tgrthaber.com\/mavikadin\/wp-content\/uploads\/o-ses-turkiye-hadise-768x432.jpg 768w, https:\/\/www.tgrthaber.com\/mavikadin\/wp-content\/uploads\/o-ses-turkiye-hadise-1536x864.jpg 1536w, https:\/\/www.tgrthaber.com\/mavikadin\/wp-content\/uploads\/o-ses-turkiye-hadise.jpg 1920w\" sizes=\"(max-width: 1208px) 100vw, 1208px\" \/><\/p>\n<hr \/>\n<h3>O SES T\u00dcRK\u0130YE\u2019N\u0130N YEN\u0130 B\u00d6L\u00dcM\u00dcNDE NELER OLACAK?<\/h3>\n<p>15 \u015eubat 2025 ak\u015fam\u0131 ekranlara gelecek olan O Ses T\u00fcrkiye yar\u0131\u015fmas\u0131nda hem e\u011flence hem rekabet bir arada olacak. Melike \u015eahin, Beyaz\u0131t \u00d6zt\u00fcrk, G\u00f6khan \u00d6zo\u011fuz ve Hadise\u2019nin yer ald\u0131\u011f\u0131 j\u00fcri \u00fcyeleri birbirinden iddial\u0131 yar\u0131\u015fmac\u0131lar aras\u0131ndan kendi tak\u0131m\u0131na uygun olan sesleri se\u00e7mek i\u00e7in k\u0131yas\u0131ya rekabet edecek. G\u00f6khan \u00d6zo\u011fuz\u2019un konu\u015furken ki konunun oralete kaymas\u0131 st\u00fcdyodaki herkesi g\u00fclme krizine sokacak. Beyaz\u0131t \u00d6zt\u00fcrk\u2019\u00fcn Melike \u015eahin\u2019e tak\u0131ld\u0131\u011f\u0131 sevimli haller izleyiciden b\u00fcy\u00fck be\u011feni toplayacak. Hadise ve Melike \u015eahin aras\u0131ndaki tecr\u00fcbe iddias\u0131 ve birbirlerine meydan okumalar\u0131 j\u00fcri \u00fcyeleri aras\u0131ndaki \u00e7eki\u015fmeyi g\u00f6zler \u00f6n\u00fcne serecek. Melike \u015eahin yine kulaklar\u0131n pas\u0131n\u0131 silecek \u015fark\u0131s\u0131yla hem st\u00fcdyodakilerin hem de ekran ba\u015f\u0131ndakilerine m\u00fczik ziyafeti sunacak.<\/p>\n","protected":false},"excerpt":{"rendered":"<p>15 \u015eubat Cumartesi g\u00fcn\u00fc ekranlara gelecek olan O Ses T\u00fcrkiye 2025 yar\u0131\u015fmas\u0131nda yine birbirinden iddial\u0131 sesler yar\u0131\u015fmaya devam ediyor. Yar\u0131\u015fmac\u0131lar\u0131 kendi tak\u0131mlar\u0131na almak i\u00e7in k\u0131yas\u0131ya rekabet eden j\u00fcri \u00fcyelerini \u015fa\u015f\u0131rtmaya devam ediyor. Ekranlara gelecek yeni b\u00f6l\u00fcmde Hadise duygusal anlar ya\u015fayacak.<\/p>\n","protected":false},"author":10,"featured_media":134291,"comment_status":"closed","ping_status":"closed","sticky":false,"template":"","format":"standard","meta":{"rank_math_lock_modified_date":false,"footnotes":""},"categories":[101],"tags":[2378,11038],"class_list":["post-134283","post","type-post","status-publish","format-standard","has-post-thumbnail","hentry","category-kesfet","tag-o-ses-turkiye","tag-o-ses-turkiye-hadise"],"_links":{"self":[{"href":"https:\/\/www.tgrthaber.com\/mavikadin\/wp-json\/wp\/v2\/posts\/134283"}],"collection":[{"href":"https:\/\/www.tgrthaber.com\/mavikadin\/wp-json\/wp\/v2\/posts"}],"about":[{"href":"https:\/\/www.tgrthaber.com\/mavikadin\/wp-json\/wp\/v2\/types\/post"}],"author":[{"embeddable":true,"href":"https:\/\/www.tgrthaber.com\/mavikadin\/wp-json\/wp\/v2\/users\/10"}],"replies":[{"embeddable":true,"href":"https:\/\/www.tgrthaber.com\/mavikadin\/wp-json\/wp\/v2\/comments?post=134283"}],"version-history":[{"count":1,"href":"https:\/\/www.tgrthaber.com\/mavikadin\/wp-json\/wp\/v2\/posts\/134283\/revisions"}],"predecessor-version":[{"id":134293,"href":"https:\/\/www.tgrthaber.com\/mavikadin\/wp-json\/wp\/v2\/posts\/134283\/revisions\/134293"}],"wp:featuredmedia":[{"embeddable":true,"href":"https:\/\/www.tgrthaber.com\/mavikadin\/wp-json\/wp\/v2\/media\/134291"}],"wp:attachment":[{"href":"https:\/\/www.tgrthaber.com\/mavikadin\/wp-json\/wp\/v2\/media?parent=134283"}],"wp:term":[{"taxonomy":"category","embeddable":true,"href":"https:\/\/www.tgrthaber.com\/mavikadin\/wp-json\/wp\/v2\/categories?post=134283"},{"taxonomy":"post_tag","embeddable":true,"href":"https:\/\/www.tgrthaber.com\/mavikadin\/wp-json\/wp\/v2\/tags?post=134283"}],"curies":[{"name":"wp","href":"https:\/\/api.w.org\/{rel}","templated":true}]}}