{"id":134373,"date":"2025-02-15T22:44:39","date_gmt":"2025-02-15T19:44:39","guid":{"rendered":"https:\/\/www.tgrthaber.com\/mavikadin\/?p=134373"},"modified":"2025-02-15T22:44:39","modified_gmt":"2025-02-15T19:44:39","slug":"burcu-kiratlidan-sinan-akcilla-baristi-iddialarina-yanit","status":"publish","type":"post","link":"https:\/\/www.tgrthaber.com\/mavikadin\/burcu-kiratlidan-sinan-akcilla-baristi-iddialarina-yanit\/","title":{"rendered":"Burcu K\u0131ratl\u0131&#8217;dan Sinan Ak\u00e7\u0131l&#8217;la bar\u0131\u015ft\u0131 iddialar\u0131na yan\u0131t!"},"content":{"rendered":"<p>Burcu K\u0131ratl\u0131 2019 y\u0131l\u0131nda Sinan Ak\u00e7\u0131l\u2019la\u00a0Amsterdam&#8217;da d\u00fcnyaevine girmi\u015fti. Evlilikleri 9 ay s\u00fcren ikili, aralar\u0131nda ya\u015fan\u0131lan anla\u015fmazl\u0131klardan dolay\u0131 bo\u015fanm\u0131\u015flard\u0131. Bo\u015fand\u0131ktan tam 20 g\u00fcn sonra \u00fcnl\u00fc \u00e7ift, birlikteliklerine bir \u015fans daha vermek istedi ve\u00a0\u015eubat 2021&#8217;de ikinci kez nikah masas\u0131na oturmu\u015flard\u0131. Sinan Ak\u00e7\u0131l ile Burcu K\u0131ratl\u0131&#8217;n\u0131n 15 ay s\u00fcren ikinci evlilikleri 2022&#8217;nin May\u0131s ay\u0131nda tekrardan bitmi\u015fti.<\/p>\n<h3>\u201cB\u00d6YLE B\u0130R BARI\u015eMA YOK\u201d<\/h3>\n<p>Burcu K\u0131ratl\u0131\u2019ya Sinan Ak\u00e7\u0131l\u2019la bar\u0131\u015ft\u0131n\u0131z m\u0131? sorusu ilk y\u00f6neltildi\u011finde kat\u0131ld\u0131\u011f\u0131 bir magazin program\u0131nda bu konuya dair a\u00e7\u0131klamalarda bulunmu\u015ftu.<\/p>\n<p>\u201cTabii ki b\u00f6yle bir bar\u0131\u015fma yok. Her zaman s\u00f6yledi\u011fim gibi biz Sinan ile birbirimize k\u00f6t\u00fc bir \u015fey ya\u015fatarak ayr\u0131lmad\u0131k. Birbirimizin y\u00fcz\u00fcne bakamayaca\u011f\u0131m\u0131z \u015fekilde ayr\u0131lmad\u0131k. Herkesin bir k\u0131rm\u0131z\u0131 \u00e7izgisi vard\u0131r. Biz hi\u00e7 o k\u0131rm\u0131z\u0131 \u00e7izgileri a\u015fmad\u0131k. Sayg\u0131s\u0131zl\u0131k, aldatma, yalan, \u015fiddet. G\u00f6r\u00fc\u015f\u00fcyoruz ama alt\u0131nda ba\u015fka anlam olacak bir \u015fekilde de\u011fil&#8221; diyerek Burcu K\u0131ratl\u0131, Sinan Ak\u00e7\u0131l hakk\u0131ndaki net duru\u015funu ifade etti.<\/p>\n<p><img loading=\"lazy\" decoding=\"async\" class=\"alignnone wp-image-134380\" src=\"https:\/\/www.tgrthaber.com\/mavikadin\/wp-content\/uploads\/burcu-kiatli-300x169.jpg\" alt=\"\" width=\"1208\" height=\"680\" title=\"\" srcset=\"https:\/\/www.tgrthaber.com\/mavikadin\/wp-content\/uploads\/burcu-kiatli-300x169.jpg 300w, https:\/\/www.tgrthaber.com\/mavikadin\/wp-content\/uploads\/burcu-kiatli-1024x576.jpg 1024w, https:\/\/www.tgrthaber.com\/mavikadin\/wp-content\/uploads\/burcu-kiatli-768x432.jpg 768w, https:\/\/www.tgrthaber.com\/mavikadin\/wp-content\/uploads\/burcu-kiatli-1536x864.jpg 1536w, https:\/\/www.tgrthaber.com\/mavikadin\/wp-content\/uploads\/burcu-kiatli.jpg 1920w\" sizes=\"(max-width: 1208px) 100vw, 1208px\" \/><\/p>\n<hr \/>\n<h3>\u201c\u0130L\u0130\u015eK\u0130 BA\u015eLANGICI G\u0130B\u0130 G\u00d6R\u00dc\u015eMEK DE\u011e\u0130L\u201d<\/h3>\n<p>Burcu K\u0131ratl\u0131, bir mekan \u00e7\u0131k\u0131\u015f\u0131 gazetecilerin sorular\u0131n\u0131 cevaplad\u0131. Sinan Ak\u00e7\u0131l\u2019la olan bar\u0131\u015fma mevzusu yeniden soruldu. K\u0131ratl\u0131, bar\u0131\u015fma konusunda yeniden a\u00e7\u0131klama yapt\u0131. Sinan Ak\u00e7\u0131l\u2019\u0131n 3 ayd\u0131r g\u00f6r\u00fc\u015f\u00fcyoruz s\u00f6zlerine kar\u015f\u0131l\u0131k ise \u015funlar\u0131 s\u00f6yledi.<\/p>\n<p>\u201cGe\u00e7en g\u00fcn s\u00f6yledim zaten. \u00d6yle bir \u015fey asla yok. M\u00fcmk\u00fcn de\u011fil. Konusu bile ge\u00e7miyor diyeyim ben sana. O kadar. O g\u00f6r\u00fc\u015fmek hani g\u00f6r\u00fc\u015f\u00fcyoruz, bulu\u015fuyoruz, bir \u015feyler payla\u015f\u0131yoruz demek de\u011fil yani. Art\u0131k kavgal\u0131 de\u011filiz. Herhangi bir \u015fey yok. Bu g\u00f6r\u00fc\u015fmek ili\u015fki ba\u015flang\u0131c\u0131 gibi g\u00f6r\u00fc\u015fmek de\u011fil yani.\u201d<\/p>\n","protected":false},"excerpt":{"rendered":"<p>Sevgililer G\u00fcn\u00fc\u2019nde Burcu K\u0131ratl\u0131 ve Sinan Ak\u00e7\u0131l\u2019\u0131n bar\u0131\u015ft\u0131\u011f\u0131na dair \u00e7\u0131kan haberlere Burcu K\u0131ratl\u0131\u2019dan cevap gecikmedi. \u0130ki kere evlenip bo\u015fanan ikili, haklar\u0131nda \u00e7\u0131kan bar\u0131\u015ft\u0131 iddialar\u0131na cevap verdi. <\/p>\n","protected":false},"author":10,"featured_media":134382,"comment_status":"closed","ping_status":"closed","sticky":false,"template":"","format":"standard","meta":{"rank_math_lock_modified_date":false,"footnotes":""},"categories":[76],"tags":[11067,11066,133,2218],"class_list":["post-134373","post","type-post","status-publish","format-standard","has-post-thumbnail","hentry","category-magazin","tag-barisma","tag-burcu-kiratli-ve-sinan-akcil","tag-magazin","tag-magazin-haberleri"],"_links":{"self":[{"href":"https:\/\/www.tgrthaber.com\/mavikadin\/wp-json\/wp\/v2\/posts\/134373"}],"collection":[{"href":"https:\/\/www.tgrthaber.com\/mavikadin\/wp-json\/wp\/v2\/posts"}],"about":[{"href":"https:\/\/www.tgrthaber.com\/mavikadin\/wp-json\/wp\/v2\/types\/post"}],"author":[{"embeddable":true,"href":"https:\/\/www.tgrthaber.com\/mavikadin\/wp-json\/wp\/v2\/users\/10"}],"replies":[{"embeddable":true,"href":"https:\/\/www.tgrthaber.com\/mavikadin\/wp-json\/wp\/v2\/comments?post=134373"}],"version-history":[{"count":1,"href":"https:\/\/www.tgrthaber.com\/mavikadin\/wp-json\/wp\/v2\/posts\/134373\/revisions"}],"predecessor-version":[{"id":134383,"href":"https:\/\/www.tgrthaber.com\/mavikadin\/wp-json\/wp\/v2\/posts\/134373\/revisions\/134383"}],"wp:featuredmedia":[{"embeddable":true,"href":"https:\/\/www.tgrthaber.com\/mavikadin\/wp-json\/wp\/v2\/media\/134382"}],"wp:attachment":[{"href":"https:\/\/www.tgrthaber.com\/mavikadin\/wp-json\/wp\/v2\/media?parent=134373"}],"wp:term":[{"taxonomy":"category","embeddable":true,"href":"https:\/\/www.tgrthaber.com\/mavikadin\/wp-json\/wp\/v2\/categories?post=134373"},{"taxonomy":"post_tag","embeddable":true,"href":"https:\/\/www.tgrthaber.com\/mavikadin\/wp-json\/wp\/v2\/tags?post=134373"}],"curies":[{"name":"wp","href":"https:\/\/api.w.org\/{rel}","templated":true}]}}