{"id":134390,"date":"2025-02-15T23:48:30","date_gmt":"2025-02-15T20:48:30","guid":{"rendered":"https:\/\/www.tgrthaber.com\/mavikadin\/?p=134390"},"modified":"2025-02-15T23:58:57","modified_gmt":"2025-02-15T20:58:57","slug":"o-ses-turkiyede-nostaljik-anlar-yillar-once-yarisan-hulyadan-hadiseye-gonderme","status":"publish","type":"post","link":"https:\/\/www.tgrthaber.com\/mavikadin\/o-ses-turkiyede-nostaljik-anlar-yillar-once-yarisan-hulyadan-hadiseye-gonderme\/","title":{"rendered":"O Ses T\u00fcrkiye\u2019de nostaljik anlar! Y\u0131llar \u00f6nce yar\u0131\u015fan H\u00fclya&#8217;dan Hadise&#8217;ye g\u00f6nderme!"},"content":{"rendered":"<p>O Ses T\u00fcrkiye, 15 \u015eubat Cumartesi ak\u015fam\u0131 yay\u0131nlanan yeni b\u00f6l\u00fcm\u00fcyle izleyicileri ekran ba\u015f\u0131na kilitledi. J\u00fcri \u00fcyeleri Melike \u015eahin, Beyaz\u0131t \u00d6zt\u00fcrk, G\u00f6khan \u00d6zo\u011fuz ve Hadise, g\u00fc\u00e7l\u00fc sesleri tak\u0131mlar\u0131na katmak i\u00e7in k\u0131yas\u0131ya m\u00fccadele ederken, sahnede duygusal ve nostaljik anlar ya\u015fand\u0131. Y\u0131llar \u00f6nce O Ses T\u00fcrkiye \u00c7ocuklar program\u0131na kat\u0131lan H\u00fclya, yeniden sahneye \u00e7\u0131kt\u0131. Eski yar\u0131\u015fmac\u0131, performans\u0131n\u0131 sergiledikten sonra Hadise\u2019ye d\u00f6nerek, \u201cO zaman d\u00f6nmemi\u015ftiniz\u201d diyerek tatl\u0131 sert bir g\u00f6nderme yapt\u0131. H\u00fclya\u2019n\u0131n bu s\u00f6zleri sosyal medyada g\u00fcndem oldu.<\/p>\n<h3>YILLAR \u00d6NCE YARI\u015eAN H\u00dcLYA&#8217;DAN HAD\u0130SE&#8217;YE TATLI SERT G\u00d6NDERME<\/h3>\n<p class=\"p1\">O Ses T\u00fcrkiye, 15 \u015eubat ak\u015fam\u0131 ekrana gelen yeni b\u00f6l\u00fcm\u00fcyle izleyicilere heyecan dolu anlar ya\u015fatt\u0131. Melike \u015eahin, Beyaz\u0131t \u00d6zt\u00fcrk, G\u00f6khan \u00d6zo\u011fuz ve Hadise\u2019den olu\u015fan j\u00fcri \u00fcyeleri, yetenekli sesleri tak\u0131mlar\u0131na kazand\u0131rmak i\u00e7in b\u00fcy\u00fck \u00e7aba harcarken, yar\u0131\u015fmada nostaljik bir an ya\u015fand\u0131.<\/p>\n<div style=\"width: 640px;\" class=\"wp-video\"><!--[if lt IE 9]><script>document.createElement('video');<\/script><![endif]-->\n<video class=\"wp-video-shortcode\" id=\"video-134390-1\" width=\"640\" height=\"1138\" preload=\"metadata\" controls=\"controls\"><source type=\"video\/mp4\" src=\"https:\/\/www.tgrthaber.com\/mavikadin\/wp-content\/uploads\/hadise.mp4?_=1\" \/><a href=\"https:\/\/www.tgrthaber.com\/mavikadin\/wp-content\/uploads\/hadise.mp4\">https:\/\/www.tgrthaber.com\/mavikadin\/wp-content\/uploads\/hadise.mp4<\/a><\/video><\/div>\n<p class=\"p1\">Y\u0131llar \u00f6nce O Ses T\u00fcrkiye \u00c7ocuklar program\u0131nda sahne alan H\u00fclya, bu kez yeti\u015fkinler kategorisinde bir kez daha \u015fans\u0131n\u0131 denedi. Performans\u0131n\u0131 sergiledikten sonra j\u00fcriye d\u00f6nen yar\u0131\u015fmac\u0131, Hadise\u2019ye esprili bir \u015fekilde, \u201cO zaman da d\u00f6nmemi\u015ftiniz\u201d diyerek g\u00f6ndermede bulundu. H\u00fclya\u2019n\u0131n bu s\u00f6zleri sosyal medyada h\u0131zla yay\u0131larak g\u00fcndem oldu.<\/p>\n<h3>MEL\u0130KE \u015eAH\u0130N VE HAD\u0130SE ARASINDAK\u0130 D\u0130YALOG G\u00dcNDEM OLDU<\/h3>\n<p class=\"p2\">O Ses T\u00fcrkiye\u2019nin yeni sezonunda j\u00fcri koltu\u011funda yer alan Hadise ve Melike \u015eahin aras\u0131ndaki rekabet, ikinci b\u00f6l\u00fcmde de dikkat \u00e7ekti. \u0130lk b\u00f6l\u00fcmde k\u0131skan\u00e7l\u0131k iddialar\u0131yla g\u00fcndeme gelen ikili, ge\u00e7ti\u011fimiz g\u00fcnlerde birlikte \u00e7ektirdikleri bir foto\u011fraf\u0131 payla\u015farak bu s\u00f6ylentilere cevap vermi\u015fti. Ancak son b\u00f6l\u00fcmde ya\u015fanan diyaloglar, sosyal medyada yeniden b\u00fcy\u00fck yank\u0131 uyand\u0131rd\u0131.<\/p>\n<p><img loading=\"lazy\" decoding=\"async\" class=\"alignnone wp-image-134394 size-full\" src=\"https:\/\/www.tgrthaber.com\/mavikadin\/wp-content\/uploads\/Ekran-Resmi-2025-02-15-23.55.56.png\" alt=\"\" width=\"954\" height=\"584\" title=\"\" srcset=\"https:\/\/www.tgrthaber.com\/mavikadin\/wp-content\/uploads\/Ekran-Resmi-2025-02-15-23.55.56.png 954w, https:\/\/www.tgrthaber.com\/mavikadin\/wp-content\/uploads\/Ekran-Resmi-2025-02-15-23.55.56-300x184.png 300w, https:\/\/www.tgrthaber.com\/mavikadin\/wp-content\/uploads\/Ekran-Resmi-2025-02-15-23.55.56-768x470.png 768w\" sizes=\"(max-width: 954px) 100vw, 954px\" \/><\/p>\n<hr \/>\n<p class=\"p2\">Yar\u0131\u015fmac\u0131y\u0131 kendi tak\u0131m\u0131na katmak isteyen Hadise, j\u00fcri \u00fcyeleriyle tatl\u0131 bir \u00e7eki\u015fmeye girerken, deneyimine vurgu yaparak \u201cBurada ben tecr\u00fcbeme g\u00fcveniyorum\u201d dedi. Bu s\u00f6zlere kay\u0131ts\u0131z kalmayan Melike \u015eahin ise, \u201cBen Hadise gibi tecr\u00fcbeme g\u00fcvenmiyorum. Ben tazeli\u011fime g\u00fcveniyorum \u015fekerim\u201d diyerek meydan okudu. \u0130kilinin aras\u0131ndaki bu at\u0131\u015fma, izleyicileri hem \u015fa\u015f\u0131rtt\u0131 hem de e\u011flendirdi.<\/p>\n","protected":false},"excerpt":{"rendered":"<p>O Ses T\u00fcrkiye\u2019nin 15 \u015eubat\u2019ta ekrana gelen yeni b\u00f6l\u00fcm\u00fc, izleyicilere heyecan dolu anlar ya\u015fatt\u0131. Gecenin en dikkat \u00e7eken anlar\u0131ndan biri ise y\u0131llar \u00f6nce O Ses T\u00fcrkiye \u00c7ocuklar\u2019a kat\u0131lan H\u00fclya\u2019n\u0131n sahneye \u00e7\u0131kmas\u0131 oldu. Performans\u0131n\u0131 sergiledikten sonra Hadise\u2019ye d\u00f6nerek, \u201cO zaman d\u00f6nmemi\u015ftiniz\u201d s\u00f6zleriyle esprili bir g\u00f6ndermede bulunan H\u00fclya, sosyal medyada g\u00fcndem oldu. <\/p>\n","protected":false},"author":16,"featured_media":134392,"comment_status":"closed","ping_status":"closed","sticky":false,"template":"","format":"standard","meta":{"rank_math_lock_modified_date":false,"footnotes":""},"categories":[76],"tags":[11072,11073,11071],"class_list":["post-134390","post","type-post","status-publish","format-standard","has-post-thumbnail","hentry","category-magazin","tag-hadise-o-ses-cocuklar-hulya","tag-hadise-o-ses-cocuklara-katilan-hulya","tag-hadise-yillar-once-gelen-yarismaci-hulya"],"_links":{"self":[{"href":"https:\/\/www.tgrthaber.com\/mavikadin\/wp-json\/wp\/v2\/posts\/134390"}],"collection":[{"href":"https:\/\/www.tgrthaber.com\/mavikadin\/wp-json\/wp\/v2\/posts"}],"about":[{"href":"https:\/\/www.tgrthaber.com\/mavikadin\/wp-json\/wp\/v2\/types\/post"}],"author":[{"embeddable":true,"href":"https:\/\/www.tgrthaber.com\/mavikadin\/wp-json\/wp\/v2\/users\/16"}],"replies":[{"embeddable":true,"href":"https:\/\/www.tgrthaber.com\/mavikadin\/wp-json\/wp\/v2\/comments?post=134390"}],"version-history":[{"count":2,"href":"https:\/\/www.tgrthaber.com\/mavikadin\/wp-json\/wp\/v2\/posts\/134390\/revisions"}],"predecessor-version":[{"id":134395,"href":"https:\/\/www.tgrthaber.com\/mavikadin\/wp-json\/wp\/v2\/posts\/134390\/revisions\/134395"}],"wp:featuredmedia":[{"embeddable":true,"href":"https:\/\/www.tgrthaber.com\/mavikadin\/wp-json\/wp\/v2\/media\/134392"}],"wp:attachment":[{"href":"https:\/\/www.tgrthaber.com\/mavikadin\/wp-json\/wp\/v2\/media?parent=134390"}],"wp:term":[{"taxonomy":"category","embeddable":true,"href":"https:\/\/www.tgrthaber.com\/mavikadin\/wp-json\/wp\/v2\/categories?post=134390"},{"taxonomy":"post_tag","embeddable":true,"href":"https:\/\/www.tgrthaber.com\/mavikadin\/wp-json\/wp\/v2\/tags?post=134390"}],"curies":[{"name":"wp","href":"https:\/\/api.w.org\/{rel}","templated":true}]}}