{"id":134462,"date":"2025-02-16T11:08:04","date_gmt":"2025-02-16T08:08:04","guid":{"rendered":"https:\/\/www.tgrthaber.com\/mavikadin\/?p=134462"},"modified":"2025-02-16T11:10:31","modified_gmt":"2025-02-16T08:10:31","slug":"sihirli-annemin-cereni-gizem-guven-olduren-serumu-paylasti-saglik-bakanligi-aylardir-uyariyor","status":"publish","type":"post","link":"https:\/\/www.tgrthaber.com\/mavikadin\/sihirli-annemin-cereni-gizem-guven-olduren-serumu-paylasti-saglik-bakanligi-aylardir-uyariyor\/","title":{"rendered":"Sihirli Annem&#8217;in Ceren&#8217;i Gizem G\u00fcven \u00f6ld\u00fcren serumu payla\u015ft\u0131! Sa\u011fl\u0131k bakanl\u0131\u011f\u0131 aylard\u0131r uyar\u0131yor"},"content":{"rendered":"<p class=\"p1\">Sa\u011fl\u0131k uzmanlar\u0131n\u0131n risklerine dikkat \u00e7ekti\u011fi ve ciddi sa\u011fl\u0131k sorunlar\u0131na yol a\u00e7abilece\u011fi \u00f6ne s\u00fcr\u00fclen \u201csar\u0131 serum\u201d tart\u0131\u015fmalar\u0131 devam ederken, oyuncu Gizem G\u00fcven\u2019in sosyal medya payla\u015f\u0131m\u0131 g\u00fcndem oldu. Babas\u0131n\u0131n sar\u0131 serum takt\u0131rd\u0131\u011f\u0131 anlar\u0131 payla\u015fan G\u00fcven, takip\u00e7ilerini bu konuda yanl\u0131\u015f y\u00f6nlendirdi\u011fi gerek\u00e7esiyle b\u00fcy\u00fck tepki \u00e7ekti.<\/p>\n<h3>S\u0130H\u0130RL\u0130 ANNEM&#8217;\u0130N CEREN&#8217;\u0130 G\u0130ZEM G\u00dcVEN\u00a0 SARI SERUM&#8217;U PAYLA\u015eTI, TEPK\u0130 \u00c7EKT\u0130!<\/h3>\n<p class=\"p1\">Bir d\u00f6nem Sihirli Annem dizisiyle geni\u015f bir hayran kitlesine ula\u015fan Gizem G\u00fcven, sosyal medya hesab\u0131ndan babas\u0131n\u0131n serum takt\u0131rd\u0131\u011f\u0131 anlar\u0131 payla\u015ft\u0131. Payla\u015f\u0131m\u0131nda bir sa\u011fl\u0131k merkezini etiketleyen oyuncu, k\u0131sa s\u00fcrede takip\u00e7ilerinin dikkatini \u00e7ekti. Bir\u00e7ok kullan\u0131c\u0131, sa\u011fl\u0131\u011fa zararl\u0131 oldu\u011fu \u00f6ne s\u00fcr\u00fclen bir uygulaman\u0131n reklam\u0131n\u0131 yapman\u0131n sorumsuzca oldu\u011funu belirterek tepki g\u00f6sterdi.<\/p>\n<p><img loading=\"lazy\" decoding=\"async\" class=\"alignnone wp-image-134465 \" src=\"https:\/\/www.tgrthaber.com\/mavikadin\/wp-content\/uploads\/Ekran-Resmi-2025-02-16-11.02.20.png\" alt=\"\" width=\"943\" height=\"1581\" title=\"\" srcset=\"https:\/\/www.tgrthaber.com\/mavikadin\/wp-content\/uploads\/Ekran-Resmi-2025-02-16-11.02.20.png 532w, https:\/\/www.tgrthaber.com\/mavikadin\/wp-content\/uploads\/Ekran-Resmi-2025-02-16-11.02.20-179x300.png 179w\" sizes=\"(max-width: 943px) 100vw, 943px\" \/><\/p>\n<hr \/>\n<h3>UZMANLAR UYARIYOR: DOKTOR KONTROL\u00dc OLMADAN TAKTIRMAYIN<\/h3>\n<p class=\"p1\">Sa\u011fl\u0131k uzmanlar\u0131, doktor kontrol\u00fc olmadan uygulanan serumlar\u0131n, ciddi yan etkilere ve sa\u011fl\u0131k problemlerine yol a\u00e7abilece\u011fi konusunda uyar\u0131yor. \u00d6zellikle mineral ve vitamin eksikliklerinin belirlenmeden kullan\u0131lan s\u0131v\u0131 takviyelerinin, beyin felci gibi a\u011f\u0131r sonu\u00e7lara neden olabilece\u011fi belirtiliyor. Yetkililer, kontrols\u00fcz serum kullan\u0131m\u0131na ili\u015fkin artan payla\u015f\u0131mlar \u00fczerine bir a\u00e7\u0131klama yaparak, bu t\u00fcr uygulamalar\u0131n yaln\u0131zca sa\u011fl\u0131k personeli g\u00f6zetiminde ger\u00e7ekle\u015ftirilmesi gerekti\u011fini vurgulad\u0131. A\u00e7\u0131klamada, \u201cSerum uygulamalar\u0131, yaln\u0131zca belirli sa\u011fl\u0131k ko\u015fullar\u0131nda ve doktor karar\u0131yla yap\u0131lmal\u0131d\u0131r\u201d ifadeleri kullan\u0131ld\u0131.<\/p>\n<p><img loading=\"lazy\" decoding=\"async\" class=\"alignnone wp-image-134466 size-full\" src=\"https:\/\/www.tgrthaber.com\/mavikadin\/wp-content\/uploads\/Ekran-Resmi-2025-02-16-11.02.26.png\" alt=\"\" width=\"976\" height=\"586\" title=\"\" srcset=\"https:\/\/www.tgrthaber.com\/mavikadin\/wp-content\/uploads\/Ekran-Resmi-2025-02-16-11.02.26.png 976w, https:\/\/www.tgrthaber.com\/mavikadin\/wp-content\/uploads\/Ekran-Resmi-2025-02-16-11.02.26-300x180.png 300w, https:\/\/www.tgrthaber.com\/mavikadin\/wp-content\/uploads\/Ekran-Resmi-2025-02-16-11.02.26-768x461.png 768w\" sizes=\"(max-width: 976px) 100vw, 976px\" \/><\/p>\n<hr \/>\n<h3>G\u0130ZEM G\u00dcVEN K\u0130MD\u0130R?<\/h3>\n<p class=\"p1\">Gizem G\u00fcven, 31 Aral\u0131k 1993 tarihinde \u0130stanbul\u2019da do\u011fdu. E\u011fitim hayat\u0131na \u00d6zel Koza Koleji\u2019nde ba\u015flad\u0131 ve ilk\u00f6\u011fretim e\u011fitimini burada tamamlad\u0131ktan sonra \u00d6zel Beykent Koleji Sosyal Bilimler Lisesi\u2019ne devam etti. Akademik ba\u015far\u0131s\u0131yla dikkat \u00e7eken G\u00fcven, Beykent \u00dcniversitesi End\u00fcstri \u00dcr\u00fcnleri Tasar\u0131m\u0131 B\u00f6l\u00fcm\u00fc\u2019n\u00fc tam burslu kazanarak burada e\u011fitim g\u00f6rd\u00fc ve ba\u015far\u0131yla mezun oldu. Hen\u00fcz 3 ya\u015f\u0131ndayken reklam filmlerinde yer alarak televizyon d\u00fcnyas\u0131na ad\u0131m atan Gizem G\u00fcven, ilk oyunculuk deneyimini \u201cTemiz Aile Temiz Gelecek\u201d dizisiyle ya\u015fad\u0131.<\/p>\n<p><img loading=\"lazy\" decoding=\"async\" class=\"alignnone wp-image-134467 size-large\" src=\"https:\/\/www.tgrthaber.com\/mavikadin\/wp-content\/uploads\/Ekran-Resmi-2025-02-16-11.01.46-1024x632.png\" alt=\"\" width=\"1024\" height=\"632\" title=\"\" srcset=\"https:\/\/www.tgrthaber.com\/mavikadin\/wp-content\/uploads\/Ekran-Resmi-2025-02-16-11.01.46-1024x632.png 1024w, https:\/\/www.tgrthaber.com\/mavikadin\/wp-content\/uploads\/Ekran-Resmi-2025-02-16-11.01.46-300x185.png 300w, https:\/\/www.tgrthaber.com\/mavikadin\/wp-content\/uploads\/Ekran-Resmi-2025-02-16-11.01.46-768x474.png 768w, https:\/\/www.tgrthaber.com\/mavikadin\/wp-content\/uploads\/Ekran-Resmi-2025-02-16-11.01.46-1536x948.png 1536w, https:\/\/www.tgrthaber.com\/mavikadin\/wp-content\/uploads\/Ekran-Resmi-2025-02-16-11.01.46.png 1970w\" sizes=\"(max-width: 1024px) 100vw, 1024px\" \/><\/p>\n<hr \/>\n<p class=\"p1\">Ard\u0131ndan \u201c\u0130ki Arada\u201d dizisinde \u00d6zge karakterini oynayarak dikkatleri \u00fczerine \u00e7ekti.Gizem G\u00fcven\u2019in as\u0131l \u00e7\u0131k\u0131\u015f\u0131, 2002-2006 y\u0131llar\u0131 aras\u0131nda yay\u0131nlanan ve geni\u015f bir hayran kitlesine sahip olan \u201cSihirli Annem\u201d dizisiyle ger\u00e7ekle\u015fti. Dizide oynad\u0131\u011f\u0131<span class=\"Apple-converted-space\">\u00a0 <\/span>Ceren karakteri, onu T\u00fcrkiye\u2019nin tan\u0131nan isimlerinden biri haline getirdi. \u201cSihirli Annem\u201din ard\u0131ndan son olarak\u00a0 \u201cSelena\u201d dizisinde Leyla karakteri ile ekranlarda yer ald\u0131.<\/p>\n","protected":false},"excerpt":{"rendered":"<p>Son d\u00f6nemde kullan\u0131m\u0131yla sa\u011fl\u0131k uzmanlar\u0131n\u0131 endi\u015felendiren ve \u00f6l\u00fcmlere neden oldu\u011fu iddia edilen \u201csar\u0131 serum\u201d hakk\u0131nda tart\u0131\u015fmalar s\u00fcrerken, \u00fcnl\u00fc oyuncu Gizem G\u00fcven\u2019in yapt\u0131\u011f\u0131 sar\u0131 serum payla\u015f\u0131m\u0131 b\u00fcy\u00fck tepki \u00e7ekti.<\/p>\n","protected":false},"author":16,"featured_media":134468,"comment_status":"closed","ping_status":"closed","sticky":false,"template":"","format":"standard","meta":{"rank_math_lock_modified_date":false,"footnotes":""},"categories":[76],"tags":[11089],"class_list":["post-134462","post","type-post","status-publish","format-standard","has-post-thumbnail","hentry","category-magazin","tag-sihirli-annem-gizem-guven-sari-serum"],"_links":{"self":[{"href":"https:\/\/www.tgrthaber.com\/mavikadin\/wp-json\/wp\/v2\/posts\/134462"}],"collection":[{"href":"https:\/\/www.tgrthaber.com\/mavikadin\/wp-json\/wp\/v2\/posts"}],"about":[{"href":"https:\/\/www.tgrthaber.com\/mavikadin\/wp-json\/wp\/v2\/types\/post"}],"author":[{"embeddable":true,"href":"https:\/\/www.tgrthaber.com\/mavikadin\/wp-json\/wp\/v2\/users\/16"}],"replies":[{"embeddable":true,"href":"https:\/\/www.tgrthaber.com\/mavikadin\/wp-json\/wp\/v2\/comments?post=134462"}],"version-history":[{"count":2,"href":"https:\/\/www.tgrthaber.com\/mavikadin\/wp-json\/wp\/v2\/posts\/134462\/revisions"}],"predecessor-version":[{"id":134474,"href":"https:\/\/www.tgrthaber.com\/mavikadin\/wp-json\/wp\/v2\/posts\/134462\/revisions\/134474"}],"wp:featuredmedia":[{"embeddable":true,"href":"https:\/\/www.tgrthaber.com\/mavikadin\/wp-json\/wp\/v2\/media\/134468"}],"wp:attachment":[{"href":"https:\/\/www.tgrthaber.com\/mavikadin\/wp-json\/wp\/v2\/media?parent=134462"}],"wp:term":[{"taxonomy":"category","embeddable":true,"href":"https:\/\/www.tgrthaber.com\/mavikadin\/wp-json\/wp\/v2\/categories?post=134462"},{"taxonomy":"post_tag","embeddable":true,"href":"https:\/\/www.tgrthaber.com\/mavikadin\/wp-json\/wp\/v2\/tags?post=134462"}],"curies":[{"name":"wp","href":"https:\/\/api.w.org\/{rel}","templated":true}]}}