{"id":134464,"date":"2025-02-16T11:14:26","date_gmt":"2025-02-16T08:14:26","guid":{"rendered":"https:\/\/www.tgrthaber.com\/mavikadin\/?p=134464"},"modified":"2025-02-16T11:14:26","modified_gmt":"2025-02-16T08:14:26","slug":"kizil-goncalar-da-buyuk-yaprak-dokumu","status":"publish","type":"post","link":"https:\/\/www.tgrthaber.com\/mavikadin\/kizil-goncalar-da-buyuk-yaprak-dokumu\/","title":{"rendered":"K\u0131z\u0131l Goncalar\u2019 da b\u00fcy\u00fck yaprak d\u00f6k\u00fcm\u00fc!"},"content":{"rendered":"<p>NOW TV ekranlar\u0131nda izleyicisiyle bulu\u015fan K\u0131z\u0131l Goncalar dizisinden \u00fcst \u00fcste ayr\u0131l\u0131k haberleri geliyor. Her hafta izleyicisini ekrana ta\u015f\u0131yan dizi sevenleri taraf\u0131ndan merak edilmeye devam ediyor.\u00a0 Yeni b\u00f6l\u00fcm\u00fcyle ekrana gelmesi planlanan dizide bir oyuncu ayr\u0131l\u0131\u011f\u0131 daha ya\u015fan\u0131yor. Diziye veda eden isim kim? K\u0131z\u0131l Goncalar dizisinde son durumlar neler? Merak edilenler haberimizde\u2026<\/p>\n<h3><strong>SEV\u0130LEN D\u0130Z\u0130DE OYUNCU AYRILI\u011eI<\/strong><\/h3>\n<p>Pazartesi ak\u015famlar\u0131n\u0131n vazge\u00e7ilmez dizilerinden olan K\u0131z\u0131l Goncalar, heyecan dolu b\u00f6l\u00fcmleriyle seyirci kar\u015f\u0131s\u0131na \u00e7\u0131k\u0131yor. \u015e\u00fckr\u00fc Necati \u015eahin\u2019in kaleme ald\u0131\u011f\u0131, \u00d6m\u00fcr Atay\u2019\u0131n y\u00f6netti\u011fi dizi NOW TV\u2019nin be\u011fenilen dizileri aras\u0131nda yerini al\u0131yor. Her hafta kendi yay\u0131n g\u00fcn\u00fcnde reytinglerde y\u00fcksek olan dizi oyuncu ayr\u0131l\u0131klar\u0131na gidiyor. Birsen Altunta\u015f\u2019\u0131n haberine g\u00f6re dizinin yay\u0131nlanacak olan yeni b\u00f6l\u00fcm\u00fcnde oyuncu ayr\u0131l\u0131\u011f\u0131 ger\u00e7ekle\u015fecek.<\/p>\n<p><img loading=\"lazy\" decoding=\"async\" class=\"wp-image-134475\" src=\"https:\/\/www.tgrthaber.com\/mavikadin\/wp-content\/uploads\/haber-gorselleri-fotoshop-17-1024x576.jpg\" alt=\"k\u0131z\u0131l goncalar\" width=\"1208\" height=\"680\" title=\"\" srcset=\"https:\/\/www.tgrthaber.com\/mavikadin\/wp-content\/uploads\/haber-gorselleri-fotoshop-17-1024x576.jpg 1024w, https:\/\/www.tgrthaber.com\/mavikadin\/wp-content\/uploads\/haber-gorselleri-fotoshop-17-300x169.jpg 300w, https:\/\/www.tgrthaber.com\/mavikadin\/wp-content\/uploads\/haber-gorselleri-fotoshop-17-768x432.jpg 768w, https:\/\/www.tgrthaber.com\/mavikadin\/wp-content\/uploads\/haber-gorselleri-fotoshop-17-1536x864.jpg 1536w, https:\/\/www.tgrthaber.com\/mavikadin\/wp-content\/uploads\/haber-gorselleri-fotoshop-17.jpg 1600w\" sizes=\"(max-width: 1208px) 100vw, 1208px\" \/><\/p>\n<hr \/>\n<p>17 \u015eubat 2025 Pazartesi ak\u015fam\u0131 38. B\u00f6l\u00fcm\u00fcyle ekrana gelmesi planlanan dizi de fragman\u0131n\u0131n yay\u0131nlanmas\u0131ndan sonra sevenleri taraf\u0131ndan merak edilmeye ba\u015flanm\u0131\u015ft\u0131. Oyunculu\u011funun yan\u0131 s\u0131ra m\u00fczisyen olarak da tan\u0131nan Can K\u0131z\u0131ltu\u011f\u2019nun hazin sonla diziye veda edece\u011fi s\u00f6yleniyor. Can karakterini oynayan \u2018Can K\u0131z\u0131ltu\u011f\u2019 diziye veda eden isimlerden biri olacak. Dizi de ayr\u0131l\u0131klar\u0131n devam edece\u011fini de s\u00f6yleyen haberde ayr\u0131lan oyuncular\u0131n yerine yeni oyuncular diziye dahil olacak.<\/p>\n<p><img loading=\"lazy\" decoding=\"async\" class=\"alignnone wp-image-134471\" src=\"https:\/\/www.tgrthaber.com\/mavikadin\/wp-content\/uploads\/haber-gorselleri-fotoshop-15-1024x576.jpg\" alt=\"k\u0131z\u0131l goncalar\" width=\"1208\" height=\"680\" title=\"\" srcset=\"https:\/\/www.tgrthaber.com\/mavikadin\/wp-content\/uploads\/haber-gorselleri-fotoshop-15-1024x576.jpg 1024w, https:\/\/www.tgrthaber.com\/mavikadin\/wp-content\/uploads\/haber-gorselleri-fotoshop-15-300x169.jpg 300w, https:\/\/www.tgrthaber.com\/mavikadin\/wp-content\/uploads\/haber-gorselleri-fotoshop-15-768x432.jpg 768w, https:\/\/www.tgrthaber.com\/mavikadin\/wp-content\/uploads\/haber-gorselleri-fotoshop-15-1536x864.jpg 1536w, https:\/\/www.tgrthaber.com\/mavikadin\/wp-content\/uploads\/haber-gorselleri-fotoshop-15.jpg 1600w\" sizes=\"(max-width: 1208px) 100vw, 1208px\" \/><\/p>\n<hr \/>\n<h3><strong>KIZIL GONCALAR SON B\u00d6L\u00dcMDE NELER OLDU<\/strong><\/h3>\n<p>\u2018K\u0131z\u0131l Goncalar\u2019 dizisi 10 \u015eubat 2025 tarihinde 37. b\u00f6l\u00fcm\u00fcyle ekranlara geldi. Oynanan b\u00f6l\u00fcmde Zeynep ve C\u00fcneyd\u2019in ili\u015fkileri \u00f6nemli geli\u015fmelere sahne oldu. Sadi\u2019yi yakalayan Zeynep, C\u00fcneyd\u2019le konu\u015fmaya karar verdi. Sadi de Zeynep\u2019i en b\u00fcy\u00fck korkusuyla y\u00fczle\u015ftirerek onu durdurmaya \u00e7al\u0131\u015ft\u0131. Zeynep i\u00e7in i\u015fler art\u0131k zorla\u015f\u0131rken, bir yandan da fanileri okula g\u00f6nderebilmek i\u00e7in b\u00fcy\u00fck bir \u00e7abaya giriyor. Burs s\u0131nav\u0131na haz\u0131rlanan k\u0131zlar i\u00e7in umut dolu bir s\u00fcre\u00e7 ba\u015flasa da Sadi ve arkada\u015flar\u0131 bu olaya kar\u015f\u0131 \u00e7\u0131k\u0131yor. C\u00fcneyd babas\u0131n\u0131n ge\u00e7mi\u015fi ile y\u00fczle\u015fmek zorunda kal\u0131yor. Ya\u015fad\u0131\u011f\u0131 bu durumdan ise b\u00fcy\u00fck bir karar almas\u0131 gerekiyor.<\/p>\n<p><img loading=\"lazy\" decoding=\"async\" class=\"wp-image-134472\" src=\"https:\/\/www.tgrthaber.com\/mavikadin\/wp-content\/uploads\/haber-gorselleri-fotoshop-14-1024x576.jpg\" alt=\"k\u0131z\u0131l goncalar\" width=\"1208\" height=\"680\" title=\"\" srcset=\"https:\/\/www.tgrthaber.com\/mavikadin\/wp-content\/uploads\/haber-gorselleri-fotoshop-14-1024x576.jpg 1024w, https:\/\/www.tgrthaber.com\/mavikadin\/wp-content\/uploads\/haber-gorselleri-fotoshop-14-300x169.jpg 300w, https:\/\/www.tgrthaber.com\/mavikadin\/wp-content\/uploads\/haber-gorselleri-fotoshop-14-768x432.jpg 768w, https:\/\/www.tgrthaber.com\/mavikadin\/wp-content\/uploads\/haber-gorselleri-fotoshop-14-1536x864.jpg 1536w, https:\/\/www.tgrthaber.com\/mavikadin\/wp-content\/uploads\/haber-gorselleri-fotoshop-14.jpg 1600w\" sizes=\"(max-width: 1208px) 100vw, 1208px\" \/><\/p>\n<hr \/>\n<h3><strong>KIZIL GONCALAR D\u0130Z\u0130S\u0130 OYUNCULARI<\/strong><\/h3>\n<ul>\n<li>\u00d6zcan Deniz<\/li>\n<li>\u00d6zg\u00fc Namal<\/li>\n<li>Mert Yaz\u0131c\u0131o\u011flu<\/li>\n<li>Erkan Avc\u0131<\/li>\n<li>Hazal T\u00fcresan<\/li>\n<li>Mert Turak<\/li>\n<li>Mina Demirta\u015f<\/li>\n<li>Esma Y\u0131lmaz<\/li>\n<li>Duygu Sar\u0131\u015f\u0131n<\/li>\n<li>Sitare Akba\u015f<\/li>\n<\/ul>\n","protected":false},"excerpt":{"rendered":"<p>NOW TV ekranlar\u0131nda izleyicisiyle bulu\u015fan K\u0131z\u0131l Goncalar dizisinden \u00fcst \u00fcste ayr\u0131l\u0131k haberleri geliyor. Her hafta izleyicisini ekrana ta\u015f\u0131yan dizi sevenleri taraf\u0131ndan merak edilmeye devam ediyor.\u00a0 Yeni b\u00f6l\u00fcm\u00fcyle ekrana gelmesi planlanan dizide bir oyuncu ayr\u0131l\u0131\u011f\u0131 daha ya\u015fan\u0131yor. Diziye veda eden isim kim? K\u0131z\u0131l Goncalar dizisinde son durumlar neler? Merak edilenler haberimizde\u2026<\/p>\n","protected":false},"author":34,"featured_media":134473,"comment_status":"closed","ping_status":"closed","sticky":false,"template":"","format":"standard","meta":{"rank_math_lock_modified_date":false,"footnotes":""},"categories":[602],"tags":[2306,11090,11091],"class_list":["post-134464","post","type-post","status-publish","format-standard","has-post-thumbnail","hentry","category-diziler","tag-kizil-goncalar","tag-kizil-goncalar-dizi","tag-kizil-goncalar-veda"],"_links":{"self":[{"href":"https:\/\/www.tgrthaber.com\/mavikadin\/wp-json\/wp\/v2\/posts\/134464"}],"collection":[{"href":"https:\/\/www.tgrthaber.com\/mavikadin\/wp-json\/wp\/v2\/posts"}],"about":[{"href":"https:\/\/www.tgrthaber.com\/mavikadin\/wp-json\/wp\/v2\/types\/post"}],"author":[{"embeddable":true,"href":"https:\/\/www.tgrthaber.com\/mavikadin\/wp-json\/wp\/v2\/users\/34"}],"replies":[{"embeddable":true,"href":"https:\/\/www.tgrthaber.com\/mavikadin\/wp-json\/wp\/v2\/comments?post=134464"}],"version-history":[{"count":2,"href":"https:\/\/www.tgrthaber.com\/mavikadin\/wp-json\/wp\/v2\/posts\/134464\/revisions"}],"predecessor-version":[{"id":134477,"href":"https:\/\/www.tgrthaber.com\/mavikadin\/wp-json\/wp\/v2\/posts\/134464\/revisions\/134477"}],"wp:featuredmedia":[{"embeddable":true,"href":"https:\/\/www.tgrthaber.com\/mavikadin\/wp-json\/wp\/v2\/media\/134473"}],"wp:attachment":[{"href":"https:\/\/www.tgrthaber.com\/mavikadin\/wp-json\/wp\/v2\/media?parent=134464"}],"wp:term":[{"taxonomy":"category","embeddable":true,"href":"https:\/\/www.tgrthaber.com\/mavikadin\/wp-json\/wp\/v2\/categories?post=134464"},{"taxonomy":"post_tag","embeddable":true,"href":"https:\/\/www.tgrthaber.com\/mavikadin\/wp-json\/wp\/v2\/tags?post=134464"}],"curies":[{"name":"wp","href":"https:\/\/api.w.org\/{rel}","templated":true}]}}