{"id":134501,"date":"2025-02-16T12:37:27","date_gmt":"2025-02-16T09:37:27","guid":{"rendered":"https:\/\/www.tgrthaber.com\/mavikadin\/?p=134501"},"modified":"2025-02-16T12:37:27","modified_gmt":"2025-02-16T09:37:27","slug":"eski-esi-feyza-aktan-ozcan-denizi-darp-ile-sucladi-fotograflari-ilk-kez-ortaya-cikti","status":"publish","type":"post","link":"https:\/\/www.tgrthaber.com\/mavikadin\/eski-esi-feyza-aktan-ozcan-denizi-darp-ile-sucladi-fotograflari-ilk-kez-ortaya-cikti\/","title":{"rendered":"Eski e\u015fi Feyza Aktan \u00d6zcan Deniz\u2019i darp ile su\u00e7lad\u0131! Foto\u011fraflar\u0131 ilk kez ortaya \u00e7\u0131kt\u0131"},"content":{"rendered":"<p class=\"p1\">\u00dcnl\u00fc \u015fark\u0131c\u0131 ve oyuncu \u00d6zcan Deniz hakk\u0131nda \u00e7arp\u0131c\u0131 bir iddia daha g\u00fcndeme geldi. Karde\u015fiyle ya\u015fad\u0131\u011f\u0131 aile i\u00e7i \u015fiddet iddialar\u0131 hen\u00fcz g\u00fcndemden d\u00fc\u015fmemi\u015fken, eski e\u015fi Feyza Aktan\u2019\u0131n da evlilikleri s\u0131ras\u0131nda \u00fcnl\u00fc isim taraf\u0131ndan darp edildi\u011fi \u00f6ne s\u00fcr\u00fcld\u00fc. \u015eiddet g\u00f6rd\u00fc\u011f\u00fcn\u00fc iddia eden Aktan\u2019\u0131n hastaneden darp raporu ald\u0131\u011f\u0131 ve o d\u00f6nem \u00e7ekilen foto\u011fraflar\u0131n\u0131 yay\u0131nlamas\u0131 sosyal medyada g\u00fcndem oldu.<\/p>\n<h3>FEYZA AKTAN&#8217;IN DARP RAPORU ALDI\u011eI \u0130DD\u0130A ED\u0130LD\u0130<\/h3>\n<p class=\"p1\">Aile i\u00e7indeki gerilim her ge\u00e7en g\u00fcn yeni iddialarla b\u00fcy\u00fcmeye devam ediyor. Daha \u00f6nce annesini evden att\u0131\u011f\u0131 ve k\u0131z karde\u015fini d\u00f6vd\u00fc\u011f\u00fc iddia edilen \u00d6zcan Deniz\u2019in, 2018 y\u0131l\u0131nda o d\u00f6nem e\u015fi olan Feyza Aktan\u2019a \u015fiddet uygulad\u0131\u011f\u0131 \u00f6ne s\u00fcr\u00fcld\u00fc. Aileye yak\u0131n kaynaklardan gelen bilgilere g\u00f6re, Aktan\u2019\u0131n \u00f6zel bir hastaneye giderek darp raporu ald\u0131\u011f\u0131 ve \u015fiddet g\u00f6rd\u00fc\u011f\u00fcn\u00fc belgeledi\u011fi iddia ediliyor. Ortaya \u00e7\u0131kan yeni foto\u011fraflarda Aktan\u2019\u0131n v\u00fccudundaki morluklar dikkat \u00e7ekerken, o d\u00f6nemde ya\u015fanan olaylar\u0131n \u00fczerinin kapat\u0131ld\u0131\u011f\u0131 \u00f6ne s\u00fcr\u00fcld\u00fc.<\/p>\n<p><img loading=\"lazy\" decoding=\"async\" class=\"alignnone wp-image-134503 \" src=\"https:\/\/www.tgrthaber.com\/mavikadin\/wp-content\/uploads\/Ekran-Resmi-2025-02-16-12.30.28.png\" alt=\"\" width=\"945\" height=\"1166\" title=\"\" srcset=\"https:\/\/www.tgrthaber.com\/mavikadin\/wp-content\/uploads\/Ekran-Resmi-2025-02-16-12.30.28.png 720w, https:\/\/www.tgrthaber.com\/mavikadin\/wp-content\/uploads\/Ekran-Resmi-2025-02-16-12.30.28-243x300.png 243w\" sizes=\"(max-width: 945px) 100vw, 945px\" \/><\/p>\n<hr \/>\n<h3 class=\"p1\"><b>A\u0130LEDE UZAKLA\u015eTIRMA KARARLARI PE\u015e PE\u015eE GEL\u0130YOR <\/b><b><\/b><\/h3>\n<p class=\"p1\">\u00d6zcan Deniz\u2019in abisi Ercan Deniz, \u00fcnl\u00fc sanat\u00e7\u0131n\u0131n 6 ya\u015f\u0131ndaki o\u011fluna kadar uzakla\u015ft\u0131rma karar\u0131 ald\u0131rd\u0131\u011f\u0131n\u0131 belirtti. Buna kar\u015f\u0131l\u0131k olarak Ercan Deniz\u2019in de e\u015fini ve \u00e7ocuklar\u0131n\u0131 korumak amac\u0131yla \u00d6zcan Deniz hakk\u0131nda uzakla\u015ft\u0131rma talebinde bulundu\u011fu ortaya \u00e7\u0131kt\u0131. Aile i\u00e7inde sular durulmazken, \u00fcnl\u00fc \u015fark\u0131c\u0131n\u0131n annesinin ard\u0131ndan k\u0131z karde\u015fi Melek\u2019in de mahkemeye ba\u015fvurarak uzakla\u015ft\u0131rma karar\u0131 ald\u0131rmaya haz\u0131rland\u0131\u011f\u0131 iddia edildi. \u00d6zcan Deniz cephesinden konuya ili\u015fkin hen\u00fcz bir a\u00e7\u0131klama gelmezken, eski e\u015fi Feyza Aktan\u2019\u0131n ortaya \u00e7\u0131kan yeni g\u00f6r\u00fcnt\u00fcleri g\u00fcndemde geni\u015f yank\u0131 uyand\u0131rd\u0131.<\/p>\n<p><img loading=\"lazy\" decoding=\"async\" class=\"alignnone wp-image-134504 \" src=\"https:\/\/www.tgrthaber.com\/mavikadin\/wp-content\/uploads\/Ekran-Resmi-2025-02-16-12.30.34.png\" alt=\"\" width=\"951\" height=\"1250\" title=\"\" srcset=\"https:\/\/www.tgrthaber.com\/mavikadin\/wp-content\/uploads\/Ekran-Resmi-2025-02-16-12.30.34.png 680w, https:\/\/www.tgrthaber.com\/mavikadin\/wp-content\/uploads\/Ekran-Resmi-2025-02-16-12.30.34-228x300.png 228w\" sizes=\"(max-width: 951px) 100vw, 951px\" \/><\/p>\n<hr \/>\n<h3>FEYZA AKTAN K\u0130MD\u0130R?<\/h3>\n<p class=\"p1\">Aslen Antalyal\u0131 olan Feyza Aktan, 1992 y\u0131l\u0131nda \u0130stanbul\u2019da do\u011fdu. Bir s\u00fcre \u00d6zcan Deniz ile birliktelik ya\u015fayan Aktan, 8 Mart 2018 tarihinde \u00fcnl\u00fc sanat\u00e7\u0131yla sade bir t\u00f6renle evlendi. O d\u00f6nem hamile olan Feyza Aktan\u2019\u0131n, nikah t\u00f6reninde gelinlik yerine siyah bir elbise giymesi uzun s\u00fcre magazin g\u00fcndeminde konu\u015fuldu.<\/p>\n<p class=\"p1\">Evlilikleri boyunca s\u0131k s\u0131k magazin bas\u0131n\u0131n\u0131n ilgi oda\u011f\u0131 haline gelen \u00e7iftin mutlulu\u011fu uzun s\u00fcrmedi.<span class=\"Apple-converted-space\">\u00a0 <\/span>30 Nisan 2018\u2019de o\u011fullar\u0131 Kuzey\u2019in d\u00fcnyaya gelmesiyle aile olman\u0131n heyecan\u0131n\u0131 ya\u015fasalar da, evlilikleri beklenenden daha k\u0131sa s\u00fcrd\u00fc. \u00c7ift, ya\u015fanan anla\u015fmazl\u0131klar\u0131n ard\u0131ndan 2019 y\u0131l\u0131nda yollar\u0131n\u0131 ay\u0131rma karar\u0131 ald\u0131 ve resmen bo\u015fand\u0131.<\/p>\n<p><img loading=\"lazy\" decoding=\"async\" class=\"alignnone wp-image-134505 size-full\" src=\"https:\/\/www.tgrthaber.com\/mavikadin\/wp-content\/uploads\/Ekran-Resmi-2025-02-16-12.30.44.png\" alt=\"\" width=\"992\" height=\"562\" title=\"\" srcset=\"https:\/\/www.tgrthaber.com\/mavikadin\/wp-content\/uploads\/Ekran-Resmi-2025-02-16-12.30.44.png 992w, https:\/\/www.tgrthaber.com\/mavikadin\/wp-content\/uploads\/Ekran-Resmi-2025-02-16-12.30.44-300x170.png 300w, https:\/\/www.tgrthaber.com\/mavikadin\/wp-content\/uploads\/Ekran-Resmi-2025-02-16-12.30.44-768x435.png 768w\" sizes=\"(max-width: 992px) 100vw, 992px\" \/><\/p>\n<hr \/>\n<p class=\"p1\">Bo\u015fanma s\u00fcreciyle birlikte Feyza Aktan ve \u00d6zcan Deniz aras\u0131ndaki anla\u015fmazl\u0131klar kamuoyuna yans\u0131d\u0131. Ayr\u0131l\u0131\u011f\u0131n ard\u0131ndan velayet ve \u015fiddet iddialar\u0131 gibi konularla g\u00fcndeme gelen ikili, s\u0131k s\u0131k magazin bas\u0131n\u0131nda yer ald\u0131. \u00d6zellikle \u00d6zcan Deniz ile ilgili son d\u00f6nemde ortaya \u00e7\u0131kan iddialar, Feyza Aktan\u2019\u0131n ad\u0131n\u0131n yeniden g\u00fcndeme gelmesine neden oldu.<\/p>\n","protected":false},"excerpt":{"rendered":"<p>\u00dcnl\u00fc sanat\u00e7\u0131 \u00d6zcan Deniz hakk\u0131nda yeni bir iddia daha ortaya at\u0131ld\u0131. Ailesiyle ya\u015fad\u0131\u011f\u0131 \u015fiddet olaylar\u0131 konu\u015fulmaya devam ederken, eski e\u015fi Feyza Aktan\u2019\u0131n evlilik d\u00f6neminde darp edildi\u011fi ileri s\u00fcr\u00fcld\u00fc. Aktan\u2019\u0131n hastaneden darp raporu ald\u0131\u011f\u0131 ve foto\u011fraflar\u0131n\u0131 payla\u015fmas\u0131yla birlikte sosyal medyada yeniden g\u00fcndem oldu. <\/p>\n","protected":false},"author":16,"featured_media":134506,"comment_status":"closed","ping_status":"closed","sticky":false,"template":"","format":"standard","meta":{"rank_math_lock_modified_date":false,"footnotes":""},"categories":[76],"tags":[11102,11103,11100,11101],"class_list":["post-134501","post","type-post","status-publish","format-standard","has-post-thumbnail","hentry","category-magazin","tag-feyza-aktan-kimdir","tag-ozcan-demiz-eski-esi-feyza-aktan","tag-ozcan-deniz-eski-esi-feyza-aktan-darp","tag-ozcan-deniz-eski-esi-feyza-aktan-siddet"],"_links":{"self":[{"href":"https:\/\/www.tgrthaber.com\/mavikadin\/wp-json\/wp\/v2\/posts\/134501"}],"collection":[{"href":"https:\/\/www.tgrthaber.com\/mavikadin\/wp-json\/wp\/v2\/posts"}],"about":[{"href":"https:\/\/www.tgrthaber.com\/mavikadin\/wp-json\/wp\/v2\/types\/post"}],"author":[{"embeddable":true,"href":"https:\/\/www.tgrthaber.com\/mavikadin\/wp-json\/wp\/v2\/users\/16"}],"replies":[{"embeddable":true,"href":"https:\/\/www.tgrthaber.com\/mavikadin\/wp-json\/wp\/v2\/comments?post=134501"}],"version-history":[{"count":1,"href":"https:\/\/www.tgrthaber.com\/mavikadin\/wp-json\/wp\/v2\/posts\/134501\/revisions"}],"predecessor-version":[{"id":134507,"href":"https:\/\/www.tgrthaber.com\/mavikadin\/wp-json\/wp\/v2\/posts\/134501\/revisions\/134507"}],"wp:featuredmedia":[{"embeddable":true,"href":"https:\/\/www.tgrthaber.com\/mavikadin\/wp-json\/wp\/v2\/media\/134506"}],"wp:attachment":[{"href":"https:\/\/www.tgrthaber.com\/mavikadin\/wp-json\/wp\/v2\/media?parent=134501"}],"wp:term":[{"taxonomy":"category","embeddable":true,"href":"https:\/\/www.tgrthaber.com\/mavikadin\/wp-json\/wp\/v2\/categories?post=134501"},{"taxonomy":"post_tag","embeddable":true,"href":"https:\/\/www.tgrthaber.com\/mavikadin\/wp-json\/wp\/v2\/tags?post=134501"}],"curies":[{"name":"wp","href":"https:\/\/api.w.org\/{rel}","templated":true}]}}