{"id":134525,"date":"2025-02-16T14:11:56","date_gmt":"2025-02-16T11:11:56","guid":{"rendered":"https:\/\/www.tgrthaber.com\/mavikadin\/?p=134525"},"modified":"2025-02-16T14:16:07","modified_gmt":"2025-02-16T11:16:07","slug":"elemelerde-sesiyle-buyulemisti-sudem-ilayda-o-ses-turkiye-sahnesine-damga-vurdu","status":"publish","type":"post","link":"https:\/\/www.tgrthaber.com\/mavikadin\/elemelerde-sesiyle-buyulemisti-sudem-ilayda-o-ses-turkiye-sahnesine-damga-vurdu\/","title":{"rendered":"Elemelerde sesiyle b\u00fcy\u00fclemi\u015fti: Sudem \u0130layda &#8216;O Ses T\u00fcrkiye&#8217; sahnesine damga vurdu!"},"content":{"rendered":"<p>TV8 kanal\u0131n\u0131n sevilen m\u00fczik yar\u0131\u015fma programlar\u0131ndan biri olan &#8216;O Ses T\u00fcrkiye&#8217;nin ge\u00e7ti\u011fimiz ak\u015fam ki b\u00f6l\u00fcm\u00fcnde sahnede unutulmaz anlar ya\u015fand\u0131. Daha eleme b\u00f6l\u00fcm\u00fcnde iken bile sergiledi\u011fi muhte\u015fem performans\u0131 ile sosyal medyan\u0131n g\u00fcndemine oturmay\u0131 ba\u015faran yar\u0131\u015fmac\u0131 Sudem \u0130layda, d\u00fcn ak\u015fam O Ses T\u00fcrkiye&#8217;nin yeni b\u00f6l\u00fcm\u00fcnde sahnede yerini ald\u0131. Gen\u00e7 yar\u0131\u015fmac\u0131 &#8216;Keklik Gibi&#8217; \u015fark\u0131s\u0131n\u0131 seslendirerek j\u00fcri \u00fcyelerini kendine hayran b\u0131rakt\u0131.<\/p>\n<h3>ELEMELERDEK\u0130 PERFORMANSIYLE HERKES\u0130 B\u00dcY\u00dcLEM\u0130\u015eT\u0130&#8230;<\/h3>\n<p>Uzun bir aradan sonra tekrardan ekranlarda izleyicisiyle bulu\u015fan\u00a0 O Ses T\u00fcrkiye program\u0131 j\u00fcri koltu\u011funda oturan sevilen isimlerden olan Hadise, Beyaz, G\u00f6khan ve \u00e7i\u00e7e\u011fi burnunda Melike \u015eahin&#8217;le g\u00f6zleri \u00fczerine \u00e7ekmeyi ba\u015far\u0131yor.<\/p>\n<p>\u0130zleyicilerin b\u00fcy\u00fck bir ilgi ve merakla takip etti\u011fi m\u00fczik yar\u0131\u015fmas\u0131n\u0131n ge\u00e7ti\u011fimiz ak\u015famki ekranlara verilen b\u00f6l\u00fcm\u00fcnde sahnede yerini al\u0131p yar\u0131\u015fmaya damga vuran isimlerden biri de yar\u0131\u015fmac\u0131 Sudem \u0130layda oldu.<\/p>\n<p><img loading=\"lazy\" decoding=\"async\" class=\"alignnone wp-image-134547\" src=\"https:\/\/www.tgrthaber.com\/mavikadin\/wp-content\/uploads\/rw-4.png\" alt=\"\" width=\"1208\" height=\"665\" title=\"\" srcset=\"https:\/\/www.tgrthaber.com\/mavikadin\/wp-content\/uploads\/rw-4.png 1341w, https:\/\/www.tgrthaber.com\/mavikadin\/wp-content\/uploads\/rw-4-300x165.png 300w, https:\/\/www.tgrthaber.com\/mavikadin\/wp-content\/uploads\/rw-4-1024x564.png 1024w, https:\/\/www.tgrthaber.com\/mavikadin\/wp-content\/uploads\/rw-4-768x423.png 768w\" sizes=\"(max-width: 1208px) 100vw, 1208px\" \/><\/p>\n<hr \/>\n<p>Sahnede &#8216;Keklik Gibi&#8217; t\u00fcrk\u00fcs\u00fcyle herkesi kendisine hayran b\u0131rakan yar\u0131\u015fmac\u0131 Sudem \u0130layda, O Ses T\u00fcrkiye elemelerinde g\u00f6zler \u00f6n\u00fcne serdi\u011fi \u00fcst\u00fcn performansla sosyal medyada viral olmu\u015ftu.<\/p>\n<p>St\u00fcdyoyu alk\u0131\u015fa bo\u011fan performans\u0131 ile j\u00fcri \u00fcyeleri aras\u0131ndan Hadisenin haricindeki \u00fc\u00e7 j\u00fcri \u00fcyesini de d\u00f6nd\u00fcrmeyi ba\u015fard\u0131. Patlatt\u0131\u011f\u0131 &#8216;Keklik gibi&#8217; t\u00fcrk\u00fcs\u00fcnden sonra bir de Radioactive isimli par\u00e7ay\u0131 sahnede s\u00f6yleyerek kendisini bir kez daha hayran b\u0131rakt\u0131. Yar\u0131\u015fma sonunda izleyicilerin b\u00fcy\u00fck be\u011fenisini kazanan Sudem \u0130layda&#8217;n\u0131n tercihi Melike \u015eahin oldu.<\/p>\n<h3>SUDEM \u0130LAYDA KISACA K\u0130MD\u0130R?<\/h3>\n<p>O Ses T\u00fcrkiye\u2019nin 2025 sezonunda sahnede seslendirdi\u011fi par\u00e7alarla b\u00fcy\u00fck ses getiren Sudem \u0130layda&#8217;n\u0131n do\u011fum tarihi ve \u00f6zel hayat\u0131na dair ayr\u0131nt\u0131lar hen\u00fcz net bir \u015fekilde bilinmese de, m\u00fczik yetene\u011fi ve sosyal medya \u00fczerinden yay\u0131nlad\u0131\u011f\u0131\u00a0 performanslar\u0131yla dikkat \u00e7ekmektedir.. Ankara\u2019da yap\u0131lan O Ses T\u00fcrkiye \u00f6n elemelerinde g\u00f6zler \u00f6n\u00fcne sundu\u011fu etkileyici performans, k\u0131sa zamanda sosyal medyada g\u00fcndem olmu\u015ftur. Yar\u0131\u015fmac\u0131 Sudem \u0130layda, kabiliyetlerini kan\u0131tlayarak geni\u015f bir dinleyici kitlesine ula\u015fm\u0131\u015ft\u0131r.<\/p>\n","protected":false},"excerpt":{"rendered":"<p>O Ses T\u00fcrkiye program\u0131ndaki \u00fcst\u00fcn performans\u0131 ile kendisine herkesi hayran b\u0131rakan yar\u0131\u015fmac\u0131 Sudem \u0130layda, yar\u0131\u015fma sonunda j\u00fcri \u00fcyelerinden Melike \u015eahin&#8217;i se\u00e7ti.<\/p>\n","protected":false},"author":27,"featured_media":134548,"comment_status":"closed","ping_status":"closed","sticky":false,"template":"","format":"standard","meta":{"rank_math_lock_modified_date":false,"footnotes":""},"categories":[76],"tags":[4301,8135],"class_list":["post-134525","post","type-post","status-publish","format-standard","has-post-thumbnail","hentry","category-magazin","tag-melike-sahin","tag-sudem-ilayda"],"_links":{"self":[{"href":"https:\/\/www.tgrthaber.com\/mavikadin\/wp-json\/wp\/v2\/posts\/134525"}],"collection":[{"href":"https:\/\/www.tgrthaber.com\/mavikadin\/wp-json\/wp\/v2\/posts"}],"about":[{"href":"https:\/\/www.tgrthaber.com\/mavikadin\/wp-json\/wp\/v2\/types\/post"}],"author":[{"embeddable":true,"href":"https:\/\/www.tgrthaber.com\/mavikadin\/wp-json\/wp\/v2\/users\/27"}],"replies":[{"embeddable":true,"href":"https:\/\/www.tgrthaber.com\/mavikadin\/wp-json\/wp\/v2\/comments?post=134525"}],"version-history":[{"count":5,"href":"https:\/\/www.tgrthaber.com\/mavikadin\/wp-json\/wp\/v2\/posts\/134525\/revisions"}],"predecessor-version":[{"id":134561,"href":"https:\/\/www.tgrthaber.com\/mavikadin\/wp-json\/wp\/v2\/posts\/134525\/revisions\/134561"}],"wp:featuredmedia":[{"embeddable":true,"href":"https:\/\/www.tgrthaber.com\/mavikadin\/wp-json\/wp\/v2\/media\/134548"}],"wp:attachment":[{"href":"https:\/\/www.tgrthaber.com\/mavikadin\/wp-json\/wp\/v2\/media?parent=134525"}],"wp:term":[{"taxonomy":"category","embeddable":true,"href":"https:\/\/www.tgrthaber.com\/mavikadin\/wp-json\/wp\/v2\/categories?post=134525"},{"taxonomy":"post_tag","embeddable":true,"href":"https:\/\/www.tgrthaber.com\/mavikadin\/wp-json\/wp\/v2\/tags?post=134525"}],"curies":[{"name":"wp","href":"https:\/\/api.w.org\/{rel}","templated":true}]}}