{"id":134526,"date":"2025-02-16T13:20:57","date_gmt":"2025-02-16T10:20:57","guid":{"rendered":"https:\/\/www.tgrthaber.com\/mavikadin\/?p=134526"},"modified":"2025-02-16T13:22:58","modified_gmt":"2025-02-16T10:22:58","slug":"habibe-umyani-demir-kimdir-ferdi-tayfurun-kacinci-esi","status":"publish","type":"post","link":"https:\/\/www.tgrthaber.com\/mavikadin\/habibe-umyani-demir-kimdir-ferdi-tayfurun-kacinci-esi\/","title":{"rendered":"Habibe Umyani Demir kimdir? Ferdi Tayfur\u2019un ka\u00e7\u0131nc\u0131 e\u015fi?"},"content":{"rendered":"<p class=\"p1\">\u00dcnl\u00fc sanat\u00e7\u0131 Ferdi Tayfur\u2019un eski e\u015fi olan Habibe \u00dcmyani Demir, \u00f6zellikle k\u0131sa s\u00fcren evlili\u011fi ve bu birliktelikten d\u00fcnyaya gelen Ferdi Taha Tayfur ile g\u00fcndeme gelmi\u015ftir. Sanat\u00e7\u0131n\u0131n hayat\u0131ndaki \u00f6nemli de\u011fi\u015fimlerden biri olarak g\u00f6r\u00fclen bu evlilik, medyan\u0131n da ilgisini \u00e7ekmi\u015ftir. Peki, Habibe \u00dcmyani Demir kimdir, ka\u00e7 ya\u015f\u0131nda ve nereli? \u0130\u015fte merak edilen detaylar\u2026<\/p>\n<h3>HAB\u0130BE \u00dcMYAN\u0130 DEM\u0130R K\u0130MD\u0130R? FERD\u0130 TAYFUR&#8217;UN KA\u00c7INCI E\u015e\u0130?<\/h3>\n<p class=\"p1\">Habibe \u00dcmyani Demir, \u00fcnl\u00fc sanat\u00e7\u0131 Ferdi Tayfur\u2019un eski e\u015fi olarak kamuoyunun dikkatini \u00e7eken isimlerden biri olmu\u015ftur. \u00d6zellikle Tayfur ile olan k\u0131sa s\u00fcren evlili\u011fi ve bu evlilikten do\u011fan Ferdi Taha Tayfur adl\u0131 o\u011fullar\u0131, zaman zaman medyada yer alm\u0131\u015ft\u0131r. Ancak, Demir\u2019in \u00f6zel hayat\u0131na dair bilinenler olduk\u00e7a s\u0131n\u0131rl\u0131d\u0131r.<\/p>\n<p><img loading=\"lazy\" decoding=\"async\" class=\"alignnone wp-image-134528 size-large\" src=\"https:\/\/www.tgrthaber.com\/mavikadin\/wp-content\/uploads\/Ekran-Resmi-2025-02-16-13.16.00-1024x667.png\" alt=\"\" width=\"1024\" height=\"667\" title=\"\" srcset=\"https:\/\/www.tgrthaber.com\/mavikadin\/wp-content\/uploads\/Ekran-Resmi-2025-02-16-13.16.00-1024x667.png 1024w, https:\/\/www.tgrthaber.com\/mavikadin\/wp-content\/uploads\/Ekran-Resmi-2025-02-16-13.16.00-300x196.png 300w, https:\/\/www.tgrthaber.com\/mavikadin\/wp-content\/uploads\/Ekran-Resmi-2025-02-16-13.16.00-768x501.png 768w, https:\/\/www.tgrthaber.com\/mavikadin\/wp-content\/uploads\/Ekran-Resmi-2025-02-16-13.16.00.png 1298w\" sizes=\"(max-width: 1024px) 100vw, 1024px\" \/><\/p>\n<hr \/>\n<p class=\"p1\">Ferdi Tayfur ile 2009 y\u0131l\u0131nda evlenen Habibe \u00dcmyani Demir, sanat\u00e7\u0131n\u0131n hayat\u0131nda \u00f6nemli bir d\u00f6n\u00fcm noktas\u0131 olarak g\u00f6r\u00fclm\u00fc\u015ft\u00fcr. \u0130kilinin tan\u0131\u015fmas\u0131, Ferdi Tayfur\u2019un bir m\u00fczik klibi \u00e7ekimi s\u0131ras\u0131nda ger\u00e7ekle\u015fmi\u015f ve k\u0131sa s\u00fcrede yak\u0131nla\u015fmalar\u0131na neden olmu\u015ftur. Bu yak\u0131nla\u015fma evlilikle devam etmi\u015f, ancak \u00e7iftin birlikteli\u011fi uzun soluklu olmam\u0131\u015ft\u0131r. 2010 y\u0131l\u0131nda evliliklerini sonland\u0131ran ikili, yollar\u0131n\u0131 tamamen ay\u0131rm\u0131\u015ft\u0131r. Bo\u015fanman\u0131n ard\u0131ndan Demir, o\u011fluyla birlikte g\u00f6zlerden uzak bir ya\u015fam s\u00fcrmeyi tercih etmi\u015ftir.<\/p>\n<h3>HAB\u0130BE \u00dcMYAN\u0130 DEM\u0130R FERD\u0130 TAYFUR EVL\u0130L\u0130\u011e\u0130 NEDEN B\u0130TT\u0130?<\/h3>\n<p class=\"p1\">Ferdi Tayfur\u2019un \u00f6zel hayat\u0131nda ya\u015fad\u0131\u011f\u0131 de\u011fi\u015fiklikler ve sa\u011fl\u0131k sorunlar\u0131, evlili\u011fin sonlanmas\u0131na neden olan etkenlerden biri olarak g\u00f6sterilmektedir. Ayr\u0131l\u0131\u011f\u0131n ard\u0131ndan Demir, medyadan uzak durarak kendi hayat\u0131n\u0131 s\u00fcrd\u00fcrmeye devam etmi\u015ftir. Ferdi Tayfur\u2019un ge\u00e7mi\u015fteki di\u011fer ili\u015fkileri gibi bu evlili\u011fi de zaman zaman g\u00fcndeme gelse de, Habibe \u00dcmyani Demir magazin d\u00fcnyas\u0131nda aktif bir isim olmam\u0131\u015ft\u0131r.<\/p>\n<p><img loading=\"lazy\" decoding=\"async\" class=\"alignnone wp-image-134529 size-full\" src=\"https:\/\/www.tgrthaber.com\/mavikadin\/wp-content\/uploads\/Ekran-Resmi-2025-02-16-13.17.57.png\" alt=\"\" width=\"984\" height=\"568\" title=\"\" srcset=\"https:\/\/www.tgrthaber.com\/mavikadin\/wp-content\/uploads\/Ekran-Resmi-2025-02-16-13.17.57.png 984w, https:\/\/www.tgrthaber.com\/mavikadin\/wp-content\/uploads\/Ekran-Resmi-2025-02-16-13.17.57-300x173.png 300w, https:\/\/www.tgrthaber.com\/mavikadin\/wp-content\/uploads\/Ekran-Resmi-2025-02-16-13.17.57-768x443.png 768w\" sizes=\"(max-width: 984px) 100vw, 984px\" \/><\/p>\n<hr \/>\n<p class=\"p1\">Demir\u2019in kariyeri hakk\u0131nda detayl\u0131 bilgiler bulunmamaktad\u0131r. \u00c7o\u011funlukla \u00f6zel hayat\u0131yla g\u00fcndeme gelen isimlerden biri olsa da, medya d\u00fcnyas\u0131nda fazla yer almamay\u0131 tercih etmi\u015ftir. Ferdi Tayfur ile evlili\u011finin ard\u0131ndan g\u00f6zlerden uzak bir ya\u015fam s\u00fcren Demir, o\u011fluyla birlikte sade bir hayat s\u00fcrmeye devam etmektedir. \u00d6zetle, Ferdi Tayfur\u2019un eski e\u015fi olarak tan\u0131nan Habibe \u00dcmyani Demir, evlili\u011fin ard\u0131ndan sessizli\u011fini koruyarak \u00f6zel hayat\u0131n\u0131 \u00f6n planda tutmam\u0131\u015ft\u0131r.<\/p>\n","protected":false},"excerpt":{"rendered":"<p>\u00dcnl\u00fc sanat\u00e7\u0131 Ferdi Tayfur\u2019un eski e\u015fi Habibe \u00dcmyani Demir, k\u0131sa s\u00fcren evlili\u011fi ve bu birliktelikten do\u011fan Ferdi Taha Tayfur ile zaman zaman g\u00fcndeme gelmi\u015ftir. Sanat\u00e7\u0131n\u0131n \u00f6zel hayat\u0131ndaki dikkat \u00e7eken de\u011fi\u015fimlerden biri olarak g\u00f6r\u00fclen bu evlilik, kamuoyunun merak\u0131n\u0131 art\u0131rm\u0131\u015ft\u0131r. Peki Ferdi Tayfur\u2019un e\u015fi Habibe \u00dcmyani Demir kimdir? \u0130\u015fte detaylar.. <\/p>\n","protected":false},"author":16,"featured_media":134530,"comment_status":"closed","ping_status":"closed","sticky":false,"template":"","format":"standard","meta":{"rank_math_lock_modified_date":false,"footnotes":""},"categories":[491],"tags":[11111,11110],"class_list":["post-134526","post","type-post","status-publish","format-standard","has-post-thumbnail","hentry","category-biyografi","tag-ferdi-tayfurun-esi-habibe-umyani-demir-kimdir","tag-habibe-umyani-demir-kimdir"],"_links":{"self":[{"href":"https:\/\/www.tgrthaber.com\/mavikadin\/wp-json\/wp\/v2\/posts\/134526"}],"collection":[{"href":"https:\/\/www.tgrthaber.com\/mavikadin\/wp-json\/wp\/v2\/posts"}],"about":[{"href":"https:\/\/www.tgrthaber.com\/mavikadin\/wp-json\/wp\/v2\/types\/post"}],"author":[{"embeddable":true,"href":"https:\/\/www.tgrthaber.com\/mavikadin\/wp-json\/wp\/v2\/users\/16"}],"replies":[{"embeddable":true,"href":"https:\/\/www.tgrthaber.com\/mavikadin\/wp-json\/wp\/v2\/comments?post=134526"}],"version-history":[{"count":3,"href":"https:\/\/www.tgrthaber.com\/mavikadin\/wp-json\/wp\/v2\/posts\/134526\/revisions"}],"predecessor-version":[{"id":134533,"href":"https:\/\/www.tgrthaber.com\/mavikadin\/wp-json\/wp\/v2\/posts\/134526\/revisions\/134533"}],"wp:featuredmedia":[{"embeddable":true,"href":"https:\/\/www.tgrthaber.com\/mavikadin\/wp-json\/wp\/v2\/media\/134530"}],"wp:attachment":[{"href":"https:\/\/www.tgrthaber.com\/mavikadin\/wp-json\/wp\/v2\/media?parent=134526"}],"wp:term":[{"taxonomy":"category","embeddable":true,"href":"https:\/\/www.tgrthaber.com\/mavikadin\/wp-json\/wp\/v2\/categories?post=134526"},{"taxonomy":"post_tag","embeddable":true,"href":"https:\/\/www.tgrthaber.com\/mavikadin\/wp-json\/wp\/v2\/tags?post=134526"}],"curies":[{"name":"wp","href":"https:\/\/api.w.org\/{rel}","templated":true}]}}