{"id":134567,"date":"2025-02-16T14:59:20","date_gmt":"2025-02-16T11:59:20","guid":{"rendered":"https:\/\/www.tgrthaber.com\/mavikadin\/?p=134567"},"modified":"2025-02-16T14:59:20","modified_gmt":"2025-02-16T11:59:20","slug":"oyuncu-evliya-aykan-anlattigi-cocukluk-anisi-ile-studyodakileri-kirdi-gecirdi","status":"publish","type":"post","link":"https:\/\/www.tgrthaber.com\/mavikadin\/oyuncu-evliya-aykan-anlattigi-cocukluk-anisi-ile-studyodakileri-kirdi-gecirdi\/","title":{"rendered":"Oyuncu Evliya Aykan anlatt\u0131\u011f\u0131 \u00e7ocukluk an\u0131s\u0131 ile st\u00fcdyodakileri k\u0131rd\u0131 ge\u00e7irdi!"},"content":{"rendered":"<p>YouTube kanal\u0131nda yay\u0131nlanan bir programa konuk olarak kat\u0131lan \u00fcnl\u00fc oyuncu Evliya Aykan, Van\u2019da b\u00fcy\u00fcy\u00fcp yeti\u015fti\u011fi \u00e7ocuklu\u011funa dair payla\u015ft\u0131\u011f\u0131 bir hat\u0131ras\u0131 ile st\u00fcdyodakileri kahkahaya bo\u011fdu. 32 ya\u015f\u0131ndaki oyuncu Evliya Aykan&#8217;\u0131n programda b\u00fcy\u00fck bir samimiyetle anlatt\u0131\u011f\u0131 an\u0131s\u0131 g\u00fcld\u00fcrd\u00fc.<\/p>\n<h3>OYUNCU EVL\u0130YA AYKAN BAHSETT\u0130\u011e\u0130 \u00c7OCUKLUK ANISI \u0130LE KAHKAHA ATTIRDI!<\/h3>\n<p>\u00c7ocukluk d\u00f6neminde iken okula gidip gelme s\u00fcrecinden programda bahseden oyuncu Evliya Aykan, st\u00fcdyodakileri kahkahaya bo\u011fdu. Okula y\u00fcr\u00fcyerek gitti\u011fini ifade eden \u00fcnl\u00fc oyuncu Evliya Aykan, \u00e7ocukluk d\u00f6nemindeki an\u0131s\u0131n\u0131 \u015f\u00f6yle anlatt\u0131:<\/p>\n<p><img loading=\"lazy\" decoding=\"async\" class=\"alignnone wp-image-134572\" src=\"https:\/\/www.tgrthaber.com\/mavikadin\/wp-content\/uploads\/523.png\" alt=\"\" width=\"1208\" height=\"668\" title=\"\" srcset=\"https:\/\/www.tgrthaber.com\/mavikadin\/wp-content\/uploads\/523.png 890w, https:\/\/www.tgrthaber.com\/mavikadin\/wp-content\/uploads\/523-300x166.png 300w, https:\/\/www.tgrthaber.com\/mavikadin\/wp-content\/uploads\/523-768x425.png 768w\" sizes=\"(max-width: 1208px) 100vw, 1208px\" \/><\/p>\n<hr \/>\n<p>&#8220;Van&#8217;da her yere y\u00fcr\u00fcyorsun, okul benim bir saat uzakl\u0131ktayd\u0131. Anne ben okula gidiyorum diyordum. Kimse de demiyordu \u015furadan dolmu\u015fa bin on dakikada git. Bir saat gidiyordum bir saatte geliyordum.<\/p>\n<p>Komedyen Do\u011fu Demirkol&#8217;un &#8220;Dolmu\u015f paras\u0131 m\u0131 yoktu?&#8221; demesi \u00fczerine \u00fcnl\u00fc oyuncu Evliya Aykan,\u00a0 &#8220;Yani i\u015fte aile o parayla daha iyi \u015feyler yapmak istiyor, mesela makarna&#8221; diyerek kahkahay\u0131 patlatt\u0131lar.<\/p>\n<h3>OYUNCU EVL\u0130YA AYKAN KISACA K\u0130MD\u0130R?<\/h3>\n<p>31 A\u011fustos 1992 y\u0131l\u0131nda Hakkari\u2019de d\u00fcnyaya g\u00f6zlerini a\u00e7an \u00fcnl\u00fc oyuncu Evliya Aykan, tiyatroya olan ilgi ve merak\u0131n\u0131 hen\u00fcz 13 ya\u015flar\u0131nda ke\u015ffetmi\u015fti. Tiyatroya 13&#8217;l\u00fc ya\u015flarda ba\u015flayan sevilen oyuncu Evliya Aykan, Hacettepe \u00dcniversitesi Ankara Devlet Konservatuvar\u0131 Tiyatro B\u00f6l\u00fcm\u00fcn\u00fc ba\u015far\u0131l\u0131 bir \u015fekilde bitirerek mezun oldu.<\/p>\n<p><img loading=\"lazy\" decoding=\"async\" class=\"alignnone wp-image-134568\" src=\"https:\/\/www.tgrthaber.com\/mavikadin\/wp-content\/uploads\/evliya-aykan-kimdir.jpg\" alt=\"\" width=\"1208\" height=\"740\" title=\"\" srcset=\"https:\/\/www.tgrthaber.com\/mavikadin\/wp-content\/uploads\/evliya-aykan-kimdir.jpg 617w, https:\/\/www.tgrthaber.com\/mavikadin\/wp-content\/uploads\/evliya-aykan-kimdir-300x184.jpg 300w\" sizes=\"(max-width: 1208px) 100vw, 1208px\" \/><\/p>\n<hr \/>\n<p>Bir\u00e7ok \u00f6nemli yap\u0131mda rol alarak k\u0131sa zamanda \u00e7ok yol kateden \u00fcnl\u00fc oyuncu Evliya Aykan, ilk oyunculuk tecr\u00fcbesini ise 2010 y\u0131l\u0131nda televizyon ekranlar\u0131nda verilen fenomen dizi Behzat \u00c7. dizisi ile ya\u015fad\u0131. 2019 y\u0131l\u0131nda Kanal D kanal\u0131nda yay\u0131nlanan ve usta oyuncu Y\u0131lmaz Erdo\u011fan&#8217;\u0131n ba\u015f\u0131nda oldu\u011fu BKM mutfak ekibine dahil oldu. Daha sonradan ise oyuncu Evliya Aykan, Organize \u0130\u015fler 2: Sazan Sarmal\u0131&#8217;da oyunculuk kabiliyetini g\u00f6zler \u00f6n\u00fcne serdi.<\/p>\n<h3>EVL\u0130YA AYKAN&#8217;IN ROL ALDI\u011eI D\u0130Z\u0130LER VE F\u0130LMLER:<\/h3>\n<p>Behzat \u00c7. (2010)<\/p>\n<p>G\u00fclizar (2018)<\/p>\n<p>\u00c7ok G\u00fczel Hareketler Bunlar 2 (2019)<\/p>\n<p>Organize \u0130\u015fler 2: Sazan Sarmal\u0131 (2019)<\/p>\n","protected":false},"excerpt":{"rendered":"<p>Kat\u0131ld\u0131\u011f\u0131 bir programda \u00e7ocukluk an\u0131s\u0131ndan bahseden oyuncu Evliya Aykan, st\u00fcdyoda samimi anlar ya\u015fatt\u0131. \u00dcnl\u00fc ismin kahkahaya bo\u011fan i\u015fte o an\u0131s\u0131&#8230;<\/p>\n","protected":false},"author":27,"featured_media":134569,"comment_status":"closed","ping_status":"closed","sticky":false,"template":"","format":"standard","meta":{"rank_math_lock_modified_date":false,"footnotes":""},"categories":[76],"tags":[11120,133],"class_list":["post-134567","post","type-post","status-publish","format-standard","has-post-thumbnail","hentry","category-magazin","tag-evliya-aykan","tag-magazin"],"_links":{"self":[{"href":"https:\/\/www.tgrthaber.com\/mavikadin\/wp-json\/wp\/v2\/posts\/134567"}],"collection":[{"href":"https:\/\/www.tgrthaber.com\/mavikadin\/wp-json\/wp\/v2\/posts"}],"about":[{"href":"https:\/\/www.tgrthaber.com\/mavikadin\/wp-json\/wp\/v2\/types\/post"}],"author":[{"embeddable":true,"href":"https:\/\/www.tgrthaber.com\/mavikadin\/wp-json\/wp\/v2\/users\/27"}],"replies":[{"embeddable":true,"href":"https:\/\/www.tgrthaber.com\/mavikadin\/wp-json\/wp\/v2\/comments?post=134567"}],"version-history":[{"count":2,"href":"https:\/\/www.tgrthaber.com\/mavikadin\/wp-json\/wp\/v2\/posts\/134567\/revisions"}],"predecessor-version":[{"id":134574,"href":"https:\/\/www.tgrthaber.com\/mavikadin\/wp-json\/wp\/v2\/posts\/134567\/revisions\/134574"}],"wp:featuredmedia":[{"embeddable":true,"href":"https:\/\/www.tgrthaber.com\/mavikadin\/wp-json\/wp\/v2\/media\/134569"}],"wp:attachment":[{"href":"https:\/\/www.tgrthaber.com\/mavikadin\/wp-json\/wp\/v2\/media?parent=134567"}],"wp:term":[{"taxonomy":"category","embeddable":true,"href":"https:\/\/www.tgrthaber.com\/mavikadin\/wp-json\/wp\/v2\/categories?post=134567"},{"taxonomy":"post_tag","embeddable":true,"href":"https:\/\/www.tgrthaber.com\/mavikadin\/wp-json\/wp\/v2\/tags?post=134567"}],"curies":[{"name":"wp","href":"https:\/\/api.w.org\/{rel}","templated":true}]}}