{"id":134570,"date":"2025-02-16T15:08:17","date_gmt":"2025-02-16T12:08:17","guid":{"rendered":"https:\/\/www.tgrthaber.com\/mavikadin\/?p=134570"},"modified":"2025-02-16T15:08:17","modified_gmt":"2025-02-16T12:08:17","slug":"deha-dizisinde-ahsen-eroglunun-yoklugu-seyirci-melis-sezeni-begenmedi","status":"publish","type":"post","link":"https:\/\/www.tgrthaber.com\/mavikadin\/deha-dizisinde-ahsen-eroglunun-yoklugu-seyirci-melis-sezeni-begenmedi\/","title":{"rendered":"Deha dizisinde Ahsen Ero\u011flu\u2019nun yoklu\u011fu! Seyirci Melis Sezen\u2019i be\u011fenmedi"},"content":{"rendered":"<p>Show TV\u2019nin izlenen dizisi \u2018Deha\u2019 izleyicisi taraf\u0131ndan takip ediliyor. Diziden ayr\u0131lmalar olurken seyirci dizinin gidi\u015fat\u0131n\u0131 merak ediyor. Oyuncular\u0131n karakterleri sosyal medya da g\u00fcndem olmaya devam ediyor.\u00a0 Deha\u2019n\u0131n karakterlerinden olan Esme\u2019nin ayr\u0131l\u0131\u015f\u0131 \u00fczerine \u0130mre karakteri istenilen tepkiyi alam\u0131yor. Melis Sezen\u2019in oynad\u0131\u011f\u0131 rol sosyal medya da ele\u015ftirel tepkiler almaya devam ediyor.<\/p>\n<p><strong>\u0130MRE KARAKTER\u0130 BE\u011eEN\u0130LM\u0130YOR<\/strong><\/p>\n<p>Dizinin son d\u00f6nemlerinde, Melis Sezen \u2018in canland\u0131rd\u0131\u011f\u0131 \u0130mre karakteri, izleyicilerden beklenen olumlu geri d\u00f6n\u00fc\u015fleri alam\u0131yor. Sosyal medyada, Sezen\u2019in performans\u0131 ve karakterin dizideki konumuna dair de ele\u015ftiriler yo\u011funla\u015ft\u0131. Dizinin ba\u015flamas\u0131yla birlikte, Melis Sezen\u2019in canland\u0131rd\u0131\u011f\u0131 \u0130mre karakteri, izleyiciler taraf\u0131ndan olduk\u00e7a ele\u015ftirildi. \u00d6zellikle sosyal medya platformlar\u0131nda, Sezen\u2019in oyunculu\u011funun do\u011fal olmad\u0131\u011f\u0131 ve karakterin dizinin genel atmosferine uyum sa\u011flamad\u0131\u011f\u0131 y\u00f6n\u00fcnde yorumlar payla\u015f\u0131ld\u0131.<\/p>\n<p><img loading=\"lazy\" decoding=\"async\" class=\"wp-image-134576\" src=\"https:\/\/www.tgrthaber.com\/mavikadin\/wp-content\/uploads\/deha-dizisi-2-1024x576.jpg\" alt=\"deha dizisi \" width=\"1208\" height=\"680\" title=\"\" srcset=\"https:\/\/www.tgrthaber.com\/mavikadin\/wp-content\/uploads\/deha-dizisi-2-1024x576.jpg 1024w, https:\/\/www.tgrthaber.com\/mavikadin\/wp-content\/uploads\/deha-dizisi-2-300x169.jpg 300w, https:\/\/www.tgrthaber.com\/mavikadin\/wp-content\/uploads\/deha-dizisi-2-768x432.jpg 768w, https:\/\/www.tgrthaber.com\/mavikadin\/wp-content\/uploads\/deha-dizisi-2-1536x864.jpg 1536w, https:\/\/www.tgrthaber.com\/mavikadin\/wp-content\/uploads\/deha-dizisi-2.jpg 1600w\" sizes=\"(max-width: 1208px) 100vw, 1208px\" \/><\/p>\n<hr \/>\n<p><strong>AHSEN ERO\u011eLU\u2019NUN YOKLU\u011eU <\/strong><\/p>\n<p>Show TV ekranlar\u0131n\u0131n iddial\u0131 yap\u0131mlar\u0131ndan olan \u2018Deha\u2019 dizisi pazar ak\u015famlar\u0131 izleyicinin kar\u015f\u0131s\u0131na \u00e7\u0131k\u0131yor. Her hafta yeni bir olayla g\u00fcndeme gelen dizi bu sefer de dizideki karakterle g\u00fcndeme geldi. Dizinin sevilen karakteri Esme\u2018yi oynayan Ahsen Ero\u011flu\u2018nun ani ayr\u0131l\u0131\u011f\u0131, izleyiciler aras\u0131nda b\u00fcy\u00fck bir \u015fa\u015fk\u0131nl\u0131k olu\u015fturmu\u015ftu. Ero\u011flu\u2019nun vedas\u0131n\u0131n ard\u0131ndan, Melis Sezen\u2019in oynad\u0131\u011f\u0131 \u2018\u0130mre\u2019 karakterinin daha fazla \u00f6n plana \u00e7\u0131kmas\u0131 Ero\u011flu izleyicisini mutlu etmedi. Sosyal medyada, \u0130mre\u2019nin karakterinin Esme\u2019nin yerini dolduramad\u0131\u011f\u0131 ve karakterin diziye fayda sa\u011flamad\u0131\u011f\u0131 y\u00f6n\u00fcnde s\u00f6ylemlerde bulundular. Sosyal medya da artan tepkiler \u0130mre karakterinin dizide izleyici kayb\u0131na neden oldu\u011fu y\u00f6n\u00fcnde ele\u015ftiriler g\u00fcndeme geliyor.<\/p>\n<p><img loading=\"lazy\" decoding=\"async\" class=\"wp-image-134575\" src=\"https:\/\/www.tgrthaber.com\/mavikadin\/wp-content\/uploads\/deha-dizisi-1-1-1024x576.jpg\" alt=\"deha dizisi \" width=\"1208\" height=\"680\" title=\"\" srcset=\"https:\/\/www.tgrthaber.com\/mavikadin\/wp-content\/uploads\/deha-dizisi-1-1-1024x576.jpg 1024w, https:\/\/www.tgrthaber.com\/mavikadin\/wp-content\/uploads\/deha-dizisi-1-1-300x169.jpg 300w, https:\/\/www.tgrthaber.com\/mavikadin\/wp-content\/uploads\/deha-dizisi-1-1-768x432.jpg 768w, https:\/\/www.tgrthaber.com\/mavikadin\/wp-content\/uploads\/deha-dizisi-1-1-1536x864.jpg 1536w, https:\/\/www.tgrthaber.com\/mavikadin\/wp-content\/uploads\/deha-dizisi-1-1.jpg 1600w\" sizes=\"(max-width: 1208px) 100vw, 1208px\" \/><\/p>\n<hr \/>\n<p><strong>D\u0130Z\u0130N\u0130N GELECE\u011e\u0130 NE OLACAK <\/strong><\/p>\n<p>\u201cDeha\u201d dizisi, g\u00fc\u00e7l\u00fc kadrosu ve ilgi \u00e7ekici senaryosuyla dikkat \u00e7ekse de Melis Sezen\u2019in oynad\u0131\u011f\u0131 \u0130mre karakterine y\u00f6nelik ele\u015ftiriler, dizinin genel atmosferini olumsuz etkileyebilir. \u0130zleyiciler, karakterin daha derinlikli i\u015flenmesini ve Sezen\u2019in performans\u0131nda daha do\u011fal bir yakla\u015f\u0131m sergilemesini bekliyor. \u0130lerleyen b\u00f6l\u00fcmlerde dizinin gidi\u015fat\u0131 izlenerek g\u00f6r\u00fclecek.<\/p>\n","protected":false},"excerpt":{"rendered":"<p>Show TV\u2019nin izlenen dizisi \u2018Deha\u2019 izleyicisi taraf\u0131ndan takip ediliyor. Diziden ayr\u0131lmalar olurken seyirci dizinin gidi\u015fat\u0131n\u0131 merak ediyor. Oyuncular\u0131n karakterleri sosyal medya da g\u00fcndem olmaya devam ediyor.\u00a0 Deha\u2019n\u0131n karakterlerinden olan Esme\u2019nin ayr\u0131l\u0131\u015f\u0131 \u00fczerine \u0130mre karakteri istenilen tepkiyi alam\u0131yor. Melis Sezen\u2019in oynad\u0131\u011f\u0131 rol sosyal medya da ele\u015ftirel tepkiler almaya devam ediyor.<\/p>\n","protected":false},"author":34,"featured_media":134577,"comment_status":"closed","ping_status":"closed","sticky":false,"template":"","format":"standard","meta":{"rank_math_lock_modified_date":false,"footnotes":""},"categories":[602],"tags":[3398,11121],"class_list":["post-134570","post","type-post","status-publish","format-standard","has-post-thumbnail","hentry","category-diziler","tag-deha-dizisi","tag-deha-dizisi-imre"],"_links":{"self":[{"href":"https:\/\/www.tgrthaber.com\/mavikadin\/wp-json\/wp\/v2\/posts\/134570"}],"collection":[{"href":"https:\/\/www.tgrthaber.com\/mavikadin\/wp-json\/wp\/v2\/posts"}],"about":[{"href":"https:\/\/www.tgrthaber.com\/mavikadin\/wp-json\/wp\/v2\/types\/post"}],"author":[{"embeddable":true,"href":"https:\/\/www.tgrthaber.com\/mavikadin\/wp-json\/wp\/v2\/users\/34"}],"replies":[{"embeddable":true,"href":"https:\/\/www.tgrthaber.com\/mavikadin\/wp-json\/wp\/v2\/comments?post=134570"}],"version-history":[{"count":1,"href":"https:\/\/www.tgrthaber.com\/mavikadin\/wp-json\/wp\/v2\/posts\/134570\/revisions"}],"predecessor-version":[{"id":134580,"href":"https:\/\/www.tgrthaber.com\/mavikadin\/wp-json\/wp\/v2\/posts\/134570\/revisions\/134580"}],"wp:featuredmedia":[{"embeddable":true,"href":"https:\/\/www.tgrthaber.com\/mavikadin\/wp-json\/wp\/v2\/media\/134577"}],"wp:attachment":[{"href":"https:\/\/www.tgrthaber.com\/mavikadin\/wp-json\/wp\/v2\/media?parent=134570"}],"wp:term":[{"taxonomy":"category","embeddable":true,"href":"https:\/\/www.tgrthaber.com\/mavikadin\/wp-json\/wp\/v2\/categories?post=134570"},{"taxonomy":"post_tag","embeddable":true,"href":"https:\/\/www.tgrthaber.com\/mavikadin\/wp-json\/wp\/v2\/tags?post=134570"}],"curies":[{"name":"wp","href":"https:\/\/api.w.org\/{rel}","templated":true}]}}