{"id":134587,"date":"2025-02-16T15:44:31","date_gmt":"2025-02-16T12:44:31","guid":{"rendered":"https:\/\/www.tgrthaber.com\/mavikadin\/?p=134587"},"modified":"2025-02-16T16:01:38","modified_gmt":"2025-02-16T13:01:38","slug":"koreli-oyuncu-kim-saeron-evinde-olu-bulundu-kim-saeron-kimdir-kac-yasinda-filmleri-ve-tv-dizileri","status":"publish","type":"post","link":"https:\/\/www.tgrthaber.com\/mavikadin\/koreli-oyuncu-kim-saeron-evinde-olu-bulundu-kim-saeron-kimdir-kac-yasinda-filmleri-ve-tv-dizileri\/","title":{"rendered":"Koreli oyuncu Kim Saeron evinde \u00f6l\u00fc bulundu! Kim Saeron kimdir, ka\u00e7 ya\u015f\u0131nda? Filmleri ve TV dizileri"},"content":{"rendered":"<p class=\"p1\">G\u00fcney Kore\u2019nin tan\u0131nm\u0131\u015f oyuncular\u0131ndan <span class=\"s1\">Kim Saeron<\/span>, <span class=\"s1\">evinde \u00f6l\u00fc bulundu<\/span>. Gen\u00e7 ya\u015fta bir\u00e7ok ba\u015far\u0131l\u0131 projede yer alarak ad\u0131ndan s\u00f6z ettiren oyuncunun ani \u00f6l\u00fcm\u00fc, hayranlar\u0131 ve meslekta\u015flar\u0131 taraf\u0131ndan b\u00fcy\u00fck \u00fcz\u00fcnt\u00fcyle kar\u015f\u0131land\u0131. Olayla ilgili soru\u015fturma ba\u015flat\u0131l\u0131rken, \u00f6l\u00fcm nedenine dair hen\u00fcz resmi bir a\u00e7\u0131klama yap\u0131lmad\u0131.<\/p>\n<h3 class=\"p3\">KOREL\u0130 OYUNCU K\u0130M SAERON EV\u0130NDE \u00d6L\u00dc BULUNDU<\/h3>\n<p class=\"p1\">Yerel kaynaklardan gelen bilgilere g\u00f6re, <span class=\"s1\">Kim Saeron\u2019un cans\u0131z bedeni, kendisiyle ileti\u015fime ge\u00e7emeyen yak\u0131nlar\u0131 taraf\u0131ndan evinde bulundu<\/span>. Yetkililer, olay yerinde geni\u015f \u00e7apl\u0131 bir inceleme ba\u015flatarak, oyuncunun \u00f6l\u00fcm\u00fcne dair detaylar\u0131 netle\u015ftirmeye \u00e7al\u0131\u015f\u0131yor.<\/p>\n<p><img loading=\"lazy\" decoding=\"async\" class=\"alignnone wp-image-134589 \" src=\"https:\/\/www.tgrthaber.com\/mavikadin\/wp-content\/uploads\/Ekran-Resmi-2025-02-16-15.41.57.png\" alt=\"\" width=\"937\" height=\"1490\" title=\"\" srcset=\"https:\/\/www.tgrthaber.com\/mavikadin\/wp-content\/uploads\/Ekran-Resmi-2025-02-16-15.41.57.png 742w, https:\/\/www.tgrthaber.com\/mavikadin\/wp-content\/uploads\/Ekran-Resmi-2025-02-16-15.41.57-189x300.png 189w, https:\/\/www.tgrthaber.com\/mavikadin\/wp-content\/uploads\/Ekran-Resmi-2025-02-16-15.41.57-644x1024.png 644w\" sizes=\"(max-width: 937px) 100vw, 937px\" \/><\/p>\n<hr \/>\n<h3 class=\"p3\">TAZ\u0130YE MESAJLARI YA\u011eDI<\/h3>\n<p class=\"p1\">Kim Saeron\u2019un vefat haberi, G\u00fcney Kore medya sekt\u00f6r\u00fcnde b\u00fcy\u00fck yank\u0131 uyand\u0131rd\u0131. Oyuncunun meslekta\u015flar\u0131 ve hayranlar\u0131, sosyal medyada taziye mesajlar\u0131 payla\u015farak \u00fcz\u00fcnt\u00fclerini dile getirdi.<\/p>\n<h3>K\u0130M SAERON K\u0130MD\u0130R, KA\u00c7 YA\u015eINDA?<\/h3>\n<p class=\"p1\">G\u00fcney Koreli oyuncu Kim Sae-ron, 31 Temmuz 2000 tarihinde do\u011fdu ve kariyerine 9 ya\u015f\u0131nda \u00e7ocuk oyuncu olarak ad\u0131m att\u0131. Gen\u00e7 ya\u015fta g\u00f6sterdi\u011fi performanslarla dikkat \u00e7eken Sae-ron, k\u0131sa s\u00fcrede G\u00fcney Kore sinema ve televizyon d\u00fcnyas\u0131nda kendine sa\u011flam bir yer edindi.<\/p>\n<p class=\"p1\">\u0130lk \u00e7\u0131k\u0131\u015f\u0131n\u0131 \u201cA Brand New Life\u201d (2009) ve \u201cThe Man From Nowhere\u201d (2010) filmleriyle yapt\u0131. Ba\u015far\u0131l\u0131 oyunculu\u011fu sayesinde geni\u015f bir hayran kitlesi kazand\u0131 ve televizyon dizilerinde de rol almaya ba\u015flad\u0131. 2015 y\u0131l\u0131nda Fantagio Entertainment ile olan s\u00f6zle\u015fmesi sona erdi. Ard\u0131ndan, 2016\u2019da YG Entertainment b\u00fcnyesine kat\u0131larak kariyerine devam etti.<\/p>\n<p><img loading=\"lazy\" decoding=\"async\" class=\"alignnone wp-image-134602 size-large\" src=\"https:\/\/www.tgrthaber.com\/mavikadin\/wp-content\/uploads\/Ekran-Resmi-2025-02-16-15.57.31-1024x559.png\" alt=\"\" width=\"1024\" height=\"559\" title=\"\" srcset=\"https:\/\/www.tgrthaber.com\/mavikadin\/wp-content\/uploads\/Ekran-Resmi-2025-02-16-15.57.31-1024x559.png 1024w, https:\/\/www.tgrthaber.com\/mavikadin\/wp-content\/uploads\/Ekran-Resmi-2025-02-16-15.57.31-300x164.png 300w, https:\/\/www.tgrthaber.com\/mavikadin\/wp-content\/uploads\/Ekran-Resmi-2025-02-16-15.57.31-768x419.png 768w, https:\/\/www.tgrthaber.com\/mavikadin\/wp-content\/uploads\/Ekran-Resmi-2025-02-16-15.57.31.png 1044w\" sizes=\"(max-width: 1024px) 100vw, 1024px\" \/><\/p>\n<hr \/>\n<h3 class=\"p1\"><b>K\u0130M SAE RON TELEV\u0130ZYON D\u0130Z\u0130LER\u0130 NELER?<\/b><\/h3>\n<p>I Need Romans (2012)<\/p>\n<p class=\"p1\">Can You Hear My Heart (2011)<\/p>\n<p class=\"p1\">The Queen\u2019s Classroom (2013)<\/p>\n<p class=\"p1\">Hi! School \u2013 Love On (2014)<\/p>\n<p>Missing You (2012)<\/p>\n<p>Fashiong King (2012)<\/p>\n<p>Garden Of Heaven (2011)<\/p>\n<p>Sonwy Road (2015)<\/p>\n<p><img loading=\"lazy\" decoding=\"async\" class=\"alignnone wp-image-134603 \" src=\"https:\/\/www.tgrthaber.com\/mavikadin\/wp-content\/uploads\/Ekran-Resmi-2025-02-16-15.58.57.png\" alt=\"\" width=\"942\" height=\"1340\" title=\"\" srcset=\"https:\/\/www.tgrthaber.com\/mavikadin\/wp-content\/uploads\/Ekran-Resmi-2025-02-16-15.58.57.png 696w, https:\/\/www.tgrthaber.com\/mavikadin\/wp-content\/uploads\/Ekran-Resmi-2025-02-16-15.58.57-211x300.png 211w\" sizes=\"(max-width: 942px) 100vw, 942px\" \/><\/p>\n<hr \/>\n<h3 class=\"p1\"><b>K\u0130M SAE RON F\u0130LMLER\u0130 NELER?<\/b><b><\/b><\/h3>\n<p class=\"p1\">\u2022<b>A Brand New Life<\/b> (2009)<\/p>\n<p class=\"p1\">\u2022<b>The Man From Nowhere<\/b> (2010)<\/p>\n<p class=\"p1\">Kim Sae-ron, ba\u015far\u0131l\u0131 projeleriyle gen\u00e7 ya\u015fta b\u00fcy\u00fck bir pop\u00fclerlik kazanm\u0131\u015f ve G\u00fcney Kore\u2019nin en tan\u0131nan oyuncular\u0131ndan biri olmu\u015ftur.<\/p>\n","protected":false},"excerpt":{"rendered":"<p>G\u00fcney Kore\u2019nin \u00fcnl\u00fc oyuncular\u0131ndan Kim Saeron, evinde hayat\u0131n\u0131 kaybetmi\u015f halde bulundu. Gen\u00e7 ya\u015f\u0131na ra\u011fmen bir\u00e7ok projede yer alarak geni\u015f bir hayran kitlesine ula\u015fan oyuncunun ani \u00f6l\u00fcm\u00fc, sanat camias\u0131nda b\u00fcy\u00fck \u00fcz\u00fcnt\u00fcye neden oldu. Yetkililer, \u00f6l\u00fcm sebebini belirlemek i\u00e7in soru\u015fturma ba\u015flatt\u0131.<\/p>\n","protected":false},"author":16,"featured_media":134593,"comment_status":"closed","ping_status":"closed","sticky":false,"template":"","format":"standard","meta":{"rank_math_lock_modified_date":false,"footnotes":""},"categories":[76],"tags":[11124,11125],"class_list":["post-134587","post","type-post","status-publish","format-standard","has-post-thumbnail","hentry","category-magazin","tag-kim-saeron-evinde-oldu","tag-kim-saeron-oldu"],"_links":{"self":[{"href":"https:\/\/www.tgrthaber.com\/mavikadin\/wp-json\/wp\/v2\/posts\/134587"}],"collection":[{"href":"https:\/\/www.tgrthaber.com\/mavikadin\/wp-json\/wp\/v2\/posts"}],"about":[{"href":"https:\/\/www.tgrthaber.com\/mavikadin\/wp-json\/wp\/v2\/types\/post"}],"author":[{"embeddable":true,"href":"https:\/\/www.tgrthaber.com\/mavikadin\/wp-json\/wp\/v2\/users\/16"}],"replies":[{"embeddable":true,"href":"https:\/\/www.tgrthaber.com\/mavikadin\/wp-json\/wp\/v2\/comments?post=134587"}],"version-history":[{"count":6,"href":"https:\/\/www.tgrthaber.com\/mavikadin\/wp-json\/wp\/v2\/posts\/134587\/revisions"}],"predecessor-version":[{"id":134605,"href":"https:\/\/www.tgrthaber.com\/mavikadin\/wp-json\/wp\/v2\/posts\/134587\/revisions\/134605"}],"wp:featuredmedia":[{"embeddable":true,"href":"https:\/\/www.tgrthaber.com\/mavikadin\/wp-json\/wp\/v2\/media\/134593"}],"wp:attachment":[{"href":"https:\/\/www.tgrthaber.com\/mavikadin\/wp-json\/wp\/v2\/media?parent=134587"}],"wp:term":[{"taxonomy":"category","embeddable":true,"href":"https:\/\/www.tgrthaber.com\/mavikadin\/wp-json\/wp\/v2\/categories?post=134587"},{"taxonomy":"post_tag","embeddable":true,"href":"https:\/\/www.tgrthaber.com\/mavikadin\/wp-json\/wp\/v2\/tags?post=134587"}],"curies":[{"name":"wp","href":"https:\/\/api.w.org\/{rel}","templated":true}]}}