{"id":134606,"date":"2025-02-16T16:50:13","date_gmt":"2025-02-16T13:50:13","guid":{"rendered":"https:\/\/www.tgrthaber.com\/mavikadin\/?p=134606"},"modified":"2025-02-16T16:50:13","modified_gmt":"2025-02-16T13:50:13","slug":"ozcan-denize-demet-akalindan-destek-10-numara-adamdir","status":"publish","type":"post","link":"https:\/\/www.tgrthaber.com\/mavikadin\/ozcan-denize-demet-akalindan-destek-10-numara-adamdir\/","title":{"rendered":"\u00d6zcan Deniz\u2019e Demet Akal\u0131n\u2019dan Destek: \u201c10 numara adamd\u0131r\u201d"},"content":{"rendered":"<p>Son d\u00f6nemde ailesiyle ya\u015fad\u0131\u011f\u0131 sorunlarla g\u00fcndeme gelen \u00fcnl\u00fc sanat\u00e7\u0131 \u00d6zcan Deniz, magazin d\u00fcnyas\u0131n\u0131n da dikkatlerini \u00fczerine \u00e7ekmeye devam ediyor. \u00d6zellikle annesi Kadriye Deniz ve a\u011fabeyi Ercan Deniz ile ya\u015fad\u0131\u011f\u0131 anla\u015fmazl\u0131klar ya\u015famas\u0131 onun sosyal medya da konu\u015fulan konular aras\u0131na girmesine neden oldu. Bu s\u00fcre\u00e7te, meslekta\u015f\u0131 ve yak\u0131n dostu Demet Akal\u0131n \u2018dan \u00d6zcan Deniz\u2019e destek geldi. Peki, Demet Akal\u0131n nas\u0131l bir destek verdi? \u00d6zcan Deniz&#8217;in ailesi ile ilgili son durum ne? detaylar haberimizde&#8230;<\/p>\n<h3><strong>A\u0130LE \u0130\u00c7\u0130NDEK\u0130 DURUMLAR <\/strong><\/h3>\n<p>\u00d6zcan Deniz\u2019in ailesiyle ya\u015fad\u0131\u011f\u0131 sorunlar, \u00f6zellikle annesi Kadriye Deniz&#8217;in o\u011fluna uzakla\u015ft\u0131rma talebinde bulunmas\u0131yla konu sosyal medyada merak konusu oldu. Kadriye Deniz\u2019in avukat\u0131 Rukiye Moray Eruzundal, m\u00fcvekkilinin can g\u00fcvenli\u011fi endi\u015fesiyle bu talepte bulundu\u011funu belirtti. \u00d6zcan Deniz ise sosyal medya hesab\u0131ndan konuyla alakal\u0131 su\u00e7suzlu\u011funun er ya da ge\u00e7 ortaya \u00e7\u0131kaca\u011f\u0131n\u0131 belirten payla\u015f\u0131m yapt\u0131. Bu olay sonras\u0131 Deniz\u2019e arkada\u015flar\u0131ndan destek mesajlar\u0131 gelmeye ba\u015flad\u0131.<\/p>\n<p><img loading=\"lazy\" decoding=\"async\" class=\"wp-image-134607\" src=\"https:\/\/www.tgrthaber.com\/mavikadin\/wp-content\/uploads\/haber-gorselleri-fotoshop-19-1024x576.jpg\" alt=\"\u00f6zcan deniz\" width=\"1208\" height=\"680\" title=\"\" srcset=\"https:\/\/www.tgrthaber.com\/mavikadin\/wp-content\/uploads\/haber-gorselleri-fotoshop-19-1024x576.jpg 1024w, https:\/\/www.tgrthaber.com\/mavikadin\/wp-content\/uploads\/haber-gorselleri-fotoshop-19-300x169.jpg 300w, https:\/\/www.tgrthaber.com\/mavikadin\/wp-content\/uploads\/haber-gorselleri-fotoshop-19-768x432.jpg 768w, https:\/\/www.tgrthaber.com\/mavikadin\/wp-content\/uploads\/haber-gorselleri-fotoshop-19-1536x864.jpg 1536w, https:\/\/www.tgrthaber.com\/mavikadin\/wp-content\/uploads\/haber-gorselleri-fotoshop-19.jpg 1600w\" sizes=\"(max-width: 1208px) 100vw, 1208px\" \/><\/p>\n<hr \/>\n<p>&nbsp;<\/p>\n<h3><strong>DEMET AKALIN\u2019DAN DESTEK MESAJI<\/strong><\/h3>\n<p>T\u00fcm bu olaylar\u0131n ard\u0131ndan, Demet Akal\u0131n\u2019dan \u00d6zcan Deniz\u2019e destek geldi. Akal\u0131n, sosyal medya hesab\u0131ndan \u00d6zcan Deniz\u2019in sahne ald\u0131\u011f\u0131 bir etkinlikten g\u00f6r\u00fcnt\u00fcler payla\u015farak, \u201cB\u00fcy\u00fck \u00d6zcan Deniz\u2026 10 numara adamd\u0131r\u201d ifadelerini kullanarak destek oldu\u011funu g\u00f6sterdi. Demet Akal\u0131n etkinlikte, \u00d6zcan Deniz\u2019in \u2018Nasip De\u011filmi\u015f\u2019 \u015fark\u0131s\u0131n\u0131 beraber s\u00f6ylemeleri \u00fczerine \u201cKader denilen \u015feye inanal\u0131m arkada\u015flar. Ben, e\u015fimle bu \u015fark\u0131yla tan\u0131\u015ft\u0131m.\u201d C\u00fcmlelerini kulland\u0131. Akal\u0131n\u2019\u0131n bu s\u00f6z\u00fcyle \u00d6zcan Deniz \u015fa\u015fk\u0131nl\u0131\u011f\u0131n\u0131 gizleyemedi.<\/p>\n<div style=\"width: 640px;\" class=\"wp-video\"><!--[if lt IE 9]><script>document.createElement('video');<\/script><![endif]-->\n<video class=\"wp-video-shortcode\" id=\"video-134606-1\" width=\"640\" height=\"640\" preload=\"metadata\" controls=\"controls\"><source type=\"video\/mp4\" src=\"https:\/\/www.tgrthaber.com\/mavikadin\/wp-content\/uploads\/Kahverengi-Sade-Zarif-Kucuk-Isletme-Kuafor-Instagram-Video-1-12.mp4?_=1\" \/><a href=\"https:\/\/www.tgrthaber.com\/mavikadin\/wp-content\/uploads\/Kahverengi-Sade-Zarif-Kucuk-Isletme-Kuafor-Instagram-Video-1-12.mp4\">https:\/\/www.tgrthaber.com\/mavikadin\/wp-content\/uploads\/Kahverengi-Sade-Zarif-Kucuk-Isletme-Kuafor-Instagram-Video-1-12.mp4<\/a><\/video><\/div>\n<h3><strong>A\u0130LES\u0130 \u0130LE S\u00dcRE\u00c7 NASIL \u0130LERLEYECEK<\/strong><\/h3>\n<p>\u00d6zcan Deniz\u2019in ailesiyle ya\u015fad\u0131\u011f\u0131 bu s\u00fcre\u00e7, medya ve kamuoyu taraf\u0131ndan yak\u0131ndan takip ediliyor. Demet Akal\u0131n gibi yak\u0131nlar\u0131n\u0131n deste\u011fi, sanat\u00e7\u0131n\u0131n bu zorlu d\u00f6nemi atlatmas\u0131nda \u00f6nemli bir rol oynuyor. \u00d6zcan Deniz\u2019in, kariyerine ve \u00f6zel hayat\u0131na dair geli\u015fmeler, hayranlar\u0131 ve medya taraf\u0131ndan ilgiyle izlenmeye devam edecek gibi g\u00f6r\u00fcn\u00fcyor.<\/p>\n","protected":false},"excerpt":{"rendered":"<p>Son d\u00f6nemde ailesiyle ya\u015fad\u0131\u011f\u0131 sorunlarla g\u00fcndeme gelen \u00fcnl\u00fc sanat\u00e7\u0131 \u00d6zcan Deniz, magazin d\u00fcnyas\u0131n\u0131n da dikkatlerini \u00fczerine \u00e7ekmeye devam ediyor. \u00d6zellikle annesi Kadriye Deniz ve a\u011fabeyi Ercan Deniz ile ya\u015fad\u0131\u011f\u0131 anla\u015fmazl\u0131klar ya\u015famas\u0131 onun sosyal medya da konu\u015fulan konular aras\u0131na girmesine neden oldu. Bu s\u00fcre\u00e7te, meslekta\u015f\u0131 ve yak\u0131n dostu Demet Akal\u0131n \u2018dan \u00d6zcan Deniz\u2019e destek geldi. Peki, Demet Akal\u0131n nas\u0131l bir destek verdi? \u00d6zcan Deniz&#8217;in ailesi ile ilgili son durum ne? detaylar haberimizde&#8230;<\/p>\n","protected":false},"author":34,"featured_media":134608,"comment_status":"closed","ping_status":"closed","sticky":false,"template":"","format":"standard","meta":{"rank_math_lock_modified_date":false,"footnotes":""},"categories":[76],"tags":[130,11012,2393,11128],"class_list":["post-134606","post","type-post","status-publish","format-standard","has-post-thumbnail","hentry","category-magazin","tag-demet-akalin","tag-kadriye-deniz","tag-ozcan-deniz","tag-ozcan-denize-destek"],"_links":{"self":[{"href":"https:\/\/www.tgrthaber.com\/mavikadin\/wp-json\/wp\/v2\/posts\/134606"}],"collection":[{"href":"https:\/\/www.tgrthaber.com\/mavikadin\/wp-json\/wp\/v2\/posts"}],"about":[{"href":"https:\/\/www.tgrthaber.com\/mavikadin\/wp-json\/wp\/v2\/types\/post"}],"author":[{"embeddable":true,"href":"https:\/\/www.tgrthaber.com\/mavikadin\/wp-json\/wp\/v2\/users\/34"}],"replies":[{"embeddable":true,"href":"https:\/\/www.tgrthaber.com\/mavikadin\/wp-json\/wp\/v2\/comments?post=134606"}],"version-history":[{"count":1,"href":"https:\/\/www.tgrthaber.com\/mavikadin\/wp-json\/wp\/v2\/posts\/134606\/revisions"}],"predecessor-version":[{"id":134610,"href":"https:\/\/www.tgrthaber.com\/mavikadin\/wp-json\/wp\/v2\/posts\/134606\/revisions\/134610"}],"wp:featuredmedia":[{"embeddable":true,"href":"https:\/\/www.tgrthaber.com\/mavikadin\/wp-json\/wp\/v2\/media\/134608"}],"wp:attachment":[{"href":"https:\/\/www.tgrthaber.com\/mavikadin\/wp-json\/wp\/v2\/media?parent=134606"}],"wp:term":[{"taxonomy":"category","embeddable":true,"href":"https:\/\/www.tgrthaber.com\/mavikadin\/wp-json\/wp\/v2\/categories?post=134606"},{"taxonomy":"post_tag","embeddable":true,"href":"https:\/\/www.tgrthaber.com\/mavikadin\/wp-json\/wp\/v2\/tags?post=134606"}],"curies":[{"name":"wp","href":"https:\/\/api.w.org\/{rel}","templated":true}]}}