{"id":134648,"date":"2025-02-16T19:11:02","date_gmt":"2025-02-16T16:11:02","guid":{"rendered":"https:\/\/www.tgrthaber.com\/mavikadin\/?p=134648"},"modified":"2025-02-16T19:11:02","modified_gmt":"2025-02-16T16:11:02","slug":"sen-aglama-istanbul-final-mi-yapti-yeni-bolum-ne-zaman","status":"publish","type":"post","link":"https:\/\/www.tgrthaber.com\/mavikadin\/sen-aglama-istanbul-final-mi-yapti-yeni-bolum-ne-zaman\/","title":{"rendered":"Sen A\u011flama \u0130stanbul final mi yapt\u0131? Yeni B\u00f6l\u00fcm ne zaman?"},"content":{"rendered":"<p>Star TV ekranlar\u0131n\u0131n sevilen dizisi Sen A\u011flama \u0130stanbul, izleyenleri ekranda her hafta ekranlara ta\u015f\u0131may\u0131 s\u00fcrd\u00fcr\u00fcyordu. Dizini yay\u0131n g\u00fcn\u00fcn de\u011fi\u015fmesiyle yay\u0131n hayat\u0131na devam edece\u011fi d\u00fc\u015f\u00fcn\u00fcl\u00fcyordu. 15 \u015eubat 2025 tarihinde ekranlara gelen dizi son b\u00f6l\u00fcm\u00fcyle sevenlerine s\u00fcrpriz yapt\u0131. Sen A\u011flama \u0130stanbul dizisi final mi yapt\u0131? Yeni b\u00f6l\u00fcm ne zaman? Detaylar haberimizde\u2026<\/p>\n<h3><strong>SEN A\u011eLAMA \u0130STANBUL D\u0130Z\u0130S\u0130 F\u0130NAL M\u0130 YAPIYOR<\/strong><\/h3>\n<p>Star Tv\u2019nin sevilen dizilerinden biri olan \u201cSen A\u011flama \u0130stanbul\u201d dizisi, reyting sava\u015flar\u0131nda beklenen ba\u015far\u0131y\u0131 elde edemedi. Dizi, 8. b\u00f6l\u00fcm\u00fcyle final yapma karar\u0131 ald\u0131. Ba\u015frollerinde \u0130smail Hac\u0131o\u011flu, Simay Barlas, Ayta\u00e7 \u015ea\u015fmaz ve Burcu Cavrar gibi ba\u015far\u0131l\u0131 isimlerin yer ald\u0131\u011f\u0131 dizi, dramatik hikayesiyle dikkat \u00e7ekmesine ra\u011fmen izleyici kitlesini geni\u015fletemedi. \u201cSen A\u011flama \u0130stanbul\u201d, yay\u0131n hayat\u0131na ba\u015flad\u0131\u011f\u0131 ilk g\u00fcnden itibaren g\u00fc\u00e7l\u00fc oyuncu kadrosu ve etkileyici senaryosuyla dikkat \u00e7ekti. Ancak, televizyon d\u00fcnyas\u0131nda k\u0131yas\u0131ya s\u00fcren reyting rekabetinde istenilen seviyeye ula\u015famad\u0131.<\/p>\n<p><img loading=\"lazy\" decoding=\"async\" class=\"wp-image-134649\" src=\"https:\/\/www.tgrthaber.com\/mavikadin\/wp-content\/uploads\/sen-aglama-istanbul-1-1-1024x576.jpg\" alt=\"sen a\u011flama istanbul \" width=\"1208\" height=\"680\" title=\"\" srcset=\"https:\/\/www.tgrthaber.com\/mavikadin\/wp-content\/uploads\/sen-aglama-istanbul-1-1-1024x576.jpg 1024w, https:\/\/www.tgrthaber.com\/mavikadin\/wp-content\/uploads\/sen-aglama-istanbul-1-1-300x169.jpg 300w, https:\/\/www.tgrthaber.com\/mavikadin\/wp-content\/uploads\/sen-aglama-istanbul-1-1-768x432.jpg 768w, https:\/\/www.tgrthaber.com\/mavikadin\/wp-content\/uploads\/sen-aglama-istanbul-1-1-1536x864.jpg 1536w, https:\/\/www.tgrthaber.com\/mavikadin\/wp-content\/uploads\/sen-aglama-istanbul-1-1.jpg 1600w\" sizes=\"(max-width: 1208px) 100vw, 1208px\" \/><\/p>\n<hr \/>\n<h3><strong>NEDEN F\u0130NAL YAPTI<\/strong><\/h3>\n<p>Sen A\u011flama \u0130stanbul dizisine y\u00f6nelik izleyici ilgisinin azalmas\u0131nda, hik\u00e2yenin belirli noktalarda t\u0131kanmas\u0131 da etkili oldu. Sen A\u011flama, duygu y\u00fckl\u00fc yap\u0131s\u0131 ve dramati\u011fiyle dikkat \u00e7ekmi\u015fti. Fakat hik\u00e2ye, belirli bir noktadan sonra izleyiciyi taze fikirlerle etkilemekte zorland\u0131. Bu durum, dizinin s\u00fcrd\u00fcr\u00fclebilirli\u011fini olumsuz etkiledi ve final karar\u0131 al\u0131nd\u0131.Dizilerin final yapmas\u0131ndaki bir di\u011fer \u00f6nemli neden olarak, Sen A\u011flama dizisi yay\u0131nland\u0131\u011f\u0131 d\u00f6nemde g\u00fc\u00e7l\u00fc bir oyuncu kadrosuna sahip olmas\u0131na ra\u011fmen, kanal y\u00f6neticileri taraf\u0131ndan yeni projelere odaklan\u0131lmas\u0131 gerekti\u011fi d\u00fc\u015f\u00fcn\u00fclm\u00fc\u015f olabilir. Y\u00fcksek izlenme oranlar\u0131 sa\u011flanamad\u0131\u011f\u0131nda, kanal ve yap\u0131mc\u0131lar yeni projelere \u00f6ncelik vererek mevcut diziyi sonland\u0131rmay\u0131 tercih edebilirler.<\/p>\n<p><img loading=\"lazy\" decoding=\"async\" class=\"wp-image-134650\" src=\"https:\/\/www.tgrthaber.com\/mavikadin\/wp-content\/uploads\/sen-aglama-istanbul-2-1-1024x576.jpg\" alt=\"sen a\u011flama istanbul \" width=\"1208\" height=\"680\" title=\"\" srcset=\"https:\/\/www.tgrthaber.com\/mavikadin\/wp-content\/uploads\/sen-aglama-istanbul-2-1-1024x576.jpg 1024w, https:\/\/www.tgrthaber.com\/mavikadin\/wp-content\/uploads\/sen-aglama-istanbul-2-1-300x169.jpg 300w, https:\/\/www.tgrthaber.com\/mavikadin\/wp-content\/uploads\/sen-aglama-istanbul-2-1-768x432.jpg 768w, https:\/\/www.tgrthaber.com\/mavikadin\/wp-content\/uploads\/sen-aglama-istanbul-2-1-1536x864.jpg 1536w, https:\/\/www.tgrthaber.com\/mavikadin\/wp-content\/uploads\/sen-aglama-istanbul-2-1.jpg 1600w\" sizes=\"(max-width: 1208px) 100vw, 1208px\" \/><\/p>\n<hr \/>\n<h3><strong>D\u0130Z\u0130N\u0130N OYUNCU KADROSU<\/strong><\/h3>\n<p>Yap\u0131mc\u0131l\u0131\u011f\u0131n\u0131 Onur G\u00fcvenatam\u2019\u0131n \u00fcstlendi\u011fi dizisi oyuncular\u0131, \u0130smail Hac\u0131o\u011flu, Simay Barlas, Ayta\u00e7 \u015ea\u015fmaz, Burcu Cavrar, Mehmet \u00c7evik, Ay\u015feg\u00fcl \u00dcnsal, \u015eehsuvar Akta\u015f, \u00d6zlem Tokaslan, P\u0131nar \u00c7a\u011flar Gen\u00e7t\u00fcrk, Mert Denizmen ve Ya\u011fmur \u00d6zbasmac\u0131 \u00fcnl\u00fc oyuncular rol alm\u0131\u015ft\u0131r.<\/p>\n","protected":false},"excerpt":{"rendered":"<p>Star TV ekranlar\u0131n\u0131n sevilen dizisi Sen A\u011flama \u0130stanbul, izleyenleri ekranda her hafta ekranlara ta\u015f\u0131may\u0131 s\u00fcrd\u00fcr\u00fcyordu. Dizini yay\u0131n g\u00fcn\u00fcn de\u011fi\u015fmesiyle yay\u0131n hayat\u0131na devam edece\u011fi d\u00fc\u015f\u00fcn\u00fcl\u00fcyordu. 15 \u015eubat 2025 tarihinde ekranlara gelen dizi son b\u00f6l\u00fcm\u00fcyle sevenlerine s\u00fcrpriz yapt\u0131. Sen A\u011flama \u0130stanbul dizisi final mi yapt\u0131? Yeni b\u00f6l\u00fcm ne zaman? Detaylar haberimizde\u2026<\/p>\n","protected":false},"author":34,"featured_media":134651,"comment_status":"closed","ping_status":"closed","sticky":false,"template":"","format":"standard","meta":{"rank_math_lock_modified_date":false,"footnotes":""},"categories":[602],"tags":[2722,10002,11141],"class_list":["post-134648","post","type-post","status-publish","format-standard","has-post-thumbnail","hentry","category-diziler","tag-sen-aglama-istanbul","tag-sen-aglama-istanbul-dizisi-8-bolum-final","tag-sen-aglama-istanbul-dizsi"],"_links":{"self":[{"href":"https:\/\/www.tgrthaber.com\/mavikadin\/wp-json\/wp\/v2\/posts\/134648"}],"collection":[{"href":"https:\/\/www.tgrthaber.com\/mavikadin\/wp-json\/wp\/v2\/posts"}],"about":[{"href":"https:\/\/www.tgrthaber.com\/mavikadin\/wp-json\/wp\/v2\/types\/post"}],"author":[{"embeddable":true,"href":"https:\/\/www.tgrthaber.com\/mavikadin\/wp-json\/wp\/v2\/users\/34"}],"replies":[{"embeddable":true,"href":"https:\/\/www.tgrthaber.com\/mavikadin\/wp-json\/wp\/v2\/comments?post=134648"}],"version-history":[{"count":1,"href":"https:\/\/www.tgrthaber.com\/mavikadin\/wp-json\/wp\/v2\/posts\/134648\/revisions"}],"predecessor-version":[{"id":134653,"href":"https:\/\/www.tgrthaber.com\/mavikadin\/wp-json\/wp\/v2\/posts\/134648\/revisions\/134653"}],"wp:featuredmedia":[{"embeddable":true,"href":"https:\/\/www.tgrthaber.com\/mavikadin\/wp-json\/wp\/v2\/media\/134651"}],"wp:attachment":[{"href":"https:\/\/www.tgrthaber.com\/mavikadin\/wp-json\/wp\/v2\/media?parent=134648"}],"wp:term":[{"taxonomy":"category","embeddable":true,"href":"https:\/\/www.tgrthaber.com\/mavikadin\/wp-json\/wp\/v2\/categories?post=134648"},{"taxonomy":"post_tag","embeddable":true,"href":"https:\/\/www.tgrthaber.com\/mavikadin\/wp-json\/wp\/v2\/tags?post=134648"}],"curies":[{"name":"wp","href":"https:\/\/api.w.org\/{rel}","templated":true}]}}