{"id":134710,"date":"2025-02-17T09:55:01","date_gmt":"2025-02-17T06:55:01","guid":{"rendered":"https:\/\/www.tgrthaber.com\/mavikadin\/?p=134710"},"modified":"2025-02-17T09:56:38","modified_gmt":"2025-02-17T06:56:38","slug":"kudus-fatihi-selahaddin-eyyubi-dizisinde-yeni-bolumde-neler-olacak","status":"publish","type":"post","link":"https:\/\/www.tgrthaber.com\/mavikadin\/kudus-fatihi-selahaddin-eyyubi-dizisinde-yeni-bolumde-neler-olacak\/","title":{"rendered":"Kud\u00fcs Fatihi Selahaddin Eyyubi dizisinde yeni b\u00f6l\u00fcmde neler olacak? Kud\u00fcs\u2019te b\u00fcy\u00fck bir g\u00fc\u00e7 de\u011fi\u015fimi ya\u015fan\u0131yor"},"content":{"rendered":"<p>Kud\u00fcs Fatihi Selahaddin Eyyubi dizisi 45. B\u00f6l\u00fcm\u00fcyle bu ak\u015fam ekranlara gelmeye haz\u0131rlan\u0131yor. TRT 1\u2019de yay\u0131nlanan dizi Kud\u00fcs\u2019\u00fc \u00f6zg\u00fcrl\u00fc\u011f\u00fcne kavu\u015fturan b\u00fcy\u00fck komutan\u0131n hik\u00e2yesini ekranlara ta\u015f\u0131yor.<\/p>\n<h3>KUD\u00dcS FAT\u0130H\u0130 SELAHADD\u0130N EYYUB\u0130 D\u0130Z\u0130S\u0130NDE YEN\u0130 B\u00d6L\u00dcMDE NELER OLACAK?<\/h3>\n<p>G\u00fc\u00e7l\u00fc oyuncu kadrosu ve hikayesi ile izleyenleri ekrana kilitleyen Kud\u00fcs Fatihi Selahaddin Eyyubi dizisi Kud\u00fcs\u2019\u00fc i\u015fgalden kurtaran Selahaddin Eyyubi\u2019nin hikayesini konu al\u0131yor. 45. b\u00f6l\u00fcm\u00fc ile ekranlara gelecek dizi bu ak\u015fam izleyicisiyle bulu\u015facak.<\/p>\n<p><img loading=\"lazy\" decoding=\"async\" class=\"alignnone wp-image-134711\" src=\"https:\/\/www.tgrthaber.com\/mavikadin\/wp-content\/uploads\/Kudus-Fatihi-Selahaddin-Eyyubi-2-1.jpg\" alt=\"\" width=\"1208\" height=\"690\" title=\"\" srcset=\"https:\/\/www.tgrthaber.com\/mavikadin\/wp-content\/uploads\/Kudus-Fatihi-Selahaddin-Eyyubi-2-1.jpg 749w, https:\/\/www.tgrthaber.com\/mavikadin\/wp-content\/uploads\/Kudus-Fatihi-Selahaddin-Eyyubi-2-1-300x171.jpg 300w\" sizes=\"(max-width: 1208px) 100vw, 1208px\" \/><\/p>\n<hr \/>\n<h3>KUD\u00dcS FAT\u0130H\u0130 SELAHADD\u0130N EYYUB\u0130 D\u0130Z\u0130S\u0130NDE YEN\u0130 B\u00d6L\u00dcMDE NELER OLACAK?<\/h3>\n<p>B\u00f6r\u00fc, d\u00fc\u015fman hatlar\u0131 aras\u0131nda kalm\u0131\u015fken Selahaddin, onu kurtarmak i\u00e7in teredd\u00fct etmeden sava\u015f alan\u0131na iner. Guy ve Chatillon ise bu durumu f\u0131rsat bilerek Selahaddin\u2019i yok etmeye \u00e7al\u0131\u015f\u0131rken hesaba katmad\u0131klar\u0131 bir \u015fey olur. Sultan Nureddin, ordusuyla beraber gelerek b\u00fcy\u00fck bir destek sa\u011flar ve sava\u015f\u0131n gidi\u015fat\u0131 farkl\u0131 bir boyut kazan\u0131r.<\/p>\n<p>Kahire, b\u00fcy\u00fck bir Sultan\u2019\u0131 kar\u015f\u0131lar Sultan Nureddin ise son nefesine kadar cihad\u0131n izzetini omzunda ta\u015f\u0131maya niyetlidir. K\u00fcd\u00fcs b\u00f6lgesinde art\u0131k hesapla\u015fma vakti vard\u0131r. Lord Guy, diklendi\u011fi ancak ba\u015far\u0131s\u0131z oldu\u011fu Kral Amalrik\u2019e hesap verecektir.<\/p>\n<p><img loading=\"lazy\" decoding=\"async\" class=\"alignnone wp-image-134712\" src=\"https:\/\/www.tgrthaber.com\/mavikadin\/wp-content\/uploads\/Kudus-Fatihi-Selahaddin-Eyyubi-3-1.jpg\" alt=\"\" width=\"1208\" height=\"805\" title=\"\" srcset=\"https:\/\/www.tgrthaber.com\/mavikadin\/wp-content\/uploads\/Kudus-Fatihi-Selahaddin-Eyyubi-3-1.jpg 1200w, https:\/\/www.tgrthaber.com\/mavikadin\/wp-content\/uploads\/Kudus-Fatihi-Selahaddin-Eyyubi-3-1-300x200.jpg 300w, https:\/\/www.tgrthaber.com\/mavikadin\/wp-content\/uploads\/Kudus-Fatihi-Selahaddin-Eyyubi-3-1-1024x683.jpg 1024w, https:\/\/www.tgrthaber.com\/mavikadin\/wp-content\/uploads\/Kudus-Fatihi-Selahaddin-Eyyubi-3-1-768x512.jpg 768w\" sizes=\"(max-width: 1208px) 100vw, 1208px\" \/><\/p>\n<hr \/>\n<h3>KUD\u00dcS\u2019TE B\u00dcY\u00dcK B\u0130R G\u00dc\u00c7 DE\u011e\u0130\u015e\u0130M\u0130 YA\u015eANIR<\/h3>\n<p>Kud\u00fcs\u2019te b\u00fcy\u00fck bir g\u00fc\u00e7 de\u011fi\u015fimi ya\u015fan\u0131r. Chatillon bu karar\u0131 kabul etmez. Balian\u2019la aralar\u0131ndaki anla\u015fmazl\u0131k en \u00fcst safhaya ula\u015f\u0131r. Latif tehlike i\u00e7inde mi olacak merak konusu olurken Kud\u00fcs kendisine \u015fifa olacak hekimi koruyamayacak m\u0131d\u0131r?<\/p>\n<p><img loading=\"lazy\" decoding=\"async\" class=\"alignnone wp-image-134713\" src=\"https:\/\/www.tgrthaber.com\/mavikadin\/wp-content\/uploads\/Kudus-Fatihi-Selahaddin-Eyyubi-6-1.jpg\" alt=\"\" width=\"1208\" height=\"805\" title=\"\" srcset=\"https:\/\/www.tgrthaber.com\/mavikadin\/wp-content\/uploads\/Kudus-Fatihi-Selahaddin-Eyyubi-6-1.jpg 1200w, https:\/\/www.tgrthaber.com\/mavikadin\/wp-content\/uploads\/Kudus-Fatihi-Selahaddin-Eyyubi-6-1-300x200.jpg 300w, https:\/\/www.tgrthaber.com\/mavikadin\/wp-content\/uploads\/Kudus-Fatihi-Selahaddin-Eyyubi-6-1-1024x683.jpg 1024w, https:\/\/www.tgrthaber.com\/mavikadin\/wp-content\/uploads\/Kudus-Fatihi-Selahaddin-Eyyubi-6-1-768x512.jpg 768w\" sizes=\"(max-width: 1208px) 100vw, 1208px\" \/><\/p>\n<hr \/>\n<h3>SELAHADD\u0130N B\u00dcY\u00dcK B\u0130R SINAVLA SINANIR<\/h3>\n<p>Di\u011fer yandan Mila \u015eemse ile evlilik \u00f6ncesinde olan Selahaddin\u2019e kar\u015f\u0131 hissetti\u011fi duygular\u0131 saklayamaz. Selahaddin bu olaydan sonra b\u00fcy\u00fck bir s\u0131navla kar\u015f\u0131 kar\u015f\u0131ya kal\u0131r. K\u00fcd\u00fcs\u2019te ya\u015fanan iktidar de\u011fi\u015fimi yeni sava\u015f\u0131n habercisi mi olacakt\u0131r? Ha\u00e7l\u0131lar ise kaybetti\u011fi g\u00fcc\u00fc geri almak i\u00e7in ne yapacak \u015fimdiden merak ediliyor.<\/p>\n","protected":false},"excerpt":{"rendered":"<p>Kud\u00fcs Fatihi Selahaddin Eyyubi dizisi yeni b\u00f6l\u00fcm\u00fcyle bu ak\u015fam ekranlara geliyor. Kud\u00fcs\u2019\u00fc \u00f6zg\u00fcrl\u00fc\u011f\u00fcne kavu\u015fturan b\u00fcy\u00fck komutan\u0131n hik\u00e2yesini anlatan dizi 45. B\u00f6l\u00fcm\u00fcyle izleyicisiyle bulu\u015facak.<\/p>\n","protected":false},"author":5,"featured_media":134715,"comment_status":"closed","ping_status":"closed","sticky":false,"template":"","format":"standard","meta":{"rank_math_lock_modified_date":false,"footnotes":""},"categories":[602],"tags":[2628,684,4486],"class_list":["post-134710","post","type-post","status-publish","format-standard","has-post-thumbnail","hentry","category-diziler","tag-dizi-haberleri","tag-kudus","tag-kudus-fatihi-selahaddin-eyyubi"],"_links":{"self":[{"href":"https:\/\/www.tgrthaber.com\/mavikadin\/wp-json\/wp\/v2\/posts\/134710"}],"collection":[{"href":"https:\/\/www.tgrthaber.com\/mavikadin\/wp-json\/wp\/v2\/posts"}],"about":[{"href":"https:\/\/www.tgrthaber.com\/mavikadin\/wp-json\/wp\/v2\/types\/post"}],"author":[{"embeddable":true,"href":"https:\/\/www.tgrthaber.com\/mavikadin\/wp-json\/wp\/v2\/users\/5"}],"replies":[{"embeddable":true,"href":"https:\/\/www.tgrthaber.com\/mavikadin\/wp-json\/wp\/v2\/comments?post=134710"}],"version-history":[{"count":3,"href":"https:\/\/www.tgrthaber.com\/mavikadin\/wp-json\/wp\/v2\/posts\/134710\/revisions"}],"predecessor-version":[{"id":134719,"href":"https:\/\/www.tgrthaber.com\/mavikadin\/wp-json\/wp\/v2\/posts\/134710\/revisions\/134719"}],"wp:featuredmedia":[{"embeddable":true,"href":"https:\/\/www.tgrthaber.com\/mavikadin\/wp-json\/wp\/v2\/media\/134715"}],"wp:attachment":[{"href":"https:\/\/www.tgrthaber.com\/mavikadin\/wp-json\/wp\/v2\/media?parent=134710"}],"wp:term":[{"taxonomy":"category","embeddable":true,"href":"https:\/\/www.tgrthaber.com\/mavikadin\/wp-json\/wp\/v2\/categories?post=134710"},{"taxonomy":"post_tag","embeddable":true,"href":"https:\/\/www.tgrthaber.com\/mavikadin\/wp-json\/wp\/v2\/tags?post=134710"}],"curies":[{"name":"wp","href":"https:\/\/api.w.org\/{rel}","templated":true}]}}