{"id":134728,"date":"2025-02-17T10:43:32","date_gmt":"2025-02-17T07:43:32","guid":{"rendered":"https:\/\/www.tgrthaber.com\/mavikadin\/?p=134728"},"modified":"2025-02-17T10:43:32","modified_gmt":"2025-02-17T07:43:32","slug":"demet-ozdemirli-esref-ruya-setinden-ilk-kareler-yayinlandi-mart-ayinda-ekranlara-gelecek","status":"publish","type":"post","link":"https:\/\/www.tgrthaber.com\/mavikadin\/demet-ozdemirli-esref-ruya-setinden-ilk-kareler-yayinlandi-mart-ayinda-ekranlara-gelecek\/","title":{"rendered":"Demet \u00d6zdemir\u2019li E\u015fref R\u00fcya setinden ilk kareler yay\u0131nland\u0131! Mart ay\u0131nda ekranlara gelecek"},"content":{"rendered":"<p>Ba\u015frollerinde \u00c7a\u011fatay Ulusoy ile Demet \u00d6zdemir\u2019in olaca\u011f\u0131 E\u015fref R\u00fcya setinden ilk kareler yay\u0131nland\u0131. \u0130zleyicisiyle Mart ay\u0131nda ve Sal\u0131 g\u00fcnleri ekranlara gelmeyi planlayan dizide \u00e7ekimler h\u0131zla devam ediyor.<\/p>\n<h3>&#8216;E\u015eREF R\u00dcYA&#8217; SET\u0130NDEN \u0130LK KARELER<\/h3>\n<p>Kanal D&#8217;nin yeni dizisi E\u015fref R\u00fcya setinden ilk kareleri Demet \u00d6zdemir payla\u015ft\u0131. \u00c7a\u011fatay Ulusoy&#8217;la ba\u015frol\u00fc payla\u015fan \u00fcnl\u00fc isim diziye dair kareleri sosyal medya hesab\u0131ndan takip\u00e7ilerinin be\u011fenisine sundu.<\/p>\n<p>E\u015fref R\u00fcya\u2019da m\u00fczisyen bir karakteri oynayan \u00d6zdemir\u2019in dizi i\u00e7in \u015fark\u0131 s\u00f6yledi\u011fi anlar sosyal medyada g\u00fcndem olmu\u015ftu. M\u00fczisyen Nisan rol\u00fcndeki \u00d6zdemir heyecan dolu sahneleriyle izleyicinin kalbini kazanmaya geliyor.<\/p>\n<p><img loading=\"lazy\" decoding=\"async\" class=\"alignnone wp-image-134729\" src=\"https:\/\/www.tgrthaber.com\/mavikadin\/wp-content\/uploads\/Demet-Ozdemir-2-1.jpg\" alt=\"\" width=\"1208\" height=\"681\" title=\"\" srcset=\"https:\/\/www.tgrthaber.com\/mavikadin\/wp-content\/uploads\/Demet-Ozdemir-2-1.jpg 1080w, https:\/\/www.tgrthaber.com\/mavikadin\/wp-content\/uploads\/Demet-Ozdemir-2-1-300x169.jpg 300w, https:\/\/www.tgrthaber.com\/mavikadin\/wp-content\/uploads\/Demet-Ozdemir-2-1-1024x577.jpg 1024w, https:\/\/www.tgrthaber.com\/mavikadin\/wp-content\/uploads\/Demet-Ozdemir-2-1-768x433.jpg 768w\" sizes=\"(max-width: 1208px) 100vw, 1208px\" \/><\/p>\n<hr \/>\n<h3>E\u015eREF R\u00dcYA MART AYINDA \u0130ZLEY\u0130C\u0130S\u0130 \u0130LE BULU\u015eUYOR<\/h3>\n<p>Mart ay\u0131nda izleyicisi ile bulu\u015fmaya haz\u0131rlanan E\u015fref R\u00fcya dizisi iddial\u0131 konusuyla dikkat \u00e7ekiyor. Su\u00e7 d\u00fcnyas\u0131n\u0131 konu alan dizide ba\u015frol oyuncusu Demet \u00d6zdemir ilk sahnelerini E\u015fref (\u00c7a\u011fatay Ulusoy) ve adamlar\u0131n\u0131n i\u015fletti\u011fi otelde \u00e7ekti.<\/p>\n<p>Tims&amp;B\u2019nin yap\u0131mc\u0131l\u0131\u011f\u0131n\u0131 \u00fcstlendi\u011fi dizinin y\u00f6netmen koltu\u011funda Ulu\u00e7 Bayraktar oturuyor. Senaryosu Ethem \u00d6z\u0131\u015f\u0131k ve Lokman Maral taraf\u0131ndan yaz\u0131lan dizide Demet \u00d6zdemir ve \u00c7a\u011fatay Ulusoy\u2019a B\u00fc\u015fra Develi, Necip Memili , Ahmet R\u0131fat \u015eungar gibi ba\u015far\u0131l\u0131 isimler e\u015flik ediyor. \u015eimdiden b\u00fcy\u00fck bir ilgiyle takip edilen dizi merak konusu oldu.<\/p>\n<p><img loading=\"lazy\" decoding=\"async\" class=\"alignnone wp-image-134730\" src=\"https:\/\/www.tgrthaber.com\/mavikadin\/wp-content\/uploads\/Demet-Ozdemir-3.jpg\" alt=\"\" width=\"1208\" height=\"679\" title=\"\" srcset=\"https:\/\/www.tgrthaber.com\/mavikadin\/wp-content\/uploads\/Demet-Ozdemir-3.jpg 1080w, https:\/\/www.tgrthaber.com\/mavikadin\/wp-content\/uploads\/Demet-Ozdemir-3-300x169.jpg 300w, https:\/\/www.tgrthaber.com\/mavikadin\/wp-content\/uploads\/Demet-Ozdemir-3-1024x576.jpg 1024w, https:\/\/www.tgrthaber.com\/mavikadin\/wp-content\/uploads\/Demet-Ozdemir-3-768x432.jpg 768w\" sizes=\"(max-width: 1208px) 100vw, 1208px\" \/><\/p>\n<hr \/>\n<h3>E\u015eREF R\u00dcYA D\u0130Z\u0130S\u0130 KONUSU NED\u0130R?<\/h3>\n<p>E\u015fref R\u00fcya\u2019da ba\u015frol oyuncusu \u00c7a\u011fatay Ulusoy g\u00f6z\u00fc kara, g\u00fcc\u00fc, paras\u0131 olan ama ismini bilmedi\u011fi bir a\u015fk\u0131n esiri rol\u00fcnde olacak. Demet \u00d6zdemir ise R\u00fcya\u2019dan sonra E\u015fref\u2019i ilk defa heyecanland\u0131ran gen\u00e7 m\u00fczisyen Nisan rol\u00fc ile izleyiciyle bulu\u015facak. Hikayesi kalplere dokunacak dizi y\u0131llar sonra \u00f6zlenen bir a\u015fk\u0131 konu alacak.<\/p>\n<p>\u00c7ocuk ya\u015fta yetim kalman\u0131n yaln\u0131zl\u0131kla E\u015fref su\u00e7 d\u00fcnyas\u0131na itilmi\u015f ve su\u00e7 d\u00fcnyas\u0131nda h\u00fck\u00fcm s\u00fcren bir kimli\u011fe b\u00fcr\u00fcnm\u00fc\u015f biri olacak. E\u015fref\u2019in g\u00f6z\u00fcnde yetim \u00e7ocuklar ailesinin yerine koydu\u011fu karde\u015fleri olarak kar\u015f\u0131m\u0131za \u00e7\u0131k\u0131yor. Ancak bu aile su\u00e7 d\u00fcnyas\u0131n\u0131n ortas\u0131nda yer al\u0131yor.<\/p>\n<p><img loading=\"lazy\" decoding=\"async\" class=\"alignnone wp-image-134731\" src=\"https:\/\/www.tgrthaber.com\/mavikadin\/wp-content\/uploads\/Demet-Ozdemir-4.jpg\" alt=\"\" width=\"1208\" height=\"681\" title=\"\" srcset=\"https:\/\/www.tgrthaber.com\/mavikadin\/wp-content\/uploads\/Demet-Ozdemir-4.jpg 1080w, https:\/\/www.tgrthaber.com\/mavikadin\/wp-content\/uploads\/Demet-Ozdemir-4-300x169.jpg 300w, https:\/\/www.tgrthaber.com\/mavikadin\/wp-content\/uploads\/Demet-Ozdemir-4-1024x577.jpg 1024w, https:\/\/www.tgrthaber.com\/mavikadin\/wp-content\/uploads\/Demet-Ozdemir-4-768x433.jpg 768w\" sizes=\"(max-width: 1208px) 100vw, 1208px\" \/><\/p>\n<hr \/>\n<h3>E\u015eREF R\u00dcYA D\u0130Z\u0130S\u0130 OYUNCU KADROSU<\/h3>\n<p>Demet \u00d6zdemir (Nisan) ve \u00c7a\u011fatay Ulusoy (E\u015fref), Necip Memili, B\u00fc\u015fra Develi, Ahmet R\u0131fat \u015eungar, Tolga Tekin, G\u00f6rkem Sevindik.<\/p>\n","protected":false},"excerpt":{"rendered":"<p>Demet \u00d6zdemir\u2019li E\u015fref R\u00fcya setinden ilk kareler payla\u015f\u0131ld\u0131. Mart ay\u0131nda yay\u0131nlanmas\u0131 planlanan dizi bir de\u011fi\u015fiklik olmazsa Sal\u0131 g\u00fcnleri izleyicisiyle bulu\u015facak.<\/p>\n","protected":false},"author":5,"featured_media":134732,"comment_status":"closed","ping_status":"closed","sticky":false,"template":"","format":"standard","meta":{"rank_math_lock_modified_date":false,"footnotes":""},"categories":[602],"tags":[2765,2570,2628,4755],"class_list":["post-134728","post","type-post","status-publish","format-standard","has-post-thumbnail","hentry","category-diziler","tag-cagatay-ulusoy","tag-demet-ozdemir","tag-dizi-haberleri","tag-esref-ruya"],"_links":{"self":[{"href":"https:\/\/www.tgrthaber.com\/mavikadin\/wp-json\/wp\/v2\/posts\/134728"}],"collection":[{"href":"https:\/\/www.tgrthaber.com\/mavikadin\/wp-json\/wp\/v2\/posts"}],"about":[{"href":"https:\/\/www.tgrthaber.com\/mavikadin\/wp-json\/wp\/v2\/types\/post"}],"author":[{"embeddable":true,"href":"https:\/\/www.tgrthaber.com\/mavikadin\/wp-json\/wp\/v2\/users\/5"}],"replies":[{"embeddable":true,"href":"https:\/\/www.tgrthaber.com\/mavikadin\/wp-json\/wp\/v2\/comments?post=134728"}],"version-history":[{"count":1,"href":"https:\/\/www.tgrthaber.com\/mavikadin\/wp-json\/wp\/v2\/posts\/134728\/revisions"}],"predecessor-version":[{"id":134733,"href":"https:\/\/www.tgrthaber.com\/mavikadin\/wp-json\/wp\/v2\/posts\/134728\/revisions\/134733"}],"wp:featuredmedia":[{"embeddable":true,"href":"https:\/\/www.tgrthaber.com\/mavikadin\/wp-json\/wp\/v2\/media\/134732"}],"wp:attachment":[{"href":"https:\/\/www.tgrthaber.com\/mavikadin\/wp-json\/wp\/v2\/media?parent=134728"}],"wp:term":[{"taxonomy":"category","embeddable":true,"href":"https:\/\/www.tgrthaber.com\/mavikadin\/wp-json\/wp\/v2\/categories?post=134728"},{"taxonomy":"post_tag","embeddable":true,"href":"https:\/\/www.tgrthaber.com\/mavikadin\/wp-json\/wp\/v2\/tags?post=134728"}],"curies":[{"name":"wp","href":"https:\/\/api.w.org\/{rel}","templated":true}]}}