{"id":134756,"date":"2025-02-17T11:54:14","date_gmt":"2025-02-17T08:54:14","guid":{"rendered":"https:\/\/www.tgrthaber.com\/mavikadin\/?p=134756"},"modified":"2025-02-17T11:56:17","modified_gmt":"2025-02-17T08:56:17","slug":"kizil-goncalar-dizisinin-zeynepi-mina-demirtas-motorcu-oldu-sosyal-medya-hesabindan-paylasti","status":"publish","type":"post","link":"https:\/\/www.tgrthaber.com\/mavikadin\/kizil-goncalar-dizisinin-zeynepi-mina-demirtas-motorcu-oldu-sosyal-medya-hesabindan-paylasti\/","title":{"rendered":"K\u0131z\u0131l Goncalar dizisinin Zeynep&#8217;i Mina Demirta\u015f motorcu oldu! Sosyal medya hesab\u0131ndan payla\u015ft\u0131"},"content":{"rendered":"<p>NOW TV ekranlar\u0131n\u0131n b\u00fcy\u00fck bir ilgiyle takip edilen dizisi K\u0131z\u0131l Goncalar\u2019\u0131n Zeynep\u2019i motorcu oldu. K\u0131z\u0131l Goncalar dizisinin sevilen karakteri Zeynep\u2019i oynayan Mina Demirta\u015f hem oyunculu\u011fu hem de sosyal medya payla\u015f\u0131mlar\u0131yla g\u00fcndem olmaya devam ediyor. Gen\u00e7 ya\u015f\u0131na ra\u011fmen olduk\u00e7a ba\u015far\u0131l\u0131 bir oyunculuk performans\u0131 sergileyen Mina Demirta\u015f, izleyicileri etkilemeye devam ediyor. Mina Demirta\u015f, sosyal medya hesaplar\u0131ndan yapt\u0131\u011f\u0131 payla\u015f\u0131mlarla da g\u00fcndeme geliyor. Mina Demirta\u015f\u2019\u0131n Instagram hesab\u0131ndan yapt\u0131\u011f\u0131 motorlu payla\u015f\u0131ma takip\u00e7ileri yorum ya\u011fd\u0131rd\u0131. Mina Demirta\u015f\u2019\u0131n motorlu payla\u015f\u0131m\u0131 sevenlerinin b\u00fcy\u00fck ilgisini g\u00f6rd\u00fc\u2026<\/p>\n<h3>KIZIL GONCALAR D\u0130Z\u0130S\u0130N\u0130N ZEYNEP&#8217;\u0130 M\u0130NA DEM\u0130RTA\u015e MOTORCU OLDU!<\/h3>\n<p>K\u0131z\u0131l Goncalar dizisinin Zeynep\u2019i Mina Demirta\u015f\u2019\u0131n motorlu payla\u015f\u0131mlar\u0131 sosyal medyada b\u00fcy\u00fck ilgi g\u00f6rd\u00fc. NOW TV ekranlar\u0131n\u0131n sevilen dizisi K\u0131z\u0131l Goncalar, t\u00fcm h\u0131z\u0131yla yay\u0131nlanmaya devam ediyor. Hem konusu hem de g\u00fc\u00e7l\u00fc oyuncu kadrosuyla dikkatleri \u00fczerine \u00e7eken K\u0131z\u0131l Goncalar dizisi seyircinin b\u00fcy\u00fck ilgisini \u00e7ekiyor. Zeynep karakterini oynayan Demirta\u015f, ba\u015far\u0131l\u0131 performans\u0131yla dikkatleri \u00fczerine \u00e7ekiyor. Yay\u0131nland\u0131\u011f\u0131 g\u00fcnden bu yana merakla takip edilen diziye Demirta\u015f damga vuruyor.<\/p>\n<p><img loading=\"lazy\" decoding=\"async\" class=\"alignnone wp-image-134759\" src=\"https:\/\/www.tgrthaber.com\/mavikadin\/wp-content\/uploads\/Mina-Demirtas-4-1024x576.jpg\" alt=\"K\u0131z\u0131l Goncalar dizisinin Zeynep&#039;i Mina Demirta\u015f motorcu oldu!\" width=\"1208\" height=\"680\" title=\"\" srcset=\"https:\/\/www.tgrthaber.com\/mavikadin\/wp-content\/uploads\/Mina-Demirtas-4-1024x576.jpg 1024w, https:\/\/www.tgrthaber.com\/mavikadin\/wp-content\/uploads\/Mina-Demirtas-4-300x169.jpg 300w, https:\/\/www.tgrthaber.com\/mavikadin\/wp-content\/uploads\/Mina-Demirtas-4-768x432.jpg 768w, https:\/\/www.tgrthaber.com\/mavikadin\/wp-content\/uploads\/Mina-Demirtas-4-1536x864.jpg 1536w, https:\/\/www.tgrthaber.com\/mavikadin\/wp-content\/uploads\/Mina-Demirtas-4.jpg 1600w\" sizes=\"(max-width: 1208px) 100vw, 1208px\" \/><\/p>\n<hr \/>\n<p>Mina Demirta\u015f, ba\u015far\u0131l\u0131 oyunculuk performans\u0131n\u0131n yan\u0131 s\u0131ra \u00f6zel hayat\u0131 ve sosyal medya payla\u015f\u0131mlar\u0131yla g\u00fcndem olmaya devam ediyor. Sosyal medya payla\u015f\u0131mlar\u0131yla dikkatleri \u00fczerine \u00e7eken Demirta\u015f, Instagram hesab\u0131ndan bir foto\u011fraf payla\u015ft\u0131. Motorcu stili pozlar\u0131yla dikkat \u00e7eken Demirta\u015f\u2019\u0131n payla\u015f\u0131m\u0131 takip\u00e7ileri taraf\u0131ndan \u00e7ok sevildi. Demirta\u015f\u2019\u0131n foto\u011fraflar\u0131na k\u0131sa s\u00fcrede be\u011feni ve yorum ya\u011fd\u0131.<\/p>\n<h3>SOSYAL MEDYA HESABINDAN PAYLA\u015eTI!<\/h3>\n<p>K\u0131z\u0131l Goncalar dizisindeki \u201cZeynep\u201d karakteriyle ad\u0131n\u0131 geni\u015f kitlelere duyuran ve son zamanlar\u0131n en \u00e7ok konu\u015fulan isimleri aras\u0131nda yer alan Mina Demirta\u015f, motor \u00fczerinde oturdu\u011fu anlar\u0131 Instagram hesab\u0131ndan payla\u015ft\u0131. Demirta\u015f\u2019\u0131n motor \u00fczerindeki pozlar\u0131na k\u0131sa s\u00fcrede binlerce be\u011feni ve yorum ya\u011fd\u0131.<\/p>\n<p>\u0130\u015fte Mina Demirta\u015f&#8217;\u0131n Instagram hesab\u0131ndan payla\u015ft\u0131\u011f\u0131 motorcu stili&#8230;<\/p>\n<p><img loading=\"lazy\" decoding=\"async\" class=\"alignnone wp-image-134761\" src=\"https:\/\/www.tgrthaber.com\/mavikadin\/wp-content\/uploads\/Mina-Demirtas-3-1024x576.jpg\" alt=\"K\u0131z\u0131l Goncalar dizisinin Zeynep&#039;i Mina Demirta\u015f motorcu oldu!\" width=\"1208\" height=\"680\" title=\"\" srcset=\"https:\/\/www.tgrthaber.com\/mavikadin\/wp-content\/uploads\/Mina-Demirtas-3-1024x576.jpg 1024w, https:\/\/www.tgrthaber.com\/mavikadin\/wp-content\/uploads\/Mina-Demirtas-3-300x169.jpg 300w, https:\/\/www.tgrthaber.com\/mavikadin\/wp-content\/uploads\/Mina-Demirtas-3-768x432.jpg 768w, https:\/\/www.tgrthaber.com\/mavikadin\/wp-content\/uploads\/Mina-Demirtas-3-1536x864.jpg 1536w, https:\/\/www.tgrthaber.com\/mavikadin\/wp-content\/uploads\/Mina-Demirtas-3.jpg 1600w\" sizes=\"(max-width: 1208px) 100vw, 1208px\" \/><\/p>\n<hr \/>\n<p>Instagram hesab\u0131nda 402 binden fazla takip\u00e7isi olan Mina Demirta\u015f, motorlu payla\u015f\u0131m\u0131na: \u201cNot: Set aras\u0131 trafi\u011fe kapal\u0131 alanda \u00e7ekilmi\u015ftir\u201d notunu d\u00fc\u015ft\u00fc. Demirta\u015f\u2019\u0131n foto\u011fraflar\u0131 takip\u00e7ileri taraf\u0131ndan \u00e7ok sevildi. Motorlu payla\u015f\u0131mlar k\u0131sa s\u00fcrede 72 bine yak\u0131n be\u011feni ald\u0131.<\/p>\n<p><img loading=\"lazy\" decoding=\"async\" class=\"alignnone wp-image-134762\" src=\"https:\/\/www.tgrthaber.com\/mavikadin\/wp-content\/uploads\/Mina-Demirtas-2-1024x576.jpg\" alt=\"K\u0131z\u0131l Goncalar dizisinin Zeynep&#039;i Mina Demirta\u015f motorcu oldu!\" width=\"1208\" height=\"680\" title=\"\" srcset=\"https:\/\/www.tgrthaber.com\/mavikadin\/wp-content\/uploads\/Mina-Demirtas-2-1024x576.jpg 1024w, https:\/\/www.tgrthaber.com\/mavikadin\/wp-content\/uploads\/Mina-Demirtas-2-300x169.jpg 300w, https:\/\/www.tgrthaber.com\/mavikadin\/wp-content\/uploads\/Mina-Demirtas-2-768x432.jpg 768w, https:\/\/www.tgrthaber.com\/mavikadin\/wp-content\/uploads\/Mina-Demirtas-2-1536x864.jpg 1536w, https:\/\/www.tgrthaber.com\/mavikadin\/wp-content\/uploads\/Mina-Demirtas-2.jpg 1600w\" sizes=\"(max-width: 1208px) 100vw, 1208px\" \/><\/p>\n","protected":false},"excerpt":{"rendered":"<p>NOW TV ekranlar\u0131n\u0131n sevilen dizisi K\u0131z\u0131l Goncalar\u2019\u0131n Zeynep\u2019i Mina Demirta\u015f motorcu oldu. Gen\u00e7 oyuncuya takip\u00e7ileri yorumlar ya\u011fd\u0131rd\u0131. \u0130\u015fte detaylar\u2026 <\/p>\n","protected":false},"author":26,"featured_media":134757,"comment_status":"closed","ping_status":"closed","sticky":false,"template":"","format":"standard","meta":{"rank_math_lock_modified_date":false,"footnotes":""},"categories":[76],"tags":[2306,5762,2863],"class_list":["post-134756","post","type-post","status-publish","format-standard","has-post-thumbnail","hentry","category-magazin","tag-kizil-goncalar","tag-kizil-goncalar-zeynep","tag-mina-demirtas"],"_links":{"self":[{"href":"https:\/\/www.tgrthaber.com\/mavikadin\/wp-json\/wp\/v2\/posts\/134756"}],"collection":[{"href":"https:\/\/www.tgrthaber.com\/mavikadin\/wp-json\/wp\/v2\/posts"}],"about":[{"href":"https:\/\/www.tgrthaber.com\/mavikadin\/wp-json\/wp\/v2\/types\/post"}],"author":[{"embeddable":true,"href":"https:\/\/www.tgrthaber.com\/mavikadin\/wp-json\/wp\/v2\/users\/26"}],"replies":[{"embeddable":true,"href":"https:\/\/www.tgrthaber.com\/mavikadin\/wp-json\/wp\/v2\/comments?post=134756"}],"version-history":[{"count":3,"href":"https:\/\/www.tgrthaber.com\/mavikadin\/wp-json\/wp\/v2\/posts\/134756\/revisions"}],"predecessor-version":[{"id":134763,"href":"https:\/\/www.tgrthaber.com\/mavikadin\/wp-json\/wp\/v2\/posts\/134756\/revisions\/134763"}],"wp:featuredmedia":[{"embeddable":true,"href":"https:\/\/www.tgrthaber.com\/mavikadin\/wp-json\/wp\/v2\/media\/134757"}],"wp:attachment":[{"href":"https:\/\/www.tgrthaber.com\/mavikadin\/wp-json\/wp\/v2\/media?parent=134756"}],"wp:term":[{"taxonomy":"category","embeddable":true,"href":"https:\/\/www.tgrthaber.com\/mavikadin\/wp-json\/wp\/v2\/categories?post=134756"},{"taxonomy":"post_tag","embeddable":true,"href":"https:\/\/www.tgrthaber.com\/mavikadin\/wp-json\/wp\/v2\/tags?post=134756"}],"curies":[{"name":"wp","href":"https:\/\/api.w.org\/{rel}","templated":true}]}}