{"id":134830,"date":"2025-02-17T15:36:54","date_gmt":"2025-02-17T12:36:54","guid":{"rendered":"https:\/\/www.tgrthaber.com\/mavikadin\/?p=134830"},"modified":"2025-02-17T15:36:54","modified_gmt":"2025-02-17T12:36:54","slug":"gulcin-ergul-manifest-grubunun-ilk-konserinde-sahne-aldi","status":"publish","type":"post","link":"https:\/\/www.tgrthaber.com\/mavikadin\/gulcin-ergul-manifest-grubunun-ilk-konserinde-sahne-aldi\/","title":{"rendered":"G\u00fcl\u00e7in Erg\u00fcl Manifest grubunun ilk konserinde sahne ald\u0131"},"content":{"rendered":"<p>T\u00fcrkiye\u2019nin m\u00fczik d\u00fcnyas\u0131nda uzun zamand\u0131r bulunmayan gril band\u2019i (k\u0131z grubu) nihayet kuruldu. Manifest ad\u0131nda kurulan bu grup Hypers New Media yap\u0131mc\u0131l\u0131\u011f\u0131yla kurulmu\u015ftu. T\u00fcrkiye\u2019nin en yeni k\u0131z grubu olarak sahneye ilk kez \u00e7\u0131kt\u0131 ve unutulmaz bir konser verdi. Ancak geceyi \u00f6zel k\u0131lan sadece grubun enerjik performanslar\u0131 de\u011fildi. Hepsi grubunun eski \u00fcyesi ve Big5 T\u00fcrkiye yar\u0131\u015fmas\u0131n\u0131n j\u00fcri \u00fcyelerinden G\u00fcl\u00e7in Erg\u00fcl de sahneye \u00e7\u0131karak Manifest grubu ile \u015fark\u0131 s\u00f6yledi.<\/p>\n<h3><strong>MAN\u0130FEST\u2019\u0130N \u0130LK KONSER\u0130<\/strong><\/h3>\n<p>Manifest, ilk b\u00fcy\u00fck konserini \u0130stanbul\u2019daki Jolly Joker Arena\u2019da verdi. Biletler g\u00fcnler \u00f6ncesinden t\u00fckenerek ve konser ak\u015fam\u0131 alan\u0131 h\u0131nca h\u0131n\u00e7 dolduran bir kalabal\u0131k oldu\u011fu g\u00f6r\u00fcld\u00fc. Sueda, Hilal, Lidya, Zeynep, Mina ve Esin\u2019den olu\u015fan Manifest, sahneye \u00e7\u0131kt\u0131klar\u0131 anda izleyicileri kendilerine hayran b\u0131rakt\u0131. \u0130lk \u015fark\u0131lar\u0131 \u201cZamans\u0131zd\u0131k\u201d ile konseri a\u00e7an grup, sahne performanslar\u0131 ve enerjileriyle izleyicilerden b\u00fcy\u00fck alk\u0131\u015f toplad\u0131.<\/p>\n<p><img loading=\"lazy\" decoding=\"async\" class=\"wp-image-134849\" src=\"https:\/\/www.tgrthaber.com\/mavikadin\/wp-content\/uploads\/haber-gorselleri-fotoshop-22-1024x576.jpg\" alt=\"manifest ilk konser\" width=\"1208\" height=\"680\" title=\"\" srcset=\"https:\/\/www.tgrthaber.com\/mavikadin\/wp-content\/uploads\/haber-gorselleri-fotoshop-22-1024x576.jpg 1024w, https:\/\/www.tgrthaber.com\/mavikadin\/wp-content\/uploads\/haber-gorselleri-fotoshop-22-300x169.jpg 300w, https:\/\/www.tgrthaber.com\/mavikadin\/wp-content\/uploads\/haber-gorselleri-fotoshop-22-768x432.jpg 768w, https:\/\/www.tgrthaber.com\/mavikadin\/wp-content\/uploads\/haber-gorselleri-fotoshop-22-1536x864.jpg 1536w, https:\/\/www.tgrthaber.com\/mavikadin\/wp-content\/uploads\/haber-gorselleri-fotoshop-22.jpg 1600w\" sizes=\"(max-width: 1208px) 100vw, 1208px\" \/><\/p>\n<hr \/>\n<p>Konser boyunca grubun seslendirdi\u011fi \u201cSalla\u201d, \u201cSava\u015ft\u0131m Harbiden\u201d, \u201c\u00d6p\u00fcc\u00fck\u201d ve \u201cAra\u201d gibi \u015fark\u0131lar salonu adeta bir dans pistine \u00e7evirdi. \u00d6zellikle her bir \u00fcyenin solo performans sergiledi\u011fi anlar b\u00fcy\u00fck be\u011feni toplad\u0131. Hem vokalleriyle hem de danslar\u0131yla ger\u00e7ek bir m\u00fczik grubu olduklar\u0131n\u0131 kan\u0131tlayan Manifest, sahne hakimiyetleriyle de tam not ald\u0131.<\/p>\n<p><img loading=\"lazy\" decoding=\"async\" class=\"wp-image-134850\" src=\"https:\/\/www.tgrthaber.com\/mavikadin\/wp-content\/uploads\/manifest-ilk-konser-1-1024x576.jpg\" alt=\"manifest ilk konser \" width=\"1208\" height=\"680\" title=\"\" srcset=\"https:\/\/www.tgrthaber.com\/mavikadin\/wp-content\/uploads\/manifest-ilk-konser-1-1024x576.jpg 1024w, https:\/\/www.tgrthaber.com\/mavikadin\/wp-content\/uploads\/manifest-ilk-konser-1-300x169.jpg 300w, https:\/\/www.tgrthaber.com\/mavikadin\/wp-content\/uploads\/manifest-ilk-konser-1-768x432.jpg 768w, https:\/\/www.tgrthaber.com\/mavikadin\/wp-content\/uploads\/manifest-ilk-konser-1-1536x864.jpg 1536w, https:\/\/www.tgrthaber.com\/mavikadin\/wp-content\/uploads\/manifest-ilk-konser-1.jpg 1600w\" sizes=\"(max-width: 1208px) 100vw, 1208px\" \/><\/p>\n<hr \/>\n<h3><strong>G\u00dcL\u00c7\u0130N SAHNEYE \u00c7IKTI<\/strong><\/h3>\n<p>Konserin en unutulmaz anlar\u0131ndan biri, G\u00fcl\u00e7in Erg\u00fcl\u2019\u00fcn s\u00fcrpriz bir \u015fekilde sahneye \u00e7\u0131kmas\u0131yd\u0131. Big5 T\u00fcrkiye yar\u0131\u015fmas\u0131n\u0131n j\u00fcri \u00fcyelerinden biri olarak Manifest\u2019in geli\u015fimine ba\u015ftan beri tan\u0131kl\u0131k eden G\u00fcl\u00e7in, bu \u00f6zel gecede onlar\u0131 yaln\u0131z b\u0131rakmad\u0131. Manifest \u00fcyeleriyle birlikte \u201cBir Tanecik A\u015fk\u0131m\u201d adl\u0131 \u015fark\u0131y\u0131 s\u00f6yleyen Erg\u00fcl hem gruba moral verdi hem de izleyicilere b\u00fcy\u00fck bir s\u00fcrpriz yapm\u0131\u015f oldu.<\/p>\n<div style=\"width: 640px;\" class=\"wp-video\"><!--[if lt IE 9]><script>document.createElement('video');<\/script><![endif]-->\n<video class=\"wp-video-shortcode\" id=\"video-134830-1\" width=\"640\" height=\"640\" preload=\"metadata\" controls=\"controls\"><source type=\"video\/mp4\" src=\"https:\/\/www.tgrthaber.com\/mavikadin\/wp-content\/uploads\/manifest-ilk-konser.mp4?_=1\" \/><a href=\"https:\/\/www.tgrthaber.com\/mavikadin\/wp-content\/uploads\/manifest-ilk-konser.mp4\">https:\/\/www.tgrthaber.com\/mavikadin\/wp-content\/uploads\/manifest-ilk-konser.mp4<\/a><\/video><\/div>\n<hr \/>\n<p>Salondaki nostalji havas\u0131 g\u00f6zle g\u00f6r\u00fcl\u00fcr \u015fekilde hissedildi\u011fi s\u00f6ylendi. Bir zamanlar Hepsi grubuyla sahneleri kas\u0131p kavuran G\u00fcl\u00e7in Erg\u00fcl\u2019\u00fcn yeni nesil bir k\u0131z grubuyla ayn\u0131 sahneyi payla\u015fmas\u0131, m\u00fczikseverler i\u00e7in tarihi bir and\u0131.<\/p>\n<p><img loading=\"lazy\" decoding=\"async\" class=\"wp-image-134848\" src=\"https:\/\/www.tgrthaber.com\/mavikadin\/wp-content\/uploads\/manifest-ilk-konser-1024x576.jpg\" alt=\"manifest ilk konser\" width=\"1208\" height=\"680\" title=\"\" srcset=\"https:\/\/www.tgrthaber.com\/mavikadin\/wp-content\/uploads\/manifest-ilk-konser-1024x576.jpg 1024w, https:\/\/www.tgrthaber.com\/mavikadin\/wp-content\/uploads\/manifest-ilk-konser-300x169.jpg 300w, https:\/\/www.tgrthaber.com\/mavikadin\/wp-content\/uploads\/manifest-ilk-konser-768x432.jpg 768w, https:\/\/www.tgrthaber.com\/mavikadin\/wp-content\/uploads\/manifest-ilk-konser-1536x864.jpg 1536w, https:\/\/www.tgrthaber.com\/mavikadin\/wp-content\/uploads\/manifest-ilk-konser.jpg 1600w\" sizes=\"(max-width: 1208px) 100vw, 1208px\" \/><\/p>\n<hr \/>\n<h3><strong>MAN\u0130FEST\u2019TEN GELECEK PLANLARI<\/strong><\/h3>\n<p>Manifest \u00fcyeleri konser sonras\u0131 yapt\u0131klar\u0131 bas\u0131n a\u00e7\u0131klamalar\u0131nda \u00e7ok heyecanl\u0131 olduklar\u0131n\u0131 ve m\u00fczi\u011fe uzun soluklu bir \u015fekilde devam edeceklerini belirttiler. Grup \u00fcyeleri, \u201cBu sadece ba\u015flang\u0131\u00e7! \u00c7ok \u00e7al\u0131\u015f\u0131yoruz ve T\u00fcrkiye\u2019nin en b\u00fcy\u00fck k\u0131z grubu olmay\u0131 hedefliyoruz\u201d diyerek iddial\u0131 a\u00e7\u0131klamalar yapt\u0131lar.<\/p>\n","protected":false},"excerpt":{"rendered":"<p>T\u00fcrkiye\u2019nin m\u00fczik d\u00fcnyas\u0131nda uzun zamand\u0131r bulunmayan gril band\u2019i (k\u0131z grubu) nihayet kuruldu. Manifest ad\u0131nda kurulan bu grup Hypers New Media yap\u0131mc\u0131l\u0131\u011f\u0131yla kurulmu\u015ftu. Hepsi grubunun eski \u00fcyesi ve Big5 T\u00fcrkiye yar\u0131\u015fmas\u0131n\u0131n j\u00fcri \u00fcyelerinden G\u00fcl\u00e7in Erg\u00fcl de sahneye \u00e7\u0131karak Manifest grubu ile \u015fark\u0131 s\u00f6yledi.<\/p>\n","protected":false},"author":34,"featured_media":134851,"comment_status":"closed","ping_status":"closed","sticky":false,"template":"","format":"standard","meta":{"rank_math_lock_modified_date":false,"footnotes":""},"categories":[76],"tags":[10171,10172,11157],"class_list":["post-134830","post","type-post","status-publish","format-standard","has-post-thumbnail","hentry","category-magazin","tag-manifes-kiz-grubu","tag-manifest","tag-manifest-grubu-konseri"],"_links":{"self":[{"href":"https:\/\/www.tgrthaber.com\/mavikadin\/wp-json\/wp\/v2\/posts\/134830"}],"collection":[{"href":"https:\/\/www.tgrthaber.com\/mavikadin\/wp-json\/wp\/v2\/posts"}],"about":[{"href":"https:\/\/www.tgrthaber.com\/mavikadin\/wp-json\/wp\/v2\/types\/post"}],"author":[{"embeddable":true,"href":"https:\/\/www.tgrthaber.com\/mavikadin\/wp-json\/wp\/v2\/users\/34"}],"replies":[{"embeddable":true,"href":"https:\/\/www.tgrthaber.com\/mavikadin\/wp-json\/wp\/v2\/comments?post=134830"}],"version-history":[{"count":1,"href":"https:\/\/www.tgrthaber.com\/mavikadin\/wp-json\/wp\/v2\/posts\/134830\/revisions"}],"predecessor-version":[{"id":134853,"href":"https:\/\/www.tgrthaber.com\/mavikadin\/wp-json\/wp\/v2\/posts\/134830\/revisions\/134853"}],"wp:featuredmedia":[{"embeddable":true,"href":"https:\/\/www.tgrthaber.com\/mavikadin\/wp-json\/wp\/v2\/media\/134851"}],"wp:attachment":[{"href":"https:\/\/www.tgrthaber.com\/mavikadin\/wp-json\/wp\/v2\/media?parent=134830"}],"wp:term":[{"taxonomy":"category","embeddable":true,"href":"https:\/\/www.tgrthaber.com\/mavikadin\/wp-json\/wp\/v2\/categories?post=134830"},{"taxonomy":"post_tag","embeddable":true,"href":"https:\/\/www.tgrthaber.com\/mavikadin\/wp-json\/wp\/v2\/tags?post=134830"}],"curies":[{"name":"wp","href":"https:\/\/api.w.org\/{rel}","templated":true}]}}