{"id":134841,"date":"2025-02-17T15:23:14","date_gmt":"2025-02-17T12:23:14","guid":{"rendered":"https:\/\/www.tgrthaber.com\/mavikadin\/?p=134841"},"modified":"2025-02-17T16:52:49","modified_gmt":"2025-02-17T13:52:49","slug":"kim-saeron-arkasinda-aci-dolu-bir-hayat-birakti-vefati-akillarda-soru-isaretine-neden-oldu","status":"publish","type":"post","link":"https:\/\/www.tgrthaber.com\/mavikadin\/kim-saeron-arkasinda-aci-dolu-bir-hayat-birakti-vefati-akillarda-soru-isaretine-neden-oldu\/","title":{"rendered":"Kim Saeron arkas\u0131nda ac\u0131 dolu bir hayat b\u0131rakt\u0131! Vefat\u0131 ak\u0131llarda soru i\u015faretine neden oldu"},"content":{"rendered":"<p>Vefat\u0131 ak\u0131llarda soru i\u015fareti b\u0131rakan oyuncu Kim Saeron\u2019un neden \u00f6ld\u00fc\u011f\u00fc ara\u015ft\u0131r\u0131lmaya ba\u015fland\u0131. 25 ya\u015f\u0131ndaki oyuncu Seul\u2019daki evinde \u00f6l\u00fc bulunmu\u015ftu.<\/p>\n<h3>K\u0130M SAERON ARKASINDA ACI DOLU B\u0130R HAYAT BIRAKTI!<\/h3>\n<p>Maddi s\u0131k\u0131nt\u0131lar\u0131n yan\u0131 s\u0131ra a\u011f\u0131r bir depresyon i\u00e7inde oldu\u011fu bilinen Kim Saeron\u2019un vefat etmeden \u00f6nce b\u00fcy\u00fck bir bo\u015flukta oldu\u011fu s\u00f6yleniyor. May\u0131s 2022&#8217;de sarho\u015f \u015fekilde araba kullan\u0131rken yakalanan \u00fcnl\u00fc oyuncu bu olaydan sonra kariyerine ara verdi.<\/p>\n<p><img loading=\"lazy\" decoding=\"async\" class=\"alignnone wp-image-134843\" src=\"https:\/\/www.tgrthaber.com\/mavikadin\/wp-content\/uploads\/Kim-Saeron-2.jpg\" alt=\"\" width=\"1208\" height=\"680\" title=\"\" srcset=\"https:\/\/www.tgrthaber.com\/mavikadin\/wp-content\/uploads\/Kim-Saeron-2.jpg 1920w, https:\/\/www.tgrthaber.com\/mavikadin\/wp-content\/uploads\/Kim-Saeron-2-300x169.jpg 300w, https:\/\/www.tgrthaber.com\/mavikadin\/wp-content\/uploads\/Kim-Saeron-2-1024x576.jpg 1024w, https:\/\/www.tgrthaber.com\/mavikadin\/wp-content\/uploads\/Kim-Saeron-2-768x432.jpg 768w, https:\/\/www.tgrthaber.com\/mavikadin\/wp-content\/uploads\/Kim-Saeron-2-1536x864.jpg 1536w\" sizes=\"(max-width: 1208px) 100vw, 1208px\" \/><\/p>\n<hr \/>\n<p>Kim Saeron 2 y\u0131ll\u0131k aradan sonra Dongchimi oyunuyla sahnelere geri d\u00f6nmeye \u00e7al\u0131\u015ft\u0131 ancak d\u00f6n\u00fc\u015f haberi tart\u0131\u015fmalara neden oldu. Sa\u011fl\u0131k sorununu gerek\u00e7e g\u00f6steren Kim Saeron sadece bir g\u00fcn sonra projeden \u00e7ekildi.<\/p>\n<h3>MAL\u0130 SIKINTILAR YA\u015eADI<\/h3>\n<p>Kim Saeron ya\u015fad\u0131\u011f\u0131 mali s\u0131k\u0131nt\u0131lardan sonra oyunculuk faaliyetleri ask\u0131ya al\u0131nd\u0131. Kazadan etkilenenlere uzakla\u015fma \u00fccretleri \u00f6dedi ve di\u011fer yandan ek hasarlar\u0131n maliyetlerini kar\u015f\u0131lad\u0131.<\/p>\n<p><img loading=\"lazy\" decoding=\"async\" class=\"alignnone wp-image-134844\" src=\"https:\/\/www.tgrthaber.com\/mavikadin\/wp-content\/uploads\/Kim-Saeron-5-1.jpg\" alt=\"\" width=\"1208\" height=\"680\" title=\"\" srcset=\"https:\/\/www.tgrthaber.com\/mavikadin\/wp-content\/uploads\/Kim-Saeron-5-1.jpg 1920w, https:\/\/www.tgrthaber.com\/mavikadin\/wp-content\/uploads\/Kim-Saeron-5-1-300x169.jpg 300w, https:\/\/www.tgrthaber.com\/mavikadin\/wp-content\/uploads\/Kim-Saeron-5-1-1024x576.jpg 1024w, https:\/\/www.tgrthaber.com\/mavikadin\/wp-content\/uploads\/Kim-Saeron-5-1-768x432.jpg 768w, https:\/\/www.tgrthaber.com\/mavikadin\/wp-content\/uploads\/Kim-Saeron-5-1-1536x864.jpg 1536w\" sizes=\"(max-width: 1208px) 100vw, 1208px\" \/><\/p>\n<hr \/>\n<p>\u00dcnl\u00fc oyuncu bu s\u00fcreci ya\u015farken eski ajans\u0131 GoldMedalist ile yollar\u0131n\u0131 ay\u0131rd\u0131. Kim Saeron ajans\u0131n kendisinden \u00f6demesini istedi\u011fi \u00fccretleri \u00f6demekte zorland\u0131. Hatta \u00f6yle ki oyuncunun maddi zorluklar\u0131n \u00fcstesinden gelmek i\u00e7in kafede \u00e7al\u0131\u015fmak ve oyuncu olmak isteyenlere ders vermek gibi i\u015flere giri\u015fti\u011fi s\u00f6yleniyor.<\/p>\n<p>T\u00fcm \u00e7abalar\u0131na ra\u011fmen y\u00fcksek miktardaki borcu \u00f6deyemeyen Kim Saeron ya\u015fad\u0131\u011f\u0131 mali stres y\u00fcz\u00fcnden daha fazla depresyona s\u00fcr\u00fcklendi. Kim Saeron\u2019un depresyonu o kadar dikkat \u00e7ekiyordu ki arkada\u015flar\u0131 onun bu halinden derinden etkilendi.<\/p>\n<p><img loading=\"lazy\" decoding=\"async\" class=\"alignnone wp-image-134845\" src=\"https:\/\/www.tgrthaber.com\/mavikadin\/wp-content\/uploads\/Kim-Saeron-1-1.jpg\" alt=\"\" width=\"1208\" height=\"680\" title=\"\" srcset=\"https:\/\/www.tgrthaber.com\/mavikadin\/wp-content\/uploads\/Kim-Saeron-1-1.jpg 1920w, https:\/\/www.tgrthaber.com\/mavikadin\/wp-content\/uploads\/Kim-Saeron-1-1-300x169.jpg 300w, https:\/\/www.tgrthaber.com\/mavikadin\/wp-content\/uploads\/Kim-Saeron-1-1-1024x576.jpg 1024w, https:\/\/www.tgrthaber.com\/mavikadin\/wp-content\/uploads\/Kim-Saeron-1-1-768x432.jpg 768w, https:\/\/www.tgrthaber.com\/mavikadin\/wp-content\/uploads\/Kim-Saeron-1-1-1536x864.jpg 1536w\" sizes=\"(max-width: 1208px) 100vw, 1208px\" \/><\/p>\n<hr \/>\n<p>Yine de kariyerine geri d\u00f6nmek i\u00e7in g\u00fc\u00e7l\u00fc bir iste\u011fi olan Kim Saeron g\u00f6n\u00fcll\u00fc olarak tedavi olmaya \u00e7al\u0131\u015ft\u0131. Ancak, kamuoyu onun ele\u015ftirmeye devam ederek onun sa\u011fl\u0131\u011f\u0131n\u0131n daha da bozulmas\u0131na yol a\u00e7t\u0131.<\/p>\n<h3>EV\u0130NDE ARKADA\u015eI TARAFINDAN \u00d6L\u00dc BULUNDU<\/h3>\n<p>Seul\u2019deki Seongdong-gu\u2019daki evinde arkada\u015f\u0131 taraf\u0131ndan \u00f6l\u00fc bulunan gen\u00e7 oyuncunun \u00f6l\u00fcm nedeni ara\u015ft\u0131r\u0131lmaya ba\u015fland\u0131. Kim Saeron\u2019un hayranlar\u0131 ise eski sevgilisi Kim Soohyun\u2019dan \u015f\u00fcphelendi. Seul\u2019deki polis karakoluna ihbar \u00fczerine polisler, Kim Sae-ron\u2019un \u00f6l\u00fcm\u00fcn\u00fc do\u011frulamak i\u00e7in olay yerine do\u011fru yola \u00e7\u0131kt\u0131.<\/p>\n<h3>K\u0130M SAE-RON K\u0130MD\u0130R?<\/h3>\n<p>Oyunculu\u011fa 9 ya\u015f\u0131nda ba\u015flayan Kim Saeron, A Brand New Life (2009) ve The Man From Nowhere (2010) filmleriyle pop\u00fclerli\u011fini art\u0131rd\u0131. 2000 y\u0131l\u0131nda d\u00fcnyaya gelen \u00fcnl\u00fc isim 2009 yap\u0131m\u0131 \u201cTraveler\u201d filminde ilk kez oyunculuk deneyimi ya\u015fad\u0131.<\/p>\n<p>\u201cThe Man from Nowhere\u201d adl\u0131 filmle ise gi\u015fe rekorlar\u0131 k\u0131rarak geni\u015f bir hayran kitlesine ula\u015ft\u0131. \u201cHigh School: Love On\u201d ve \u201cBloodhounds\u201d gibi dizilerde ba\u015frol oynayan Kim Saeron, \u00e7ocuk olarak tan\u0131nd\u0131\u011f\u0131 sekt\u00f6rde yeti\u015fkin oyunculu\u011funa ge\u00e7ti.<\/p>\n<p><img loading=\"lazy\" decoding=\"async\" class=\"alignnone wp-image-134846\" src=\"https:\/\/www.tgrthaber.com\/mavikadin\/wp-content\/uploads\/Kim-Saeron-4-1.jpg\" alt=\"\" width=\"1208\" height=\"680\" title=\"\" srcset=\"https:\/\/www.tgrthaber.com\/mavikadin\/wp-content\/uploads\/Kim-Saeron-4-1.jpg 1920w, https:\/\/www.tgrthaber.com\/mavikadin\/wp-content\/uploads\/Kim-Saeron-4-1-300x169.jpg 300w, https:\/\/www.tgrthaber.com\/mavikadin\/wp-content\/uploads\/Kim-Saeron-4-1-1024x576.jpg 1024w, https:\/\/www.tgrthaber.com\/mavikadin\/wp-content\/uploads\/Kim-Saeron-4-1-768x432.jpg 768w, https:\/\/www.tgrthaber.com\/mavikadin\/wp-content\/uploads\/Kim-Saeron-4-1-1536x864.jpg 1536w\" sizes=\"(max-width: 1208px) 100vw, 1208px\" \/><\/p>\n<hr \/>\n<p>2022\u2019de alkoll\u00fc \u015fekilde ara\u00e7 kullan\u0131rken yakalanan \u00fcnl\u00fc isim bu olaydan sonra toparlanamad\u0131 ve sekt\u00f6rden yava\u015f yava\u015f \u00e7ekildi. \u201cDongchimi\u201d oyunuyla geri d\u00f6nmek istese de \u00fcnl\u00fc isim daha sonra sa\u011fl\u0131k sorunlar\u0131 y\u00fcz\u00fcnden geri \u00e7ekildi.<\/p>\n<p>\u00d6l\u00fcm\u00fc hayranlar\u0131n\u0131 \u00fczen Kim Saeron\u2019un neden \u00f6ld\u00fc\u011f\u00fc hala ak\u0131llarda soru i\u015fareti. Ancak \u00fcnl\u00fc ismin hayranlar\u0131na g\u00f6re Kim\u2019in \u00f6l\u00fcm\u00fc akt\u00f6r Kim Soo-hyun\u2019un do\u011fum g\u00fcn\u00fcyle ayn\u0131 g\u00fcn. Kim Saeron, Kim Soo-hyun ile samimi foto\u011fraf\u0131n\u0131 payla\u015ft\u0131ktan sonra ikili aras\u0131nda a\u015fk dedikodular\u0131 \u00e7\u0131km\u0131\u015ft\u0131.<\/p>\n","protected":false},"excerpt":{"rendered":"<p>Gen\u00e7 ya\u015f\u0131nda hayat\u0131n\u0131 kaybeden oyuncu Kim Saeron\u2019un \u00f6l\u00fcm\u00fc merak konusu oldu. Arkas\u0131nda ac\u0131 dolu bir hayat b\u0131rakan G\u00fcney Koreli \u00fcnl\u00fc isim hen\u00fcz 25 ya\u015f\u0131ndayd\u0131.<\/p>\n","protected":false},"author":5,"featured_media":134842,"comment_status":"closed","ping_status":"closed","sticky":false,"template":"","format":"standard","meta":{"rank_math_lock_modified_date":false,"footnotes":""},"categories":[76],"tags":[11162,11171],"class_list":["post-134841","post","type-post","status-publish","format-standard","has-post-thumbnail","hentry","category-magazin","tag-kim-saeron","tag-kim-soo-hyun"],"_links":{"self":[{"href":"https:\/\/www.tgrthaber.com\/mavikadin\/wp-json\/wp\/v2\/posts\/134841"}],"collection":[{"href":"https:\/\/www.tgrthaber.com\/mavikadin\/wp-json\/wp\/v2\/posts"}],"about":[{"href":"https:\/\/www.tgrthaber.com\/mavikadin\/wp-json\/wp\/v2\/types\/post"}],"author":[{"embeddable":true,"href":"https:\/\/www.tgrthaber.com\/mavikadin\/wp-json\/wp\/v2\/users\/5"}],"replies":[{"embeddable":true,"href":"https:\/\/www.tgrthaber.com\/mavikadin\/wp-json\/wp\/v2\/comments?post=134841"}],"version-history":[{"count":1,"href":"https:\/\/www.tgrthaber.com\/mavikadin\/wp-json\/wp\/v2\/posts\/134841\/revisions"}],"predecessor-version":[{"id":134847,"href":"https:\/\/www.tgrthaber.com\/mavikadin\/wp-json\/wp\/v2\/posts\/134841\/revisions\/134847"}],"wp:featuredmedia":[{"embeddable":true,"href":"https:\/\/www.tgrthaber.com\/mavikadin\/wp-json\/wp\/v2\/media\/134842"}],"wp:attachment":[{"href":"https:\/\/www.tgrthaber.com\/mavikadin\/wp-json\/wp\/v2\/media?parent=134841"}],"wp:term":[{"taxonomy":"category","embeddable":true,"href":"https:\/\/www.tgrthaber.com\/mavikadin\/wp-json\/wp\/v2\/categories?post=134841"},{"taxonomy":"post_tag","embeddable":true,"href":"https:\/\/www.tgrthaber.com\/mavikadin\/wp-json\/wp\/v2\/tags?post=134841"}],"curies":[{"name":"wp","href":"https:\/\/api.w.org\/{rel}","templated":true}]}}