{"id":134854,"date":"2025-02-17T16:22:08","date_gmt":"2025-02-17T13:22:08","guid":{"rendered":"https:\/\/www.tgrthaber.com\/mavikadin\/?p=134854"},"modified":"2025-02-17T16:22:08","modified_gmt":"2025-02-17T13:22:08","slug":"sarkici-ferhat-gocer-uzun-suredir-beraber-oldugu-sevgilisi-omur-gedik-ile-ilgili-konustu","status":"publish","type":"post","link":"https:\/\/www.tgrthaber.com\/mavikadin\/sarkici-ferhat-gocer-uzun-suredir-beraber-oldugu-sevgilisi-omur-gedik-ile-ilgili-konustu\/","title":{"rendered":"\u015eark\u0131c\u0131 Ferhat G\u00f6\u00e7er uzun s\u00fcredir beraber oldu\u011fu sevgilisi \u00d6m\u00fcr Gedik ile ilgili konu\u015ftu!"},"content":{"rendered":"<p>K\u0131br\u0131s&#8217;ta hayranlar\u0131yla bir araya gelmek ad\u0131na sahne alan \u015fark\u0131c\u0131 Ferhat G\u00f6\u00e7er, sahne \u00f6ncesi de bas\u0131n mensubuyla ayak\u00fcst\u00fc sohbet etti. Magazin muhabirleriyle muhabbet i\u00e7erisinde olan \u00fcnl\u00fc \u015fark\u0131c\u0131 Ferhat G\u00f6\u00e7er, a\u015fk hayat\u0131na dair samimi a\u00e7\u0131klamalarda bulundu.<\/p>\n<p>Uzun zamand\u0131r beraber oldu\u011fu sevgilisi \u00d6m\u00fcr Gedik ile olan beraberli\u011fi ile ilgili itiraflarda bulunan sevilen \u015fark\u0131c\u0131 Ferhat G\u00f6\u00e7er&#8217;in i\u015fte \u00e7ok \u00f6zel o a\u00e7\u0131klamalar\u0131&#8230;<\/p>\n<h3>KIBRIS&#8217;TA SAHNE ALAN \u015eARKICI FERHAT G\u00d6\u00c7ER&#8217;DEN \u0130L\u0130\u015eK\u0130 \u0130T\u0130RAFI<\/h3>\n<p>Sahneye \u00e7\u0131kmadan \u00f6nce sevgilisi \u00d6m\u00fcr Gedik ile ilgili konu\u015fan \u015fark\u0131c\u0131 Ferhat G\u00f6\u00e7er, &#8220;Sevgililer G\u00fcn&#8217;\u00fcnde genelde sahne oldu\u011fum i\u00e7in k\u00fc\u00e7\u00fck bir f\u0131r\u00e7a yedim.<\/p>\n<p><img loading=\"lazy\" decoding=\"async\" class=\"alignnone wp-image-134870\" src=\"https:\/\/www.tgrthaber.com\/mavikadin\/wp-content\/uploads\/640x360-6.jpg\" alt=\"\" width=\"1208\" height=\"680\" title=\"\" srcset=\"https:\/\/www.tgrthaber.com\/mavikadin\/wp-content\/uploads\/640x360-6.jpg 640w, https:\/\/www.tgrthaber.com\/mavikadin\/wp-content\/uploads\/640x360-6-300x169.jpg 300w\" sizes=\"(max-width: 1208px) 100vw, 1208px\" \/><\/p>\n<hr \/>\n<p>Normalde \u00e7al\u0131\u015fma g\u00fcnlerimiz oldu\u011fu i\u00e7in biz birbirimize anlay\u0131\u015fl\u0131 davran\u0131yoruz ama yine o k\u00fc\u00e7\u00fck f\u0131r\u00e7alar\u0131 yiyoruz. Bug\u00fcn burada en az\u0131ndan ac\u0131s\u0131n\u0131 \u00e7\u0131kartt\u0131k. G\u00fczel bir ak\u015fam yeme\u011fi yedik ve otelin ak\u015fam manzaras\u0131yla birlikte ba\u015f ba\u015fa 18 y\u0131l\u0131m\u0131z\u0131 geride b\u0131rakt\u0131k.<\/p>\n<p>Bizim ilk birlikte oldu\u011fumuz arkada\u015flar\u0131m\u0131z evlendiler \u00e7ocuk sahibi oldular. Ayr\u0131ld\u0131lar tekrar evlendiler. Biz istikrarla h\u00e2l\u00e2 devam ediyoruz&#8221; a\u00e7\u0131klamas\u0131nda bulunarak ili\u015fkileri hakk\u0131nda \u00f6nemli itiraflarda bulundu.<\/p>\n<h3>\u015eARKICI FERHAT G\u00d6\u00c7ER: &#8220;HER \u0130L\u0130\u015eK\u0130N\u0130N KEND\u0130 D\u0130NAM\u0130\u011e\u0130 VAR&#8221;<\/h3>\n<p>Sevilen \u015fark\u0131c\u0131 G\u00f6\u00e7er, kendisine y\u00f6neltilen &#8220;Neden evlenmiyorsunuz?&#8221; sorusuna, &#8220;Her ili\u015fkinin kendi dinami\u011fi var. Ben hayat\u0131mda \u00fc\u00e7 defa evlenmi\u015f, bo\u015fanm\u0131\u015f bir insan olarak g\u00f6r\u00fcyorum ki \u00e7ok s\u0131k\u0131nt\u0131l\u0131 s\u00fcre\u00e7ler ya\u015fad\u0131m.<\/p>\n<p>18 y\u0131l boyunca burada sevgi, sayg\u0131 ve empati ile birlikte b\u00fcy\u00fck bir huzur yakaland\u0131ysak o yakalad\u0131\u011f\u0131m\u0131z huzuru hi\u00e7 bozmama niyetindeyiz&#8221; cevab\u0131n\u0131 verdi.<\/p>\n<h3>\u00d6M\u00dcR GED\u0130K NEDEN EVLENMED\u0130\u011e\u0130N\u0130 A\u00c7IKLADI! &#8220;ORTAK \u00c7OCU\u011eUMUZ YOK AMA B\u0130R S\u00dcR\u00dc KED\u0130M\u0130Z VAR&#8221;<\/h3>\n<p>\u015eark\u0131c\u0131 Ferhat G\u00f6\u00e7er ile uzun zamand\u0131r beraberlikleri olan \u00d6m\u00fcr Gedik ise, &#8220;Biz evlenmi\u015f olsayd\u0131k belki de ayr\u0131lm\u0131\u015f olabilirdik diye d\u00fc\u015f\u00fcn\u00fcyorum. Ortak bir \u00e7ocu\u011fumuz yok ama ortak bir s\u00fcr\u00fc kedilerimiz var. B\u00f6yle \u00e7ok mutluyuz&#8221; ifadelerinde bulundu.<\/p>\n<p><img loading=\"lazy\" decoding=\"async\" class=\"alignnone wp-image-134874\" src=\"https:\/\/www.tgrthaber.com\/mavikadin\/wp-content\/uploads\/fd-5.png\" alt=\"\" width=\"1208\" height=\"679\" title=\"\" srcset=\"https:\/\/www.tgrthaber.com\/mavikadin\/wp-content\/uploads\/fd-5.png 815w, https:\/\/www.tgrthaber.com\/mavikadin\/wp-content\/uploads\/fd-5-300x169.png 300w, https:\/\/www.tgrthaber.com\/mavikadin\/wp-content\/uploads\/fd-5-768x432.png 768w\" sizes=\"(max-width: 1208px) 100vw, 1208px\" \/><\/p>\n<hr \/>\n<p>&nbsp;<\/p>\n","protected":false},"excerpt":{"rendered":"<p>K\u0131br\u0131s&#8217;ta konser veren \u00fcnl\u00fc \u015fark\u0131c\u0131 Ferhat G\u00f6\u00e7er, sevgilisi \u00d6m\u00fcr Gedik ile olan beraberli\u011fi ile ilgili konu\u015ftu.<\/p>\n","protected":false},"author":27,"featured_media":134875,"comment_status":"closed","ping_status":"closed","sticky":false,"template":"","format":"standard","meta":{"rank_math_lock_modified_date":false,"footnotes":""},"categories":[76],"tags":[1373,133,11173],"class_list":["post-134854","post","type-post","status-publish","format-standard","has-post-thumbnail","hentry","category-magazin","tag-ferhat-gocer","tag-magazin","tag-omur-gedik"],"_links":{"self":[{"href":"https:\/\/www.tgrthaber.com\/mavikadin\/wp-json\/wp\/v2\/posts\/134854"}],"collection":[{"href":"https:\/\/www.tgrthaber.com\/mavikadin\/wp-json\/wp\/v2\/posts"}],"about":[{"href":"https:\/\/www.tgrthaber.com\/mavikadin\/wp-json\/wp\/v2\/types\/post"}],"author":[{"embeddable":true,"href":"https:\/\/www.tgrthaber.com\/mavikadin\/wp-json\/wp\/v2\/users\/27"}],"replies":[{"embeddable":true,"href":"https:\/\/www.tgrthaber.com\/mavikadin\/wp-json\/wp\/v2\/comments?post=134854"}],"version-history":[{"count":3,"href":"https:\/\/www.tgrthaber.com\/mavikadin\/wp-json\/wp\/v2\/posts\/134854\/revisions"}],"predecessor-version":[{"id":134878,"href":"https:\/\/www.tgrthaber.com\/mavikadin\/wp-json\/wp\/v2\/posts\/134854\/revisions\/134878"}],"wp:featuredmedia":[{"embeddable":true,"href":"https:\/\/www.tgrthaber.com\/mavikadin\/wp-json\/wp\/v2\/media\/134875"}],"wp:attachment":[{"href":"https:\/\/www.tgrthaber.com\/mavikadin\/wp-json\/wp\/v2\/media?parent=134854"}],"wp:term":[{"taxonomy":"category","embeddable":true,"href":"https:\/\/www.tgrthaber.com\/mavikadin\/wp-json\/wp\/v2\/categories?post=134854"},{"taxonomy":"post_tag","embeddable":true,"href":"https:\/\/www.tgrthaber.com\/mavikadin\/wp-json\/wp\/v2\/tags?post=134854"}],"curies":[{"name":"wp","href":"https:\/\/api.w.org\/{rel}","templated":true}]}}