{"id":134899,"date":"2025-02-17T17:01:06","date_gmt":"2025-02-17T14:01:06","guid":{"rendered":"https:\/\/www.tgrthaber.com\/mavikadin\/?p=134899"},"modified":"2025-02-17T17:01:06","modified_gmt":"2025-02-17T14:01:06","slug":"2025-fitre-ne-kadar-fitre-kimlere-ve-ne-zaman-verilmeli","status":"publish","type":"post","link":"https:\/\/www.tgrthaber.com\/mavikadin\/2025-fitre-ne-kadar-fitre-kimlere-ve-ne-zaman-verilmeli\/","title":{"rendered":"2025 fitre ne kadar? Fitre kimlere ve ne zaman verilmeli?"},"content":{"rendered":"<p>Sadaka-i f\u0131tr olarak da bilinen fitre, ihtiyac\u0131 olan e\u015fyadan ve bor\u00e7lar\u0131ndan fazla olarak, nisap miktar\u0131na malik olan M\u00fcsl\u00fcmanlar\u0131n Ramazan ay\u0131nda vermesi vacip olan bir ibadettir.<\/p>\n<p>Ramazandan \u00f6nce de fitre vermek caizdir. Hanefi mezhebinde evla olan\u0131 bayram namaz\u0131ndan \u00f6nce vermektir.<\/p>\n<p>Peki fitre ne kadar? Ne zaman ve kimlere verilmeli?<\/p>\n<h3>2025 F\u0130TRE NE KADAR?<\/h3>\n<p><strong>Fitre miktar\u0131 her y\u0131l, seneden seneye de\u011fi\u015fmez. <\/strong><\/p>\n<p><strong>Fitre vermek isteyen M\u00fcsl\u00fcmanlar, fakirlere asgari olarak 1750 gram bu\u011fday veya un yahut 3500 gram arpa, kuru \u00fcz\u00fcm veya hurma verebilir.<\/strong><\/p>\n<figure id=\"attachment_134903\" aria-describedby=\"caption-attachment-134903\" style=\"width: 1208px\" class=\"wp-caption alignnone\"><img loading=\"lazy\" decoding=\"async\" class=\"wp-image-134903\" src=\"https:\/\/www.tgrthaber.com\/mavikadin\/wp-content\/uploads\/2025-fitre-ne-kadar-fitre-kimlere-ve-ne-zaman-verilmeli-4.jpg\" alt=\"2025 fitre ne kadar, fitre kimlere ve ne zaman verilmeli\" width=\"1208\" height=\"680\" title=\"\" srcset=\"https:\/\/www.tgrthaber.com\/mavikadin\/wp-content\/uploads\/2025-fitre-ne-kadar-fitre-kimlere-ve-ne-zaman-verilmeli-4.jpg 1920w, https:\/\/www.tgrthaber.com\/mavikadin\/wp-content\/uploads\/2025-fitre-ne-kadar-fitre-kimlere-ve-ne-zaman-verilmeli-4-300x169.jpg 300w, https:\/\/www.tgrthaber.com\/mavikadin\/wp-content\/uploads\/2025-fitre-ne-kadar-fitre-kimlere-ve-ne-zaman-verilmeli-4-1024x576.jpg 1024w, https:\/\/www.tgrthaber.com\/mavikadin\/wp-content\/uploads\/2025-fitre-ne-kadar-fitre-kimlere-ve-ne-zaman-verilmeli-4-768x432.jpg 768w, https:\/\/www.tgrthaber.com\/mavikadin\/wp-content\/uploads\/2025-fitre-ne-kadar-fitre-kimlere-ve-ne-zaman-verilmeli-4-1536x864.jpg 1536w\" sizes=\"(max-width: 1208px) 100vw, 1208px\" \/><figcaption id=\"caption-attachment-134903\" class=\"wp-caption-text\">\u00a0<\/figcaption><\/figure>\n<hr \/>\n<p>Bir ki\u015finin fitresi olarak her g\u00fcn i\u00e7in de\u011fil, bir ay i\u00e7in yar\u0131m sa\u2019 bu\u011fday veya un, yahut bir sa\u2019 arpa, hurma veya kuru \u00fcz\u00fcm verilir. Yar\u0131m sa \u00f6l\u00e7ek, ihtiyatl\u0131 olarak 1750 gramd\u0131r. 1750 gram bu\u011fday veya un yahut 3500 gram arpa, kuru \u00fcz\u00fcm veya hurma verilir. Ya bu \u00fcr\u00fcnlerden birini veya tutar\u0131n\u0131 vermek gerekir. Her sene, (Bu y\u0131l fitre ka\u00e7 lira?) diye sormaya l\u00fczum yoktur.<\/p>\n<p>Bunlar\u0131n d\u0131\u015f\u0131nda, fitreyi bu miktarlar\u0131n de\u011feri kadar g\u00fcm\u00fc\u015f veya alt\u0131n olarak da verilebilir.<\/p>\n<h3>EN KOLAY \u015eEK\u0130LDE F\u0130TRE NASIL VER\u0130L\u0130R?<\/h3>\n<p>2 kilo un sat\u0131n al\u0131p fakir bir M\u00fcsl\u00fcmana bunu versek fitre verilmi\u015f olur.<\/p>\n<h3>SADAKA-\u0130 FITR (F\u0130TRE) KA\u011eIT PARA \u0130LE VER\u0130LEB\u0130L\u0130R M\u0130?<\/h3>\n<p>Zay\u0131f kavle g\u00f6re sadaka-i f\u0131tr ka\u011f\u0131t para olarak verilebilir. \u00d6rne\u011fin 2 kilo un fiyat\u0131 neyse bu para fakir bir M\u00fcsl\u00fcmana verilebilir. Ancak zay\u0131f kaville amel etmek yerine sadaka-i f\u0131tray\u0131 un, bu\u011fday, arpa, kuru hurma veya kuru \u00fcz\u00fcm olarak vermek daha uygun olur.<\/p>\n<figure id=\"attachment_134905\" aria-describedby=\"caption-attachment-134905\" style=\"width: 1208px\" class=\"wp-caption alignnone\"><img loading=\"lazy\" decoding=\"async\" class=\"wp-image-134905\" src=\"https:\/\/www.tgrthaber.com\/mavikadin\/wp-content\/uploads\/2025-fitre-ne-kadar-fitre-kimlere-ve-ne-zaman-verilmeli-2-5.jpg\" alt=\"2025 fitre ne kadar, fitre kimlere ve ne zaman verilmeli\" width=\"1208\" height=\"680\" title=\"\" srcset=\"https:\/\/www.tgrthaber.com\/mavikadin\/wp-content\/uploads\/2025-fitre-ne-kadar-fitre-kimlere-ve-ne-zaman-verilmeli-2-5.jpg 1920w, https:\/\/www.tgrthaber.com\/mavikadin\/wp-content\/uploads\/2025-fitre-ne-kadar-fitre-kimlere-ve-ne-zaman-verilmeli-2-5-300x169.jpg 300w, https:\/\/www.tgrthaber.com\/mavikadin\/wp-content\/uploads\/2025-fitre-ne-kadar-fitre-kimlere-ve-ne-zaman-verilmeli-2-5-1024x576.jpg 1024w, https:\/\/www.tgrthaber.com\/mavikadin\/wp-content\/uploads\/2025-fitre-ne-kadar-fitre-kimlere-ve-ne-zaman-verilmeli-2-5-768x432.jpg 768w, https:\/\/www.tgrthaber.com\/mavikadin\/wp-content\/uploads\/2025-fitre-ne-kadar-fitre-kimlere-ve-ne-zaman-verilmeli-2-5-1536x864.jpg 1536w\" sizes=\"(max-width: 1208px) 100vw, 1208px\" \/><figcaption id=\"caption-attachment-134905\" class=\"wp-caption-text\">\u00a0<\/figcaption><\/figure>\n<hr \/>\n<h3>F\u0130TRE NE ZAMAN VER\u0130L\u0130R?<\/h3>\n<p>Sadaka-i fitr Ramazan-\u0131 \u015ferif ay\u0131 i\u00e7erisinde veya Ramazandan \u00f6nce yahut bayramdan sonra verilebilir.<\/p>\n<p>Bayramdan \u00f6nce vermek m\u00fcstehapt\u0131r.<\/p>\n<h3>F\u0130TRE K\u0130MLERE VER\u0130LEMEZ, K\u0130MLERE VER\u0130LEB\u0130L\u0130R?<\/h3>\n<p>Fitre us\u00fcl ve f\u00fcruya verilemez.<\/p>\n<p>Us\u00fcl, anne-baba, bunlar\u0131n anne babalar\u0131, dede ve b\u00fcy\u00fck anneler. [Annesinin annesi ve baban\u0131n annesi ve bunlar\u0131n da anneleri, babalar\u0131.]<\/p>\n<p>F\u00fcru ise, evlatlar, bunlar\u0131n \u00e7ocuklar\u0131 ve torunlar\u0131d\u0131r.<\/p>\n<p>Karde\u015f, karde\u015f \u00e7ocuklar\u0131, hala, teyze, day\u0131, damat gelin, kay\u0131nvalide, kay\u0131npeder, s\u00fct karde\u015fler, s\u00fct anne, s\u00fct baba us\u00fcl ve f\u00fcrudan de\u011fildir. Bunlar fakirse bunlara da verilebilir.<\/p>\n<figure id=\"attachment_134904\" aria-describedby=\"caption-attachment-134904\" style=\"width: 1208px\" class=\"wp-caption alignnone\"><img loading=\"lazy\" decoding=\"async\" class=\"wp-image-134904\" src=\"https:\/\/www.tgrthaber.com\/mavikadin\/wp-content\/uploads\/2025-fitre-ne-kadar-fitre-kimlere-ve-ne-zaman-verilmeli-2.jpg\" alt=\"2025 fitre ne kadar, fitre kimlere ve ne zaman verilmeli\" width=\"1208\" height=\"680\" title=\"\" srcset=\"https:\/\/www.tgrthaber.com\/mavikadin\/wp-content\/uploads\/2025-fitre-ne-kadar-fitre-kimlere-ve-ne-zaman-verilmeli-2.jpg 1920w, https:\/\/www.tgrthaber.com\/mavikadin\/wp-content\/uploads\/2025-fitre-ne-kadar-fitre-kimlere-ve-ne-zaman-verilmeli-2-300x169.jpg 300w, https:\/\/www.tgrthaber.com\/mavikadin\/wp-content\/uploads\/2025-fitre-ne-kadar-fitre-kimlere-ve-ne-zaman-verilmeli-2-1024x576.jpg 1024w, https:\/\/www.tgrthaber.com\/mavikadin\/wp-content\/uploads\/2025-fitre-ne-kadar-fitre-kimlere-ve-ne-zaman-verilmeli-2-768x432.jpg 768w, https:\/\/www.tgrthaber.com\/mavikadin\/wp-content\/uploads\/2025-fitre-ne-kadar-fitre-kimlere-ve-ne-zaman-verilmeli-2-1536x864.jpg 1536w\" sizes=\"(max-width: 1208px) 100vw, 1208px\" \/><figcaption id=\"caption-attachment-134904\" class=\"wp-caption-text\">\u00a0<\/figcaption><\/figure>\n<hr \/>\n<h3>SADAKA-\u0130 FITR HANG\u0130 Y\u0130YECEKLERDEN VER\u0130L\u0130R?<\/h3>\n<p>Sadaka-i fitr bu\u011fday, un, arpa, kuru \u00fcz\u00fcm ve hurmadan verilebilmektedir.<\/p>\n<h3>SADAKA-\u0130 FITR M\u0130KTARI NE KADAR?<\/h3>\n<p>Bu\u011fday ve unda 1750 gr, arpa, kuru \u00fcz\u00fcm ve hurmada ise 3500 gramd\u0131r.<\/p>\n","protected":false},"excerpt":{"rendered":"<p>Sadaka-i f\u0131tr yani fitre Ramazan ay\u0131nda zenginlere emredilen bir ibadettir. H\u00fckm\u00fc vaciptir. Peki fitre kimlere verilir, ne zaman verilmeli? 2025 fitre fiyat\u0131 ne kadar?<\/p>\n","protected":false},"author":30,"featured_media":134902,"comment_status":"closed","ping_status":"closed","sticky":false,"template":"","format":"standard","meta":{"rank_math_lock_modified_date":false,"footnotes":""},"categories":[101],"tags":[11176],"class_list":["post-134899","post","type-post","status-publish","format-standard","has-post-thumbnail","hentry","category-kesfet","tag-fitre"],"_links":{"self":[{"href":"https:\/\/www.tgrthaber.com\/mavikadin\/wp-json\/wp\/v2\/posts\/134899"}],"collection":[{"href":"https:\/\/www.tgrthaber.com\/mavikadin\/wp-json\/wp\/v2\/posts"}],"about":[{"href":"https:\/\/www.tgrthaber.com\/mavikadin\/wp-json\/wp\/v2\/types\/post"}],"author":[{"embeddable":true,"href":"https:\/\/www.tgrthaber.com\/mavikadin\/wp-json\/wp\/v2\/users\/30"}],"replies":[{"embeddable":true,"href":"https:\/\/www.tgrthaber.com\/mavikadin\/wp-json\/wp\/v2\/comments?post=134899"}],"version-history":[{"count":1,"href":"https:\/\/www.tgrthaber.com\/mavikadin\/wp-json\/wp\/v2\/posts\/134899\/revisions"}],"predecessor-version":[{"id":134908,"href":"https:\/\/www.tgrthaber.com\/mavikadin\/wp-json\/wp\/v2\/posts\/134899\/revisions\/134908"}],"wp:featuredmedia":[{"embeddable":true,"href":"https:\/\/www.tgrthaber.com\/mavikadin\/wp-json\/wp\/v2\/media\/134902"}],"wp:attachment":[{"href":"https:\/\/www.tgrthaber.com\/mavikadin\/wp-json\/wp\/v2\/media?parent=134899"}],"wp:term":[{"taxonomy":"category","embeddable":true,"href":"https:\/\/www.tgrthaber.com\/mavikadin\/wp-json\/wp\/v2\/categories?post=134899"},{"taxonomy":"post_tag","embeddable":true,"href":"https:\/\/www.tgrthaber.com\/mavikadin\/wp-json\/wp\/v2\/tags?post=134899"}],"curies":[{"name":"wp","href":"https:\/\/api.w.org\/{rel}","templated":true}]}}