{"id":134928,"date":"2025-02-17T18:46:47","date_gmt":"2025-02-17T15:46:47","guid":{"rendered":"https:\/\/www.tgrthaber.com\/mavikadin\/?p=134928"},"modified":"2025-02-17T18:46:47","modified_gmt":"2025-02-17T15:46:47","slug":"survivor-2025te-buyuk-kavga-efecanturkiyeye-giremezsin-dedi-adem-cildirdi-yarismacilar-zor-ayirdi","status":"publish","type":"post","link":"https:\/\/www.tgrthaber.com\/mavikadin\/survivor-2025te-buyuk-kavga-efecanturkiyeye-giremezsin-dedi-adem-cildirdi-yarismacilar-zor-ayirdi\/","title":{"rendered":"Survivor 2025&#8217;te b\u00fcy\u00fck kavga! Efecan,&#8217;T\u00fcrkiye&#8217;ye giremezsin&#8217; dedi, Adem \u00e7\u0131ld\u0131rd\u0131! Yar\u0131\u015fmac\u0131lar zor ay\u0131rd\u0131!"},"content":{"rendered":"<p class=\"p1\">Survivor All Star 2025, yeni b\u00f6l\u00fcm\u00fcyle izleyicileri ekran ba\u015f\u0131na kilitlemeye haz\u0131rlan\u0131yor. 17 \u015eubat Pazartesi ak\u015fam\u0131 yay\u0131nlanacak b\u00f6l\u00fcm\u00fcn fragman\u0131, k\u0131sa s\u00fcrede sosyal medyada b\u00fcy\u00fck yank\u0131 uyand\u0131rd\u0131. Fragmanda en \u00e7ok dikkat \u00e7eken anlardan biri ise Adem K\u0131l\u0131\u00e7\u00e7\u0131 ve Efecan Dianzenza aras\u0131nda ya\u015fanan sert tart\u0131\u015fma oldu. Efecan&#8217;\u0131n Adem&#8217;e &#8216;Bak T\u00fcrkiye&#8217;ye girebilir misin?&#8217; s\u00f6zleri Adem&#8217;i \u00e7ileden \u00e7\u0131kartt\u0131. \u0130\u015fte t\u00fcm detaylar&#8230;<\/p>\n<h3 class=\"p1\">SURV\u0130VOR 2025 ADEM VE EFECAN NEDEN KAVGA ETT\u0130?<\/h3>\n<p class=\"p1\">Survivor\u2019da heyecan giderek artarken, yar\u0131\u015fmac\u0131lar aras\u0131ndaki tansiyon da zaman zaman y\u00fckseliyor. Yeni b\u00f6l\u00fcm fragman\u0131nda dokunulmazl\u0131k oyunu devam ederken, K\u0131rm\u0131z\u0131 tak\u0131mda ortal\u0131k bir anda kar\u0131\u015ft\u0131. Adem K\u0131l\u0131\u00e7\u00e7\u0131 ve Efecan Dianzenza aras\u0131nda ba\u015flayan s\u00f6zl\u00fc tart\u0131\u015fma, k\u0131sa s\u00fcrede fiziksel bir gerginli\u011fe d\u00f6n\u00fc\u015ft\u00fc.<\/p>\n<p><img loading=\"lazy\" decoding=\"async\" class=\"alignnone wp-image-134930 size-large\" src=\"https:\/\/www.tgrthaber.com\/mavikadin\/wp-content\/uploads\/Ekran-Resmi-2025-02-17-18.19.11-1024x622.png\" alt=\"\" width=\"1024\" height=\"622\" title=\"\" srcset=\"https:\/\/www.tgrthaber.com\/mavikadin\/wp-content\/uploads\/Ekran-Resmi-2025-02-17-18.19.11-1024x622.png 1024w, https:\/\/www.tgrthaber.com\/mavikadin\/wp-content\/uploads\/Ekran-Resmi-2025-02-17-18.19.11-300x182.png 300w, https:\/\/www.tgrthaber.com\/mavikadin\/wp-content\/uploads\/Ekran-Resmi-2025-02-17-18.19.11-768x467.png 768w, https:\/\/www.tgrthaber.com\/mavikadin\/wp-content\/uploads\/Ekran-Resmi-2025-02-17-18.19.11.png 1280w\" sizes=\"(max-width: 1024px) 100vw, 1024px\" \/><\/p>\n<p class=\"p1\">Sinirlerine hakim olamayan Adem, bir anda Efecan\u2019\u0131n \u00fczerine y\u00fcr\u00fcd\u00fc. Efecan\u2019\u0131n da kar\u015f\u0131l\u0131k vermesiyle oyun alan\u0131nda gerginlik t\u0131rmand\u0131. Tak\u0131m arkada\u015flar\u0131, ikiliyi ay\u0131rmakta olduk\u00e7a zorland\u0131. Birbirlerine temas eden iki yar\u0131\u015fmac\u0131y\u0131 yat\u0131\u015ft\u0131rmaya \u00e7al\u0131\u015fan tak\u0131m \u00fcyeleri, ortam\u0131 sakinle\u015ftirmek i\u00e7in b\u00fcy\u00fck \u00e7aba sarf etti.<\/p>\n<h3 class=\"p1\">ADEM Y\u0130NE CEZA ALACAK MI?<\/h3>\n<p class=\"p1\">Bu ya\u015fananlar, Adem K\u0131l\u0131\u00e7\u00e7\u0131\u2019n\u0131n daha \u00f6nce ald\u0131\u011f\u0131 ceza kararlar\u0131n\u0131 da ak\u0131llara getirdi. Ge\u00e7ti\u011fimiz b\u00f6l\u00fcmlerde \u00c7\u0131lg\u0131n Sedat\u2019\u0131 iterek yere d\u00fc\u015f\u00fcrd\u00fc\u011f\u00fc i\u00e7in be\u015f \u00f6d\u00fclden men edilen Adem\u2019in, yeni bir yapt\u0131r\u0131mla kar\u015f\u0131 kar\u015f\u0131ya kal\u0131p kalmayaca\u011f\u0131 merak konusu oldu. Survivor All Star 2025\u2019te, Adem ve Efecan aras\u0131ndaki kavgan\u0131n detaylar\u0131 ve yar\u0131\u015fmac\u0131lara uygulanacak olas\u0131 yapt\u0131r\u0131mlar, bu ak\u015fam yay\u0131nlanacak yeni b\u00f6l\u00fcmde netlik kazanacak.<\/p>\n<p><img loading=\"lazy\" decoding=\"async\" class=\"alignnone wp-image-134931 size-large\" src=\"https:\/\/www.tgrthaber.com\/mavikadin\/wp-content\/uploads\/Ekran-Resmi-2025-02-17-18.19.04-1024x639.png\" alt=\"\" width=\"1024\" height=\"639\" title=\"\" srcset=\"https:\/\/www.tgrthaber.com\/mavikadin\/wp-content\/uploads\/Ekran-Resmi-2025-02-17-18.19.04-1024x639.png 1024w, https:\/\/www.tgrthaber.com\/mavikadin\/wp-content\/uploads\/Ekran-Resmi-2025-02-17-18.19.04-300x187.png 300w, https:\/\/www.tgrthaber.com\/mavikadin\/wp-content\/uploads\/Ekran-Resmi-2025-02-17-18.19.04-768x480.png 768w, https:\/\/www.tgrthaber.com\/mavikadin\/wp-content\/uploads\/Ekran-Resmi-2025-02-17-18.19.04.png 1246w\" sizes=\"(max-width: 1024px) 100vw, 1024px\" \/><\/p>\n<hr \/>\n<h3>SURV\u0130VOR 2025 EFECAN D\u0130EZENZA K\u0130MD\u0130R?<\/h3>\n<p class=\"p2\">14 Temmuz 1990 do\u011fumlu olan Efecan Dianzenza, \u0130ngiltere\u2019de d\u00fcnyaya gelmi\u015ftir. Annesi T\u00fcrk, babas\u0131 ise \u0130ngiliz olan Efecan, hen\u00fcz 3 ya\u015f\u0131ndayken ailesiyle birlikte \u0130zmir Kar\u015f\u0131yaka\u2019ya ta\u015f\u0131nd\u0131. Spora olan ilgisi k\u00fc\u00e7\u00fck ya\u015flarda ba\u015flad\u0131 ve 9 ya\u015f\u0131nda Kar\u015f\u0131yaka Spor Kul\u00fcb\u00fc altyap\u0131s\u0131nda futbol oynamaya ba\u015flad\u0131.<\/p>\n<p class=\"p2\">Kariyerinde h\u0131zla ilerleyen Efecan, 14 ya\u015f\u0131na geldi\u011finde Antalyaspor\u2019a transfer oldu. Futbol hayat\u0131na burada devam ederken, ayn\u0131 zamanda m\u00fczik d\u00fcnyas\u0131na da ad\u0131m att\u0131. Antalya\u2019da \u00e7evresindeki arkada\u015flar\u0131 sayesinde m\u00fczi\u011fe ilgi duymaya ba\u015flad\u0131. Evine kurdu\u011fu k\u00fc\u00e7\u00fck bir st\u00fcdyoda \u015fark\u0131lar kaydetti ve underground m\u00fcziklerle kendini geli\u015ftirdi.<\/p>\n<p><img loading=\"lazy\" decoding=\"async\" class=\"alignnone wp-image-134932 size-large\" src=\"https:\/\/www.tgrthaber.com\/mavikadin\/wp-content\/uploads\/Ekran-Resmi-2025-02-17-18.19.19-1024x628.png\" alt=\"\" width=\"1024\" height=\"628\" title=\"\" srcset=\"https:\/\/www.tgrthaber.com\/mavikadin\/wp-content\/uploads\/Ekran-Resmi-2025-02-17-18.19.19-1024x628.png 1024w, https:\/\/www.tgrthaber.com\/mavikadin\/wp-content\/uploads\/Ekran-Resmi-2025-02-17-18.19.19-300x184.png 300w, https:\/\/www.tgrthaber.com\/mavikadin\/wp-content\/uploads\/Ekran-Resmi-2025-02-17-18.19.19-768x471.png 768w, https:\/\/www.tgrthaber.com\/mavikadin\/wp-content\/uploads\/Ekran-Resmi-2025-02-17-18.19.19.png 1272w\" sizes=\"(max-width: 1024px) 100vw, 1024px\" \/><\/p>\n<hr \/>\n<p class=\"p2\">Antalya\u2019da iki y\u0131l ya\u015fad\u0131ktan sonra \u0130stanbul\u2019a ta\u015f\u0131nan Efecan, burada hem futbol hem de m\u00fczik kariyerine devam etti. \u0130stanbul B\u00fcy\u00fck\u015fehir Belediyesi Spor Kul\u00fcb\u00fc ile anla\u015farak futbol kariyerini s\u00fcrd\u00fcrd\u00fc. Ancak m\u00fczi\u011fe olan ilgisi de devam etti ve gece kul\u00fcplerinde DJ\u2019lik yaparak sahne almaya ba\u015flad\u0131. Hem spor hem de m\u00fczik d\u00fcnyas\u0131nda kendine yer edinen Efecan Dianzenza, futbol sahalar\u0131ndaki disiplini ve m\u00fczi\u011fe olan tutkusuyla dikkat \u00e7ekmi\u015ftir. \u0130stanbul\u2019da ya\u015fam\u0131n\u0131 s\u00fcrd\u00fcren ve kariyerine farkl\u0131 alanlarda devam eden Efecan, geni\u015f bir hayran kitlesine sahiptir.<\/p>\n","protected":false},"excerpt":{"rendered":"<p>Survivor All Star 2025, yeni b\u00f6l\u00fcm\u00fcyle heyecan\u0131 zirveye ta\u015f\u0131maya haz\u0131rlan\u0131yor. 17 \u015eubat Pazartesi ak\u015fam\u0131 yay\u0131nlanacak olan b\u00f6l\u00fcm\u00fcn fragman\u0131, sosyal medyada b\u00fcy\u00fck yank\u0131 uyand\u0131rd\u0131. \u00d6zellikle Adem K\u0131l\u0131\u00e7\u00e7\u0131 ve Efecan Dianzenza aras\u0131nda ya\u015fanan gerilim, ad\u0131ndan s\u00f6z ettirdi. Peki Efecan ve Adem neden kavga etti? \u0130\u015fte detaylar.. <\/p>\n","protected":false},"author":16,"featured_media":134947,"comment_status":"closed","ping_status":"closed","sticky":false,"template":"","format":"standard","meta":{"rank_math_lock_modified_date":false,"footnotes":""},"categories":[101],"tags":[2728,11184,11183],"class_list":["post-134928","post","type-post","status-publish","format-standard","has-post-thumbnail","hentry","category-kesfet","tag-survivor-2025","tag-survivor-2025-adem-efecan-kavga","tag-survivor-2025-efecan-adem-kavgasi"],"_links":{"self":[{"href":"https:\/\/www.tgrthaber.com\/mavikadin\/wp-json\/wp\/v2\/posts\/134928"}],"collection":[{"href":"https:\/\/www.tgrthaber.com\/mavikadin\/wp-json\/wp\/v2\/posts"}],"about":[{"href":"https:\/\/www.tgrthaber.com\/mavikadin\/wp-json\/wp\/v2\/types\/post"}],"author":[{"embeddable":true,"href":"https:\/\/www.tgrthaber.com\/mavikadin\/wp-json\/wp\/v2\/users\/16"}],"replies":[{"embeddable":true,"href":"https:\/\/www.tgrthaber.com\/mavikadin\/wp-json\/wp\/v2\/comments?post=134928"}],"version-history":[{"count":1,"href":"https:\/\/www.tgrthaber.com\/mavikadin\/wp-json\/wp\/v2\/posts\/134928\/revisions"}],"predecessor-version":[{"id":134948,"href":"https:\/\/www.tgrthaber.com\/mavikadin\/wp-json\/wp\/v2\/posts\/134928\/revisions\/134948"}],"wp:featuredmedia":[{"embeddable":true,"href":"https:\/\/www.tgrthaber.com\/mavikadin\/wp-json\/wp\/v2\/media\/134947"}],"wp:attachment":[{"href":"https:\/\/www.tgrthaber.com\/mavikadin\/wp-json\/wp\/v2\/media?parent=134928"}],"wp:term":[{"taxonomy":"category","embeddable":true,"href":"https:\/\/www.tgrthaber.com\/mavikadin\/wp-json\/wp\/v2\/categories?post=134928"},{"taxonomy":"post_tag","embeddable":true,"href":"https:\/\/www.tgrthaber.com\/mavikadin\/wp-json\/wp\/v2\/tags?post=134928"}],"curies":[{"name":"wp","href":"https:\/\/api.w.org\/{rel}","templated":true}]}}