{"id":134929,"date":"2025-02-17T18:22:47","date_gmt":"2025-02-17T15:22:47","guid":{"rendered":"https:\/\/www.tgrthaber.com\/mavikadin\/?p=134929"},"modified":"2025-02-17T18:26:17","modified_gmt":"2025-02-17T15:26:17","slug":"ozcan-denize-ne-oldu-ozcan-deniz-kizil-goncalar-dizisinden-ayrilacak-mi","status":"publish","type":"post","link":"https:\/\/www.tgrthaber.com\/mavikadin\/ozcan-denize-ne-oldu-ozcan-deniz-kizil-goncalar-dizisinden-ayrilacak-mi\/","title":{"rendered":"\u00d6zcan Deniz\u2019e ne oldu? \u00d6zcan Deniz K\u0131z\u0131l Goncalar dizisinden ayr\u0131lacak m\u0131?"},"content":{"rendered":"<p>\u00dcnl\u00fc sanat\u00e7\u0131 \u00d6zcan Deniz, son zamanlarda annesi Kadriye Deniz ile ya\u015fad\u0131\u011f\u0131 aile i\u00e7i anla\u015fmazl\u0131klar\u0131yla g\u00fcndeme bomba gibi oturmu\u015ftu. Kadriye Deniz\u2019in, o\u011flu ve gelini Samar Dadgar hakk\u0131nda uzakla\u015ft\u0131rma talebinde bulunmas\u0131, magazin d\u00fcnyas\u0131nda b\u00fcy\u00fck yank\u0131 uyand\u0131rm\u0131\u015ft\u0131. \u00a0\u00d6zcan Deniz\u2019in menajeri olan abisi Ercan Deniz ile aralar\u0131n\u0131n bozuk oldu\u011fu da g\u00f6zlerden ka\u00e7mam\u0131\u015ft\u0131. Aile i\u00e7i \u00e7at\u0131\u015fmalarla g\u00fcndeme gelen \u00d6zcan Deniz\u2019in kalp spazm\u0131 ge\u00e7irdi\u011fi \u00f6\u011frenildi. Bunun \u00fczerine \u00d6zcan Deniz\u2019e ne oldu sorular\u0131 sorulmaya ba\u015fland\u0131. Peki, \u00d6zcan Deniz\u2019e ne oldu? \u00d6zcan Deniz K\u0131z\u0131l Goncalar dizisinde olmayacak m\u0131? K\u0131z\u0131l Goncalar dizisi bu hafta var m\u0131? \u00d6zcan Deniz K\u0131z\u0131l Goncalar dizisinden ayr\u0131lacak m\u0131? \u0130\u015fte merak edilenler\u2026<\/p>\n<h3>\u00d6ZCAN DEN\u0130Z\u2019E NE OLDU?<\/h3>\n<p>\u00dcnl\u00fc sanat\u00e7\u0131 \u00d6zcan Deniz\u2019in a\u011fabeyi ve annesi ile ya\u015fad\u0131\u011f\u0131 ailevi sorunlar\u0131 g\u00fcndem olmaya devam ediyor. Ge\u00e7ti\u011fimiz g\u00fcnlerde ba\u015flayan ailevi \u00e7at\u0131\u015fma etkisini t\u00fcm h\u0131z\u0131yla s\u00fcrd\u00fcr\u00fcyor. Son zamanlarda ailesiyle ya\u015fad\u0131\u011f\u0131 sorunlarla g\u00fcndeme gelen Deniz, magazin d\u00fcnyas\u0131n\u0131n g\u00fcndeminden d\u00fc\u015fmek bilmiyor. \u00d6zcan Deniz\u2019in annesi Kadriye Deniz ve a\u011fabeyi Ercan Deniz ile ya\u015fad\u0131\u011f\u0131 anla\u015fmazl\u0131klar hem magazin d\u00fcnyas\u0131n\u0131n hem de sosyal medyan\u0131n g\u00fcndemine oturuyor.<\/p>\n<p><img loading=\"lazy\" decoding=\"async\" class=\"alignnone wp-image-134934\" src=\"https:\/\/www.tgrthaber.com\/mavikadin\/wp-content\/uploads\/Ozcan-Deniz-3-1024x576.jpg\" alt=\"\u00d6zcan Deniz\u2019e ne oldu? \" width=\"1208\" height=\"680\" title=\"\" srcset=\"https:\/\/www.tgrthaber.com\/mavikadin\/wp-content\/uploads\/Ozcan-Deniz-3-1024x576.jpg 1024w, https:\/\/www.tgrthaber.com\/mavikadin\/wp-content\/uploads\/Ozcan-Deniz-3-300x169.jpg 300w, https:\/\/www.tgrthaber.com\/mavikadin\/wp-content\/uploads\/Ozcan-Deniz-3-768x432.jpg 768w, https:\/\/www.tgrthaber.com\/mavikadin\/wp-content\/uploads\/Ozcan-Deniz-3-1536x864.jpg 1536w, https:\/\/www.tgrthaber.com\/mavikadin\/wp-content\/uploads\/Ozcan-Deniz-3.jpg 1600w\" sizes=\"(max-width: 1208px) 100vw, 1208px\" \/><\/p>\n<hr \/>\n<p>Taraflar\u0131n birbirlerine g\u00f6ndermeli payla\u015f\u0131mlar\u0131n\u0131n ard\u0131ndan gerginlik iyice b\u00fcy\u00fcm\u00fc\u015f ve \u00d6zcan Deniz\u2019in sosyal medya payla\u015f\u0131mlar\u0131 g\u00fcndem olmu\u015ftu. Son olarak Anne Kadriye Deniz\u2019in olay olan s\u00f6zlerinin ard\u0131ndan \u00fcnl\u00fc sanat\u00e7\u0131n\u0131n e\u015fi Samar Dadgar, sosyal medya hesab\u0131ndan \u00e7arp\u0131c\u0131 payla\u015f\u0131mlarda bulunmu\u015ftu. Ya\u015fanan aile gerginli\u011finin ard\u0131ndan \u00d6zcan Deniz\u2019in kalp spazm\u0131 ge\u00e7irerek, hastaneye kald\u0131r\u0131ld\u0131\u011f\u0131 \u00f6\u011frenildi.<\/p>\n<h3>\u00d6ZCAN DEN\u0130Z KIZIL GONCALAR D\u0130Z\u0130S\u0130NDE OLMAYACAK MI?<\/h3>\n<p>NOW TV ekranlar\u0131n\u0131n b\u00fcy\u00fck bir ilgiyle takip edilen dizisi K\u0131z\u0131l Goncalar\u2019da \u201cLevent\u201d karakterini oynayan \u00d6zcan Deniz\u2019in ya\u015fad\u0131\u011f\u0131 sa\u011fl\u0131k sorunlar\u0131 nedeniyle dizide olup olmayaca\u011f\u0131 merak ediliyor. K\u0131z\u0131l Goncalar dizisinde psikolog Levent\u2019i oynayan Deniz\u2019in ailesiyle bitmek bilmeyen sorunlar\u0131 h\u0131z kesmeden devam ediyor. Sette annesinin televizyon r\u00f6portaj\u0131n\u0131 izledikten sonra fenala\u015fan Deniz\u2019in hastaneye kald\u0131r\u0131ld\u0131\u011f\u0131 ve \u00e7ekimlerin iptal oldu\u011fu \u00f6\u011frenildi.<\/p>\n<p><img loading=\"lazy\" decoding=\"async\" class=\"alignnone wp-image-134935\" src=\"https:\/\/www.tgrthaber.com\/mavikadin\/wp-content\/uploads\/Ozcan-Deniz-5-1024x576.jpg\" alt=\"\u00d6zcan Deniz\u2019e ne oldu? \" width=\"1208\" height=\"680\" title=\"\" srcset=\"https:\/\/www.tgrthaber.com\/mavikadin\/wp-content\/uploads\/Ozcan-Deniz-5-1024x576.jpg 1024w, https:\/\/www.tgrthaber.com\/mavikadin\/wp-content\/uploads\/Ozcan-Deniz-5-300x169.jpg 300w, https:\/\/www.tgrthaber.com\/mavikadin\/wp-content\/uploads\/Ozcan-Deniz-5-768x432.jpg 768w, https:\/\/www.tgrthaber.com\/mavikadin\/wp-content\/uploads\/Ozcan-Deniz-5-1536x864.jpg 1536w, https:\/\/www.tgrthaber.com\/mavikadin\/wp-content\/uploads\/Ozcan-Deniz-5.jpg 1600w\" sizes=\"(max-width: 1208px) 100vw, 1208px\" \/><\/p>\n<hr \/>\n<p>Ge\u00e7ti\u011fimiz g\u00fcnlerde yapt\u0131\u011f\u0131 payla\u015f\u0131mlarla ve ailevi sorunlar\u0131yla magazin g\u00fcndemine oturan \u00fcnl\u00fc sanat\u00e7\u0131 \u00d6zcan Deniz, ge\u00e7en y\u0131l menajerli\u011fini yapan abisi Ercan Deniz ile yollar\u0131n\u0131 ay\u0131rm\u0131\u015ft\u0131. Ercan Deniz ile yollar\u0131n\u0131n ayr\u0131lmas\u0131n\u0131n ard\u0131ndan ya\u015fanan alacak verecek kavgas\u0131na annesi Kadriye Deniz\u2019de kat\u0131lm\u0131\u015ft\u0131. Ya\u015fanan ailevi ve sa\u011fl\u0131k sorunlar\u0131ndan dolay\u0131 \u00d6zcan Deniz\u2019in K\u0131z\u0131l Goncalar dizisinde olup olmayaca\u011f\u0131 merak edildi. \u00dcnl\u00fc sanat\u00e7\u0131 Deniz\u2019in hen\u00fcz K\u0131z\u0131l Goncalar\u2019da olup olmayaca\u011f\u0131na dair resmi bir a\u00e7\u0131klama gelmedi. Deniz\u2019in K\u0131z\u0131l Goncalar\u2019da olup olmayaca\u011f\u0131 belirsizli\u011fini korurken, sa\u011fl\u0131k durumuna g\u00f6re dizide olup olmayaca\u011f\u0131n\u0131n belli olaca\u011f\u0131 d\u00fc\u015f\u00fcn\u00fcl\u00fcyor.<\/p>\n<h3>KIZIL GONCALAR D\u0130Z\u0130S\u0130 BU HAFTA VAR MI?<\/h3>\n<p>NOW TV ekranlar\u0131n\u0131n b\u00fcy\u00fck bir ilgiyle takip edilen K\u0131z\u0131l Goncalar dizisinin bu ak\u015fam 17 \u015eubat 2025 yay\u0131nlan\u0131p yay\u0131nlanmayaca\u011f\u0131 merak ediliyor. Pazartesi ak\u015famlar\u0131n\u0131n vazge\u00e7ilmez dizisi K\u0131z\u0131l Goncalar bu ak\u015fam yeni b\u00f6l\u00fcm\u00fcyle izleyici kar\u015f\u0131s\u0131na \u00e7\u0131kacak. NOW TV ekranlar\u0131nda saat 20.00\u2019da izleyici kar\u015f\u0131s\u0131na \u00e7\u0131kmaya haz\u0131rlanan dizi yeni b\u00f6l\u00fcm\u00fcyle ekranlarda olacak.<\/p>\n<p><img loading=\"lazy\" decoding=\"async\" class=\"alignnone wp-image-134937\" src=\"https:\/\/www.tgrthaber.com\/mavikadin\/wp-content\/uploads\/Ozcan-Deniz-6-1024x576.jpg\" alt=\"\u00d6zcan Deniz\u2019e ne oldu? \" width=\"1208\" height=\"680\" title=\"\" srcset=\"https:\/\/www.tgrthaber.com\/mavikadin\/wp-content\/uploads\/Ozcan-Deniz-6-1024x576.jpg 1024w, https:\/\/www.tgrthaber.com\/mavikadin\/wp-content\/uploads\/Ozcan-Deniz-6-300x169.jpg 300w, https:\/\/www.tgrthaber.com\/mavikadin\/wp-content\/uploads\/Ozcan-Deniz-6-768x432.jpg 768w, https:\/\/www.tgrthaber.com\/mavikadin\/wp-content\/uploads\/Ozcan-Deniz-6-1536x864.jpg 1536w, https:\/\/www.tgrthaber.com\/mavikadin\/wp-content\/uploads\/Ozcan-Deniz-6.jpg 1600w\" sizes=\"(max-width: 1208px) 100vw, 1208px\" \/><\/p>\n<hr \/>\n<p>K\u0131z\u0131l Goncalar dizisinde Levent karakterini oynayan \u00d6zcan Deniz de bu ak\u015famki yeni b\u00f6l\u00fcmde izleyici kar\u015f\u0131s\u0131na \u00e7\u0131kacak. \u0130zleyiciler, Deniz ve ailesi aras\u0131nda ya\u015fanan sorunlardan sonra ilerleyen b\u00f6l\u00fcmlerde Levent karakterinin dizide olup olmayaca\u011f\u0131n\u0131 merak ediyor. Deniz\u2019in dizinin yeni b\u00f6l\u00fcm fragman\u0131nda yer ald\u0131\u011f\u0131 g\u00f6r\u00fcld\u00fc. Bu demek oluyor ki Deniz, K\u0131z\u0131l Goncalar\u2019\u0131n bu ak\u015fam yay\u0131nlanacak yeni b\u00f6l\u00fcm\u00fcnde yer alacak. Fakat Deniz\u2019in ya\u015fad\u0131\u011f\u0131 son rahats\u0131zl\u0131ktan sonra ilerleyen b\u00f6l\u00fcmlerde yer al\u0131p almayaca\u011f\u0131 belirsizli\u011fini koruyor.<\/p>\n<h3>\u00d6ZCAN DEN\u0130Z KIZIL GONCALAR D\u0130Z\u0130S\u0130NDEN AYRILACAK MI?<\/h3>\n<p>\u00dcnl\u00fc sanat\u00e7\u0131 \u00d6zcan Deniz, bug\u00fcn sette ge\u00e7irdi\u011fi ani rahats\u0131zl\u0131k nedeniyle hastaneye kald\u0131r\u0131ld\u0131.\u00a052 ya\u015f\u0131ndaki sanat\u00e7\u0131 annesinin verdi\u011fi r\u00f6portaj\u0131 K\u0131z\u0131l Goncalar dizi setinde izledi.\u00a0Uzun s\u00fcredir ailesiyle ya\u015fad\u0131\u011f\u0131 sorunlardan dolay\u0131 \u00e7ok mutsuz olan ve \u00e7\u0131kan haberlerden dolay\u0131 projeye zarar vermemek i\u00e7in sezon ba\u015f\u0131nda diziyi b\u0131rakmay\u0131 bile d\u00fc\u015f\u00fcnen Deniz, K\u0131z\u0131l Goncalar setinde fenala\u015ft\u0131. Deniz\u2019in fenala\u015fmas\u0131n\u0131n ard\u0131ndan \u00e7ekimler iptal edildi.<\/p>\n<p><img loading=\"lazy\" decoding=\"async\" class=\"alignnone wp-image-134938\" src=\"https:\/\/www.tgrthaber.com\/mavikadin\/wp-content\/uploads\/Ozcan-Deniz-1-1024x576.jpg\" alt=\"\u00d6zcan Deniz\u2019e ne oldu? \" width=\"1208\" height=\"680\" title=\"\" srcset=\"https:\/\/www.tgrthaber.com\/mavikadin\/wp-content\/uploads\/Ozcan-Deniz-1-1024x576.jpg 1024w, https:\/\/www.tgrthaber.com\/mavikadin\/wp-content\/uploads\/Ozcan-Deniz-1-300x169.jpg 300w, https:\/\/www.tgrthaber.com\/mavikadin\/wp-content\/uploads\/Ozcan-Deniz-1-768x432.jpg 768w, https:\/\/www.tgrthaber.com\/mavikadin\/wp-content\/uploads\/Ozcan-Deniz-1-1536x864.jpg 1536w, https:\/\/www.tgrthaber.com\/mavikadin\/wp-content\/uploads\/Ozcan-Deniz-1.jpg 1600w\" sizes=\"(max-width: 1208px) 100vw, 1208px\" \/><\/p>\n<hr \/>\n<p>Apar topar Okmeydan\u0131 Memorial Hastanesi\u2019ne kald\u0131r\u0131lan \u00fcnl\u00fc sanat\u00e7\u0131 \u00d6zcan Deniz\u2019e anjiyo yap\u0131ld\u0131. \u00d6zcan Deniz\u2019in ilk m\u00fcdahalenin ard\u0131ndan evinde dinlenmeye ge\u00e7ti\u011fi ve \u00f6n\u00fcm\u00fczdeki g\u00fcnlerde kendisine stent tak\u0131laca\u011f\u0131 \u00f6\u011frenildi. Ya\u015fanan sa\u011fl\u0131k probleminin ard\u0131ndan Deniz\u2019in K\u0131z\u0131l Goncalar dizisinden ayr\u0131l\u0131p ayr\u0131lmayaca\u011f\u0131 merak edildi. Hen\u00fcz \u00d6zcan Deniz\u2019den ve K\u0131z\u0131l Goncalar dizisinden resmi bir a\u00e7\u0131klama gelmedi. Deniz\u2019in sa\u011fl\u0131k durumuna g\u00f6re diziye devam edip etmeyece\u011fi ise konu\u015fulanlar aras\u0131nda yerini ald\u0131.<\/p>\n","protected":false},"excerpt":{"rendered":"<p>Son zamanlarda ailesi ile ya\u015fad\u0131\u011f\u0131 sorunlarla g\u00fcndeme gelen \u00d6zcan Deniz\u2019e ne oldu\u011fu merak ediliyor. Peki, \u00d6zcan Deniz\u2019e ne oldu? \u00d6zcan Deniz K\u0131z\u0131l Goncalar dizisinden ayr\u0131lacak m\u0131? \u0130\u015fte detaylar\u2026 <\/p>\n","protected":false},"author":26,"featured_media":134940,"comment_status":"closed","ping_status":"closed","sticky":false,"template":"","format":"standard","meta":{"rank_math_lock_modified_date":false,"footnotes":""},"categories":[76],"tags":[2628,11180,11012,2393,10960,2394],"class_list":["post-134929","post","type-post","status-publish","format-standard","has-post-thumbnail","hentry","category-magazin","tag-dizi-haberleri","tag-ercan-deniz","tag-kadriye-deniz","tag-ozcan-deniz","tag-ozcan-deniz-ve-annesi","tag-samar-dadgar"],"_links":{"self":[{"href":"https:\/\/www.tgrthaber.com\/mavikadin\/wp-json\/wp\/v2\/posts\/134929"}],"collection":[{"href":"https:\/\/www.tgrthaber.com\/mavikadin\/wp-json\/wp\/v2\/posts"}],"about":[{"href":"https:\/\/www.tgrthaber.com\/mavikadin\/wp-json\/wp\/v2\/types\/post"}],"author":[{"embeddable":true,"href":"https:\/\/www.tgrthaber.com\/mavikadin\/wp-json\/wp\/v2\/users\/26"}],"replies":[{"embeddable":true,"href":"https:\/\/www.tgrthaber.com\/mavikadin\/wp-json\/wp\/v2\/comments?post=134929"}],"version-history":[{"count":3,"href":"https:\/\/www.tgrthaber.com\/mavikadin\/wp-json\/wp\/v2\/posts\/134929\/revisions"}],"predecessor-version":[{"id":134939,"href":"https:\/\/www.tgrthaber.com\/mavikadin\/wp-json\/wp\/v2\/posts\/134929\/revisions\/134939"}],"wp:featuredmedia":[{"embeddable":true,"href":"https:\/\/www.tgrthaber.com\/mavikadin\/wp-json\/wp\/v2\/media\/134940"}],"wp:attachment":[{"href":"https:\/\/www.tgrthaber.com\/mavikadin\/wp-json\/wp\/v2\/media?parent=134929"}],"wp:term":[{"taxonomy":"category","embeddable":true,"href":"https:\/\/www.tgrthaber.com\/mavikadin\/wp-json\/wp\/v2\/categories?post=134929"},{"taxonomy":"post_tag","embeddable":true,"href":"https:\/\/www.tgrthaber.com\/mavikadin\/wp-json\/wp\/v2\/tags?post=134929"}],"curies":[{"name":"wp","href":"https:\/\/api.w.org\/{rel}","templated":true}]}}