{"id":134941,"date":"2025-02-17T18:40:03","date_gmt":"2025-02-17T15:40:03","guid":{"rendered":"https:\/\/www.tgrthaber.com\/mavikadin\/?p=134941"},"modified":"2025-02-17T18:40:03","modified_gmt":"2025-02-17T15:40:03","slug":"ayse-barim-tahliye-mi-edildi-sektorde-kartlar-yeniden-dagitilacak","status":"publish","type":"post","link":"https:\/\/www.tgrthaber.com\/mavikadin\/ayse-barim-tahliye-mi-edildi-sektorde-kartlar-yeniden-dagitilacak\/","title":{"rendered":"Ay\u015fe Bar\u0131m tahliye mi edildi? Sekt\u00f6rde kartlar yeniden da\u011f\u0131t\u0131lacak"},"content":{"rendered":"<p class=\"p1\">Gezi eylemlerini y\u00f6nlendirdi\u011fi iddias\u0131yla tutuklanan Ay\u015fe Bar\u0131m, mahkeme taraf\u0131ndan tahliye edildi. Ancak, savc\u0131l\u0131\u011f\u0131n yapt\u0131\u011f\u0131 itiraz \u00fczerine tahliye karar\u0131 iptal edilerek yeniden tutuklama karar\u0131 \u00e7\u0131kar\u0131ld\u0131. Bar\u0131m, cezaevinden \u00e7\u0131kmadan \u00f6nce yetkililere bildirilen karar do\u011frultusunda tekrar g\u00f6zalt\u0131na al\u0131nd\u0131. Savc\u0131l\u0131k, soru\u015fturman\u0131n devam etti\u011fini ve mevcut delillerin Bar\u0131m\u2019\u0131n tutuklu yarg\u0131lanmas\u0131n\u0131 gerektirdi\u011fini belirtti.<\/p>\n<h3 class=\"p1\"><b>TAHL\u0130YE KARARI CEZAEV\u0130NDEN \u00c7IKMADAN \u0130PTAL ED\u0130LD\u0130!\u00a0<\/b><\/h3>\n<p class=\"p1\">Gezi eylemlerine kat\u0131ld\u0131\u011f\u0131 ve y\u00f6nlendirdi\u011fi iddias\u0131yla g\u00f6zalt\u0131na al\u0131narak tutuklanan Ay\u015fe Bar\u0131m, bug\u00fcn mahkeme taraf\u0131ndan tahliye edildi. Ancak, Ba\u015fsavc\u0131l\u0131k taraf\u0131ndan yap\u0131lan itiraz \u00fczerine tahliye karar\u0131 iptal edilerek, Bar\u0131m hakk\u0131nda yeniden tutuklama karar\u0131 \u00e7\u0131kar\u0131ld\u0131. Bar\u0131m, cezaevinden \u00e7\u0131kmadan \u00f6nce yetkililere bildirilen bu karar do\u011frultusunda tekrar g\u00f6zalt\u0131na al\u0131nd\u0131.<\/p>\n<p><img loading=\"lazy\" decoding=\"async\" class=\"alignnone wp-image-134942 \" src=\"https:\/\/www.tgrthaber.com\/mavikadin\/wp-content\/uploads\/Ekran-Resmi-2025-02-17-18.35.54.png\" alt=\"\" width=\"947\" height=\"577\" title=\"\" srcset=\"https:\/\/www.tgrthaber.com\/mavikadin\/wp-content\/uploads\/Ekran-Resmi-2025-02-17-18.35.54.png 936w, https:\/\/www.tgrthaber.com\/mavikadin\/wp-content\/uploads\/Ekran-Resmi-2025-02-17-18.35.54-300x183.png 300w, https:\/\/www.tgrthaber.com\/mavikadin\/wp-content\/uploads\/Ekran-Resmi-2025-02-17-18.35.54-768x468.png 768w\" sizes=\"(max-width: 947px) 100vw, 947px\" \/><\/p>\n<hr \/>\n<p class=\"p1\">Gazeteci Ceylan Sever tutuklama karar\u0131n\u0131 sosyal hesab\u0131ndan \u015fu s\u00f6zlerle a\u00e7\u0131klad\u0131:<\/p>\n<p class=\"p1\">&#8220;Dizi- Film sekt\u00f6r\u00fcnde tekelle\u015fme iddialar\u0131 ile g\u00fcndeme gelen ID \u0130leti\u015fimin sahibi menajer Ay\u015fe Bar\u0131m Gezi Park\u0131 soru\u015fturmas\u0131 kapsam\u0131nda &#8216;planlay\u0131c\u0131&#8217; oldu\u011fu gerek\u00e7esiyle tutuklanm\u0131\u015ft\u0131. Ay\u015fe Bar\u0131m&#8217;\u0131n avukat\u0131 Sulh Ceza Hakimli\u011fi\u2019nin tutukluluk karar\u0131n\u0131 \u00fcst mahkeme olan Asliye Ceza\u2019ya ta\u015f\u0131yarak itiraz etti. Asliye Ceza Mahkemesi itiraz\u0131 yerinde buldu, Bar\u0131m\u2019\u0131n tahliyesine karar verdi. Bunun \u00fczerine \u0130stanbul Cumhuriyet Ba\u015fsavc\u0131l\u0131\u011f\u0131 karara jet h\u0131z\u0131yla itiraz etti. Bu kez dosya Asliye Ceza\u2019n\u0131n \u00fcst\u00fc olan A\u011f\u0131r Ceza Mahkemesi\u2019ne gitti. A\u011f\u0131r Ceza da savc\u0131l\u0131\u011f\u0131 hakl\u0131 buldu, Bar\u0131m\u2019\u0131n tekrardan tutuklanmas\u0131na karar verdi. Ay\u015fe Bar\u0131m cezaevinden \u00e7\u0131kamadan yeniden tutuklanm\u0131\u015f oldu.&#8221;<\/p>\n<h3 class=\"p1\"><b>SORU\u015eTURMA S\u00dcREC\u0130 DEVAM ED\u0130YOR\u00a0<\/b><b><\/b><\/h3>\n<p class=\"p1\">Yetkililer, soru\u015fturman\u0131n devam etti\u011fini ve Bar\u0131m hakk\u0131ndaki su\u00e7lamalarla ilgili incelemelerin s\u00fcrd\u00fc\u011f\u00fcn\u00fc belirtti. Bu s\u00fcre\u00e7te verilecek yeni hukuki kararlar\u0131n, dosyan\u0131n seyrini belirleyece\u011fi ifade ediliyor. Menajer Ay\u015fe Bar\u0131m\u2019\u0131n yarg\u0131 s\u00fcreciyle ilgili geli\u015fmelerin ilerleyen g\u00fcnlerde netlik kazanmas\u0131 bekleniyor.<\/p>\n<p><img loading=\"lazy\" decoding=\"async\" class=\"alignnone wp-image-134943 size-full\" src=\"https:\/\/www.tgrthaber.com\/mavikadin\/wp-content\/uploads\/Ekran-Resmi-2025-02-17-18.35.50.png\" alt=\"\" width=\"962\" height=\"568\" title=\"\" srcset=\"https:\/\/www.tgrthaber.com\/mavikadin\/wp-content\/uploads\/Ekran-Resmi-2025-02-17-18.35.50.png 962w, https:\/\/www.tgrthaber.com\/mavikadin\/wp-content\/uploads\/Ekran-Resmi-2025-02-17-18.35.50-300x177.png 300w, https:\/\/www.tgrthaber.com\/mavikadin\/wp-content\/uploads\/Ekran-Resmi-2025-02-17-18.35.50-768x453.png 768w\" sizes=\"(max-width: 962px) 100vw, 962px\" \/><\/p>\n<hr \/>\n<h3>AY\u015eE BARIM K\u0130MD\u0130R?<\/h3>\n<p class=\"p1\">26 Temmuz 1970 do\u011fumlu olan Ay\u015fe Bar\u0131m, \u0130stanbul\u2019da d\u00fcnyaya geldi. E\u011fitim hayat\u0131na, d\u00f6nemin prestijli okullar\u0131ndan biri olan English High School for Girls\u2019te (g\u00fcn\u00fcm\u00fczde Beyo\u011flu Anadolu Lisesi) ba\u015flad\u0131. Lise e\u011fitimini tamamlad\u0131ktan sonra, Bo\u011fazi\u00e7i \u00dcniversitesi \u0130ngiliz Dili ve Edebiyat\u0131 B\u00f6l\u00fcm\u00fc\u2019nde lisans e\u011fitimi ald\u0131.<\/p>\n<p><img loading=\"lazy\" decoding=\"async\" class=\"alignnone wp-image-134944 \" src=\"https:\/\/www.tgrthaber.com\/mavikadin\/wp-content\/uploads\/Ekran-Resmi-2025-02-17-18.37.12.png\" alt=\"\" width=\"951\" height=\"615\" title=\"\" srcset=\"https:\/\/www.tgrthaber.com\/mavikadin\/wp-content\/uploads\/Ekran-Resmi-2025-02-17-18.37.12.png 934w, https:\/\/www.tgrthaber.com\/mavikadin\/wp-content\/uploads\/Ekran-Resmi-2025-02-17-18.37.12-300x194.png 300w, https:\/\/www.tgrthaber.com\/mavikadin\/wp-content\/uploads\/Ekran-Resmi-2025-02-17-18.37.12-768x497.png 768w\" sizes=\"(max-width: 951px) 100vw, 951px\" \/><\/p>\n<hr \/>\n<p class=\"p1\">\u00dcniversite mezuniyetinin ard\u0131ndan, kariyerine y\u00f6n vermek amac\u0131yla Londra\u2019ya ta\u015f\u0131nd\u0131. Burada, iki y\u0131l boyunca ileti\u015fim ve medya y\u00f6netimi alanlar\u0131nda e\u011fitim ald\u0131. Bu s\u00fcre\u00e7, onun uluslararas\u0131 d\u00fczeyde bir kariyer in\u015fa etmesine b\u00fcy\u00fck katk\u0131 sa\u011flad\u0131. \u015eu anda 54 ya\u015f\u0131nda olan Ay\u015fe Bar\u0131m, hem T\u00fcrkiye\u2019de hem de global \u00e7apta tan\u0131nan ba\u015far\u0131l\u0131 bir menajerdir. 2002 y\u0131l\u0131nda kurdu\u011fu ID \u0130leti\u015fim Ajans\u0131, sanat\u00e7\u0131 menajerli\u011fi, kariyer planlama, sosyal medya dan\u0131\u015fmanl\u0131\u011f\u0131 ve \u015f\u00f6hret y\u00f6netimi gibi alanlarda hizmet veren \u00f6nc\u00fc bir firma haline gelmi\u015ftir.<\/p>\n<p class=\"p1\">\n","protected":false},"excerpt":{"rendered":"<p>Gezi eylemlerini y\u00f6nlendirdi\u011fi iddias\u0131yla tutuklanan menajer Ay\u015fe Bar\u0131m hakk\u0131nda tahliye karar\u0131 verildi. Ancak savc\u0131l\u0131\u011f\u0131n itiraz\u0131 \u00fczerine yeniden tutuklama karar\u0131 \u00e7\u0131kar\u0131ld\u0131.<\/p>\n","protected":false},"author":16,"featured_media":134945,"comment_status":"closed","ping_status":"closed","sticky":false,"template":"","format":"standard","meta":{"rank_math_lock_modified_date":false,"footnotes":""},"categories":[101],"tags":[7491,11181,11182],"class_list":["post-134941","post","type-post","status-publish","format-standard","has-post-thumbnail","hentry","category-kesfet","tag-ayse-barim-kimdir","tag-ayse-barim-tahliye","tag-ayse-barim-tahliye-edildi-mi"],"_links":{"self":[{"href":"https:\/\/www.tgrthaber.com\/mavikadin\/wp-json\/wp\/v2\/posts\/134941"}],"collection":[{"href":"https:\/\/www.tgrthaber.com\/mavikadin\/wp-json\/wp\/v2\/posts"}],"about":[{"href":"https:\/\/www.tgrthaber.com\/mavikadin\/wp-json\/wp\/v2\/types\/post"}],"author":[{"embeddable":true,"href":"https:\/\/www.tgrthaber.com\/mavikadin\/wp-json\/wp\/v2\/users\/16"}],"replies":[{"embeddable":true,"href":"https:\/\/www.tgrthaber.com\/mavikadin\/wp-json\/wp\/v2\/comments?post=134941"}],"version-history":[{"count":1,"href":"https:\/\/www.tgrthaber.com\/mavikadin\/wp-json\/wp\/v2\/posts\/134941\/revisions"}],"predecessor-version":[{"id":134946,"href":"https:\/\/www.tgrthaber.com\/mavikadin\/wp-json\/wp\/v2\/posts\/134941\/revisions\/134946"}],"wp:featuredmedia":[{"embeddable":true,"href":"https:\/\/www.tgrthaber.com\/mavikadin\/wp-json\/wp\/v2\/media\/134945"}],"wp:attachment":[{"href":"https:\/\/www.tgrthaber.com\/mavikadin\/wp-json\/wp\/v2\/media?parent=134941"}],"wp:term":[{"taxonomy":"category","embeddable":true,"href":"https:\/\/www.tgrthaber.com\/mavikadin\/wp-json\/wp\/v2\/categories?post=134941"},{"taxonomy":"post_tag","embeddable":true,"href":"https:\/\/www.tgrthaber.com\/mavikadin\/wp-json\/wp\/v2\/tags?post=134941"}],"curies":[{"name":"wp","href":"https:\/\/api.w.org\/{rel}","templated":true}]}}