{"id":134969,"date":"2025-02-17T20:43:02","date_gmt":"2025-02-17T17:43:02","guid":{"rendered":"https:\/\/www.tgrthaber.com\/mavikadin\/?p=134969"},"modified":"2025-02-17T20:43:02","modified_gmt":"2025-02-17T17:43:02","slug":"mattia-ahmet-minguzzi-annesi-yasemin-minguzziden-yurek-burkan-paylasim","status":"publish","type":"post","link":"https:\/\/www.tgrthaber.com\/mavikadin\/mattia-ahmet-minguzzi-annesi-yasemin-minguzziden-yurek-burkan-paylasim\/","title":{"rendered":"Mattia Ahmet Minguzzi annesi Yasemin Minguzzi&#8217;den y\u00fcrek burkan payla\u015f\u0131m!"},"content":{"rendered":"<p>Kad\u0131k\u00f6y&#8217;de pazarda al\u0131\u015fveri\u015f yaparken b\u0131\u00e7akl\u0131 sald\u0131r\u0131ya u\u011frayan \u0130talyan \u015fefin o\u011flu Mattia Ahmet Minguzzi, tedavi g\u00f6rd\u00fc\u011f\u00fc hastanede ya\u015fam\u0131n\u0131 yitirmi\u015fti. 14 ya\u015f\u0131ndaki Mattia Ahmet Minguzzi&#8217;nin cenazesi, Atak\u00f6y 5. K\u0131s\u0131m \u00d6mer Duruk Camii&#8217;nde cenaze namaz\u0131 k\u0131l\u0131n\u0131p Bak\u0131rk\u00f6y Osmaniye Mezarl\u0131\u011f\u0131\u2019nda topra\u011fa verilmi\u015fti. Merhum Mattia Ahmet Minguzzi annesi Yasemin Minguzzi&#8217;den sosyal medyada y\u00fcrek burkan bir payla\u015f\u0131m geldi.<\/p>\n<h3>\u201cD\u00dcNYAYI AYA\u011eA KALDIRACA\u011eIM\u201d<\/h3>\n<p>Kad\u0131k\u00f6y\u2019de u\u011frad\u0131\u011f\u0131 b\u0131\u00e7akl\u0131 sald\u0131r\u0131 sonucu hayat\u0131n\u0131 kaybeden Mattia Ahmet Minguzzi\u2019nin annesinden y\u00fcrek burkan bir payla\u015f\u0131m geldi. Mattia Ahmet\u2019in annesi Yasemin Minguzzi, sosyal medya hesab\u0131ndan o\u011flu i\u00e7in adalet aray\u0131\u015f\u0131na devam edece\u011fini duyurdu. Yasemin Minguzzi instagram hesab\u0131nda \u015fu s\u00f6zleri payla\u015ft\u0131.<\/p>\n<p>\u201cCan\u0131m o\u011flum, bu yery\u00fcz\u00fcne kendine bir misyon edinerek geldi ve melek olup gitti. Onun bu g\u00f6revini annesi olarak \u00fcstlenecek, adaleti sa\u011flamadan bu d\u00fcnyadan g\u00f6\u00e7\u00fcp gitmeyece\u011fim. Hepinizin \u00e7ocuklar\u0131 benim \u00e7ocuklar\u0131m, kollar\u0131m hepsine a\u00e7\u0131k, kap\u0131m\u0131 \u00e7al\u0131n yeter! De\u011fil \u00fclkeyi, d\u00fcnyay\u0131 aya\u011fa kald\u0131raca\u011f\u0131m.\u201d<\/p>\n<p><img loading=\"lazy\" decoding=\"async\" class=\"alignnone wp-image-134981\" src=\"https:\/\/www.tgrthaber.com\/mavikadin\/wp-content\/uploads\/Yasemin-Minguzziden-sosyal-medyada-yurek-burkan-bir-paylasim-geldi-300x169.jpg\" alt=\"Yasemin Minguzzi&#039;den sosyal medyada y\u00fcrek burkan bir payla\u015f\u0131m geldi.\" width=\"1208\" height=\"680\" title=\"\" srcset=\"https:\/\/www.tgrthaber.com\/mavikadin\/wp-content\/uploads\/Yasemin-Minguzziden-sosyal-medyada-yurek-burkan-bir-paylasim-geldi-300x169.jpg 300w, https:\/\/www.tgrthaber.com\/mavikadin\/wp-content\/uploads\/Yasemin-Minguzziden-sosyal-medyada-yurek-burkan-bir-paylasim-geldi-1024x576.jpg 1024w, https:\/\/www.tgrthaber.com\/mavikadin\/wp-content\/uploads\/Yasemin-Minguzziden-sosyal-medyada-yurek-burkan-bir-paylasim-geldi-768x432.jpg 768w, https:\/\/www.tgrthaber.com\/mavikadin\/wp-content\/uploads\/Yasemin-Minguzziden-sosyal-medyada-yurek-burkan-bir-paylasim-geldi-1536x864.jpg 1536w, https:\/\/www.tgrthaber.com\/mavikadin\/wp-content\/uploads\/Yasemin-Minguzziden-sosyal-medyada-yurek-burkan-bir-paylasim-geldi.jpg 1920w\" sizes=\"(max-width: 1208px) 100vw, 1208px\" \/><\/p>\n<hr \/>\n<h3>\u201cPAND\u0130&#8217;Y\u0130 BANA MELEK O\u011eLUM YOLLADI\u201d<\/h3>\n<p>Kediler g\u00fcn\u00fcne \u00f6zel Mattia Ahmet Minguzzi\u2019nin kedisi Lili ile olan foto\u011fraflar\u0131n\u0131 payla\u015fan Yasemin Minguzzi, o\u011flunun kedisi hakk\u0131nda ya\u015fan\u0131lan \u015fa\u015f\u0131rt\u0131c\u0131 olay\u0131 da takip\u00e7ileriyle duyurdu. Yasemin Minguzzi, o\u011flunun kedisinin y\u0131llar \u00f6nce kayboldu\u011funu ve 1,5 y\u0131l sonra bulundu\u011funu s\u00f6yledi. Kedinin ona o\u011flundan bir hediye olarak d\u00fc\u015f\u00fcnd\u00fc\u011f\u00fc duygusal anlar\u0131 sosyal medya hesab\u0131ndan payla\u015ft\u0131.<\/p>\n<p>Yasemin Minguzzi, \u201c O\u011flum Ahmet&#8217;in kedisi Pandi bulundu, G\u00f6khan beye ona bir bu\u00e7uk y\u0131l bakt\u0131\u011f\u0131 i\u00e7in te\u015fekk\u00fcr ederim, G\u00f6khan beyi arad\u0131\u011f\u0131mda Pandi&#8217;nin o\u011flum Ahmet&#8217;in kedisi oldu\u011funu bilmiyordu, Pandi&#8217;yi bana melek o\u011flum yollad\u0131 bundan eminim&#8230;\u201d ya\u015fad\u0131\u011f\u0131 duygusal ac\u0131y\u0131 ve mutlulu\u011fu dile getirdi.<\/p>\n<p><img loading=\"lazy\" decoding=\"async\" class=\"alignnone wp-image-134983\" src=\"https:\/\/www.tgrthaber.com\/mavikadin\/wp-content\/uploads\/Mattia-Ahmet-Minguzzinin-kedisi-Lil-300x169.jpg\" alt=\"Mattia Ahmet Minguzzi\u2019nin kedisi Lil\" width=\"1208\" height=\"680\" title=\"\" srcset=\"https:\/\/www.tgrthaber.com\/mavikadin\/wp-content\/uploads\/Mattia-Ahmet-Minguzzinin-kedisi-Lil-300x169.jpg 300w, https:\/\/www.tgrthaber.com\/mavikadin\/wp-content\/uploads\/Mattia-Ahmet-Minguzzinin-kedisi-Lil-1024x576.jpg 1024w, https:\/\/www.tgrthaber.com\/mavikadin\/wp-content\/uploads\/Mattia-Ahmet-Minguzzinin-kedisi-Lil-768x432.jpg 768w, https:\/\/www.tgrthaber.com\/mavikadin\/wp-content\/uploads\/Mattia-Ahmet-Minguzzinin-kedisi-Lil-1536x864.jpg 1536w, https:\/\/www.tgrthaber.com\/mavikadin\/wp-content\/uploads\/Mattia-Ahmet-Minguzzinin-kedisi-Lil.jpg 1920w\" sizes=\"(max-width: 1208px) 100vw, 1208px\" \/><\/p>\n<hr \/>\n<p>&nbsp;<\/p>\n","protected":false},"excerpt":{"rendered":"<p>\u0130talyan \u015fef Andrea Minguzzi\u2019nin o\u011flu Mattia Ahmet Minguzzi Kad\u0131k\u00f6y&#8217;deki Sal\u0131 bit pazar\u0131nda u\u011frad\u0131\u011f\u0131 b\u0131\u00e7akl\u0131 sald\u0131r\u0131 sonucu hayat\u0131n\u0131 kaybetmi\u015fti.  14 ya\u015f\u0131ndaki merhum Mattia Ahmet Minguzzi annesi Yasemin Minguzzi&#8217;den y\u00fcrek burkan bir payla\u015f\u0131m geldi.<\/p>\n","protected":false},"author":10,"featured_media":134970,"comment_status":"closed","ping_status":"closed","sticky":false,"template":"","format":"standard","meta":{"rank_math_lock_modified_date":false,"footnotes":""},"categories":[76],"tags":[133,2218,10455,11198,11199],"class_list":["post-134969","post","type-post","status-publish","format-standard","has-post-thumbnail","hentry","category-magazin","tag-magazin","tag-magazin-haberleri","tag-mattia-ahmet-minguzzi","tag-mattia-ahmet-minguzzi-annesi-yasemin-minguzzi","tag-yasemin-minguzzi"],"_links":{"self":[{"href":"https:\/\/www.tgrthaber.com\/mavikadin\/wp-json\/wp\/v2\/posts\/134969"}],"collection":[{"href":"https:\/\/www.tgrthaber.com\/mavikadin\/wp-json\/wp\/v2\/posts"}],"about":[{"href":"https:\/\/www.tgrthaber.com\/mavikadin\/wp-json\/wp\/v2\/types\/post"}],"author":[{"embeddable":true,"href":"https:\/\/www.tgrthaber.com\/mavikadin\/wp-json\/wp\/v2\/users\/10"}],"replies":[{"embeddable":true,"href":"https:\/\/www.tgrthaber.com\/mavikadin\/wp-json\/wp\/v2\/comments?post=134969"}],"version-history":[{"count":2,"href":"https:\/\/www.tgrthaber.com\/mavikadin\/wp-json\/wp\/v2\/posts\/134969\/revisions"}],"predecessor-version":[{"id":134985,"href":"https:\/\/www.tgrthaber.com\/mavikadin\/wp-json\/wp\/v2\/posts\/134969\/revisions\/134985"}],"wp:featuredmedia":[{"embeddable":true,"href":"https:\/\/www.tgrthaber.com\/mavikadin\/wp-json\/wp\/v2\/media\/134970"}],"wp:attachment":[{"href":"https:\/\/www.tgrthaber.com\/mavikadin\/wp-json\/wp\/v2\/media?parent=134969"}],"wp:term":[{"taxonomy":"category","embeddable":true,"href":"https:\/\/www.tgrthaber.com\/mavikadin\/wp-json\/wp\/v2\/categories?post=134969"},{"taxonomy":"post_tag","embeddable":true,"href":"https:\/\/www.tgrthaber.com\/mavikadin\/wp-json\/wp\/v2\/tags?post=134969"}],"curies":[{"name":"wp","href":"https:\/\/api.w.org\/{rel}","templated":true}]}}