{"id":134975,"date":"2025-02-17T20:41:37","date_gmt":"2025-02-17T17:41:37","guid":{"rendered":"https:\/\/www.tgrthaber.com\/mavikadin\/?p=134975"},"modified":"2025-02-17T20:41:38","modified_gmt":"2025-02-17T17:41:38","slug":"ozcan-denizin-kardesi-ailesini-yerden-yere-vurdu-sizin-aileliginiz-yerin-dibine-batsin","status":"publish","type":"post","link":"https:\/\/www.tgrthaber.com\/mavikadin\/ozcan-denizin-kardesi-ailesini-yerden-yere-vurdu-sizin-aileliginiz-yerin-dibine-batsin\/","title":{"rendered":"\u00d6zcan Deniz&#8217;in karde\u015fi, ailesini yerden yere vurdu! &#8220;Sizin aileli\u011finiz yerin dibine bats\u0131n&#8221;"},"content":{"rendered":"<p>Bir s\u00fcredir ailesiyle ya\u015fad\u0131\u011f\u0131 problemlerle s\u0131k s\u0131k g\u00fcndeme gelen \u00fcnl\u00fc \u015fark\u0131c\u0131 ve oyuncu \u00d6zcan Deniz, kalp rahats\u0131zl\u0131\u011f\u0131 nedeniyle hastaneye kald\u0131r\u0131ld\u0131. Konu hakk\u0131nda konu\u015fan \u00d6zcan Deniz&#8217;in karde\u015fi Sibel Semerci, ailesine ate\u015f p\u00fcsk\u00fcrd\u00fc. Semerci, sosyal medya hesab\u0131 \u00fczerinden yapt\u0131\u011f\u0131 payla\u015f\u0131mda ailesine kar\u015f\u0131 &#8220;Hepiniz yarg\u0131 kar\u015f\u0131nda hesap vereceksiniz. Sizin aileli\u011finiz yerin dibine bats\u0131n&#8221; ifadelerini kulland\u0131.<\/p>\n<h3>\u00d6ZCAN DEN\u0130Z&#8217;\u0130N KARDE\u015e\u0130 S\u0130BEL SEMERC\u0130 A\u0130LES\u0130NE ATE\u015e P\u00dcSK\u00dcRD\u00dc<\/h3>\n<p>Sibel Semerci, abisi \u00d6zcan Deniz&#8217;in kalp rahats\u0131zl\u0131\u011f\u0131 nedeniyle hastaneye kald\u0131r\u0131lmas\u0131n\u0131n ard\u0131ndan sosyal medya hesab\u0131 \u00fczerinden uzunca bir a\u00e7\u0131klama yapt\u0131. Ailesine ate\u015f p\u00fcsk\u00fcren Semerci, \u00d6zcan Deniz&#8217;in ailesi y\u00fcz\u00fcnden hastanede oldu\u011funu, tart\u0131\u015fmalar nedeniyle art\u0131k kalbinin dayanmad\u0131\u011f\u0131n\u0131 iddia etti. Semerci payla\u015f\u0131m\u0131nda, &#8220;De\u011ferli abim \u00d6zcan Deniz, kendisine ya\u015fat\u0131lan haks\u0131z su\u00e7lamalar ve profesyonelce tezgahlanm\u0131\u015f iftiralar kar\u015f\u0131s\u0131nda daha fazla kalbi dayanamam\u0131\u015f ve zaten rahats\u0131z oldu\u011fu kalbinden dolay\u0131 hastaneye kald\u0131r\u0131lm\u0131\u015ft\u0131r&#8221; dedi.<\/p>\n<p><img loading=\"lazy\" decoding=\"async\" class=\"alignnone wp-image-134976\" src=\"https:\/\/www.tgrthaber.com\/mavikadin\/wp-content\/uploads\/Snapinst.app_299475003_737620753978154_178264800422277387_n_1080-240x300.jpg\" alt=\"\" width=\"1280\" height=\"1600\" title=\"\" srcset=\"https:\/\/www.tgrthaber.com\/mavikadin\/wp-content\/uploads\/Snapinst.app_299475003_737620753978154_178264800422277387_n_1080-240x300.jpg 240w, https:\/\/www.tgrthaber.com\/mavikadin\/wp-content\/uploads\/Snapinst.app_299475003_737620753978154_178264800422277387_n_1080-819x1024.jpg 819w, https:\/\/www.tgrthaber.com\/mavikadin\/wp-content\/uploads\/Snapinst.app_299475003_737620753978154_178264800422277387_n_1080-768x960.jpg 768w, https:\/\/www.tgrthaber.com\/mavikadin\/wp-content\/uploads\/Snapinst.app_299475003_737620753978154_178264800422277387_n_1080.jpg 1080w\" sizes=\"(max-width: 1280px) 100vw, 1280px\" \/><\/p>\n<hr \/>\n<p>Ailesinin, \u00d6zcan Deniz&#8217;in mal varl\u0131\u011f\u0131na konmaya \u00e7al\u0131\u015ft\u0131\u011f\u0131n\u0131 s\u00f6yleyen Semerci, &#8220;6 ya\u015f\u0131ndaki bir \u00e7ocu\u011fu babas\u0131z b\u0131rakmaya ant i\u00e7tiniz, mutlu bir evlili\u011fi bitirmeden rahat etmeyeceksiniz. 30 y\u0131ll\u0131k eme\u011fi olan mal varl\u0131\u011f\u0131n\u0131 elinden almadan durmayacaks\u0131n\u0131z. Ama \u015funu bilin ki, abime bir \u015fey olursa verece\u011finiz hesab\u0131n\u0131z \u00e7ok b\u00fcy\u00fck olacak. Yaz\u0131klar olsun&#8221; ifadelerini kulland\u0131.<\/p>\n<h3>&#8220;S\u0130Z\u0130N A\u0130LEL\u0130\u011e\u0130N\u0130Z YER\u0130N D\u0130B\u0130NE BATSIN&#8221;<\/h3>\n<p>Sibel Semerci abisi \u00d6zcan Deniz&#8217;in bask\u0131 alt\u0131nda oldu\u011funu ve ailesinin mal varl\u0131\u011f\u0131n\u0131 ele ge\u00e7irmeye \u00e7al\u0131\u015ft\u0131klar\u0131n\u0131 iddia etti. Semerci, ailesinin \u00d6zcan Deniz&#8217;i \u00f6ld\u00fcrmeye \u00e7al\u0131\u015ft\u0131\u011f\u0131n\u0131 ve 6 ya\u015f\u0131ndaki ye\u011fenini babas\u0131z b\u0131rakmadan durmayacaklar\u0131n\u0131 s\u00f6yledi.<\/p>\n<p><img loading=\"lazy\" decoding=\"async\" class=\"alignnone wp-image-134978\" src=\"https:\/\/www.tgrthaber.com\/mavikadin\/wp-content\/uploads\/ozcan-deniz-300x169.webp\" alt=\"\" width=\"1280\" height=\"720\" title=\"\" srcset=\"https:\/\/www.tgrthaber.com\/mavikadin\/wp-content\/uploads\/ozcan-deniz-300x169.webp 300w, https:\/\/www.tgrthaber.com\/mavikadin\/wp-content\/uploads\/ozcan-deniz-1024x576.webp 1024w, https:\/\/www.tgrthaber.com\/mavikadin\/wp-content\/uploads\/ozcan-deniz-768x432.webp 768w, https:\/\/www.tgrthaber.com\/mavikadin\/wp-content\/uploads\/ozcan-deniz.webp 1280w\" sizes=\"(max-width: 1280px) 100vw, 1280px\" \/><\/p>\n<hr \/>\n<p>&#8220;\u00d6ls\u00fcn de t\u00fcm mal varl\u0131\u011f\u0131 hi\u00e7 m\u00fccadele etmeden size kals\u0131n diye dua edenleriniz a\u00e7s\u0131n kula\u011f\u0131n\u0131 dinlesin. Rabbim 6 ya\u015f\u0131ndaki k\u00fc\u00e7\u00fcc\u00fck bir \u00e7ocu\u011fun r\u0131zk\u0131n\u0131 sizin gibi k\u00f6t\u00fclere nasip etmesin&#8221; diyen Sibel Semerci a\u00e7\u0131klamas\u0131n\u0131n devam\u0131nda, &#8220;Para i\u00e7in yapamayaca\u011f\u0131n\u0131z \u00e7irkinlik yok sizin, tek gelir kayna\u011f\u0131n\u0131z ellerinizin aras\u0131ndan u\u00e7up gitti diye \u015fuurunuzu yitirdiniz. Ama hen\u00fcz bitmedi hepiniz yarg\u0131 kar\u015f\u0131nda da hesap vereceksiniz. Sizin aileli\u011finiz yerin dibine bats\u0131n&#8221; ifadelerini kulland\u0131.<\/p>\n","protected":false},"excerpt":{"rendered":"<p>\u00dcnl\u00fc oyuncu ve \u015fark\u0131c\u0131 \u00d6zcan Deniz, son d\u00f6nemlerde ailesiyle ya\u015fad\u0131\u011f\u0131 sorunlar nedeniyle s\u0131k s\u0131k g\u00fcndeme geliyordu. Kalp hastal\u0131\u011f\u0131 nedeniyle hastaneye kald\u0131r\u0131lan \u00d6zcan Deniz&#8217;in karde\u015fi Sibel Semerci, ailesini yerden yere vurdu. Semerci, &#8220;Para i\u00e7in yapamayaca\u011f\u0131n\u0131z \u00e7irkinlik yok sizin, tek gelir kayna\u011f\u0131n\u0131z ellerinizin aras\u0131ndan u\u00e7up gitti diye \u015fuurunuzu yitirdiniz. Ama hen\u00fcz bitmedi hepiniz yarg\u0131 kar\u015f\u0131nda da hesap vereceksiniz. Sizin aileli\u011finiz yerin dibine bats\u0131n&#8221; ifadelerini kulland\u0131. <\/p>\n","protected":false},"author":33,"featured_media":134980,"comment_status":"closed","ping_status":"closed","sticky":false,"template":"","format":"standard","meta":{"rank_math_lock_modified_date":false,"footnotes":""},"categories":[76],"tags":[11196,11197,11195],"class_list":["post-134975","post","type-post","status-publish","format-standard","has-post-thumbnail","hentry","category-magazin","tag-ozcan-deniz-kardesi","tag-ozcan-deniz-neden-hastanede","tag-sibel-semerci"],"_links":{"self":[{"href":"https:\/\/www.tgrthaber.com\/mavikadin\/wp-json\/wp\/v2\/posts\/134975"}],"collection":[{"href":"https:\/\/www.tgrthaber.com\/mavikadin\/wp-json\/wp\/v2\/posts"}],"about":[{"href":"https:\/\/www.tgrthaber.com\/mavikadin\/wp-json\/wp\/v2\/types\/post"}],"author":[{"embeddable":true,"href":"https:\/\/www.tgrthaber.com\/mavikadin\/wp-json\/wp\/v2\/users\/33"}],"replies":[{"embeddable":true,"href":"https:\/\/www.tgrthaber.com\/mavikadin\/wp-json\/wp\/v2\/comments?post=134975"}],"version-history":[{"count":1,"href":"https:\/\/www.tgrthaber.com\/mavikadin\/wp-json\/wp\/v2\/posts\/134975\/revisions"}],"predecessor-version":[{"id":134982,"href":"https:\/\/www.tgrthaber.com\/mavikadin\/wp-json\/wp\/v2\/posts\/134975\/revisions\/134982"}],"wp:featuredmedia":[{"embeddable":true,"href":"https:\/\/www.tgrthaber.com\/mavikadin\/wp-json\/wp\/v2\/media\/134980"}],"wp:attachment":[{"href":"https:\/\/www.tgrthaber.com\/mavikadin\/wp-json\/wp\/v2\/media?parent=134975"}],"wp:term":[{"taxonomy":"category","embeddable":true,"href":"https:\/\/www.tgrthaber.com\/mavikadin\/wp-json\/wp\/v2\/categories?post=134975"},{"taxonomy":"post_tag","embeddable":true,"href":"https:\/\/www.tgrthaber.com\/mavikadin\/wp-json\/wp\/v2\/tags?post=134975"}],"curies":[{"name":"wp","href":"https:\/\/api.w.org\/{rel}","templated":true}]}}