{"id":134995,"date":"2025-02-17T21:51:44","date_gmt":"2025-02-17T18:51:44","guid":{"rendered":"https:\/\/www.tgrthaber.com\/mavikadin\/?p=134995"},"modified":"2025-02-17T21:51:44","modified_gmt":"2025-02-17T18:51:44","slug":"furkan-andic-aybuke-pusat-hakkindaki-sorulari-yanitsiz-birakti","status":"publish","type":"post","link":"https:\/\/www.tgrthaber.com\/mavikadin\/furkan-andic-aybuke-pusat-hakkindaki-sorulari-yanitsiz-birakti\/","title":{"rendered":"Furkan And\u0131\u00e7 Ayb\u00fcke Pusat hakk\u0131ndaki sorular\u0131 yan\u0131ts\u0131z b\u0131rakt\u0131!"},"content":{"rendered":"<p>Ayb\u00fcke Pusat ve Furkan And\u0131\u00e7, 4,5 y\u0131l s\u00fcren birlikteliklerinde magazin d\u00fcnyas\u0131nda ayr\u0131l\u0131k ve ihanet haberleriyle g\u00fcndeme gelmi\u015flerdi. \u0130kilinin aras\u0131nda ya\u015fanan krizlerden dolay\u0131 herkes \u00fcnl\u00fc \u00e7iftin ayr\u0131ld\u0131\u011f\u0131na dair iddialardan bulunuyordu. 2024 May\u0131s ay\u0131nda bar\u0131\u015ft\u0131klar\u0131 bilinen Ayb\u00fcke Pusat ve Furkan And\u0131\u00e7, 14 \u015eubat Sevgililer G\u00fcn\u00fc&#8217;nde birlikte deniz kenar\u0131nda verdikleri pozlarla sosyal medyadan bir arada olduklar\u0131n\u0131 duyurdular.<\/p>\n<h3>\u00c7\u0130FTEN ROMANT\u0130K POZLAR<\/h3>\n<p>Ayb\u00fcke Pusat ve Furkan And\u0131\u00e7, haklar\u0131nda \u00e7\u0131kan ayr\u0131l\u0131k haberlerini ortadan kald\u0131racak bir payla\u015f\u0131m yapt\u0131lar. \u00dcnl\u00fc \u00e7ift, deniz kenar\u0131nda mutlu olduklar\u0131 anlar\u0131n foto\u011fraflar\u0131n\u0131 \u00e7ekerek 14 \u015eubat Sevgililer G\u00fcn\u00fc\u2019nde Aybuke Pusat sosyal medyas\u0131ndan payla\u015f\u0131m yapt\u0131. Foto\u011fraf\u0131n payla\u015f\u0131lmas\u0131 ard\u0131ndan \u00e7ift, haklar\u0131nda \u00e7\u0131kan ayr\u0131l\u0131k haberlerini yalanlad\u0131lar. \u00dcnl\u00fc \u00e7iftin mutlu anlar\u0131 sosyal medyadaki takip\u00e7ilerinden b\u00fcy\u00fck be\u011feni toplad\u0131.<\/p>\n<p><img loading=\"lazy\" decoding=\"async\" class=\"alignnone wp-image-134996\" src=\"https:\/\/www.tgrthaber.com\/mavikadin\/wp-content\/uploads\/aybule-pusat-ve-furkan-andic-aski-300x169.jpg\" alt=\"ayb\u00fcle pusat ve furkan and\u0131\u00e7 a\u015fk\u0131\" width=\"1208\" height=\"680\" title=\"\" srcset=\"https:\/\/www.tgrthaber.com\/mavikadin\/wp-content\/uploads\/aybule-pusat-ve-furkan-andic-aski-300x169.jpg 300w, https:\/\/www.tgrthaber.com\/mavikadin\/wp-content\/uploads\/aybule-pusat-ve-furkan-andic-aski-1024x576.jpg 1024w, https:\/\/www.tgrthaber.com\/mavikadin\/wp-content\/uploads\/aybule-pusat-ve-furkan-andic-aski-768x432.jpg 768w, https:\/\/www.tgrthaber.com\/mavikadin\/wp-content\/uploads\/aybule-pusat-ve-furkan-andic-aski-1536x864.jpg 1536w, https:\/\/www.tgrthaber.com\/mavikadin\/wp-content\/uploads\/aybule-pusat-ve-furkan-andic-aski.jpg 1920w\" sizes=\"(max-width: 1208px) 100vw, 1208px\" \/><\/p>\n<hr \/>\n<h3>\u201cZATEN G\u00d6STERD\u0130K\u201d<\/h3>\n<p>Havaalan\u0131nda gazetecilere yakalanan Furkan And\u0131n\u00e7, muhabirlerin Ayb\u00fcke Pusat ile olan birlikteli\u011fi hakk\u0131nda y\u00f6netilen sorular\u0131 yan\u0131ts\u0131z b\u0131rakmay\u0131 tercih etti. Muhabirlerin \u201c Konu hakk\u0131nda bir \u015fey s\u00f6ylemek ister misiniz?\u201d sorusuna kar\u015f\u0131l\u0131k And\u0131n\u00e7, \u201c S\u00f6yleyecek bir \u015fey yok. Zaten g\u00f6sterdik. Ne s\u00f6yleyelim. \u201d diyerek cevaplad\u0131.<\/p>\n<p>Uzun s\u00fcredir ayr\u0131 oldu\u011fu d\u00fc\u015f\u00fcn\u00fclen Ayb\u00fcke Pusat ve Furkan And\u0131n\u00e7 \u00e7iftinin ne zaman bar\u0131\u015ft\u0131\u011f\u0131na dair \u00fcnl\u00fc oyuncu Furkan And\u0131n\u00e7\u2019a soru y\u00f6neltilince \u201c Dostum bunlar\u0131 konu\u015fmak i\u00e7in \u00e7ok yoruldum biliyor musun ger\u00e7ekten? Yorucu bir g\u00fcn ge\u00e7ti. Yol da yorucuydu. O y\u00fczden ba\u015fka bir zaman konu\u015fal\u0131m tamam.\u201d S\u00f6zleriyle ili\u015fkisine dair sorular\u0131n hepsini yan\u0131ts\u0131z b\u0131rakt\u0131. And\u0131n\u00e7, gazetecilerin ge\u00e7mi\u015f 14 \u015eubat\u0131n\u0131 kutlayarak g\u00f6zlerden kayboldu.<\/p>\n","protected":false},"excerpt":{"rendered":"<p>Her Yerde Sen adl\u0131 dizide birlikte oynayan Furkan And\u0131\u00e7 ve Ayb\u00fcke Pusat&#8217;\u0131n ayr\u0131ld\u0131klar\u0131na dair iddia vard\u0131. \u00c7ift, ayr\u0131l\u0131k haberlerini yalanlayarak Sevgililer G\u00fcn\u00fc&#8217;nde a\u015fklar\u0131n\u0131n son h\u0131zla devam etti\u011fini g\u00f6steren foto\u011frafla ayr\u0131lmad\u0131klar\u0131n\u0131 vurgulad\u0131. <\/p>\n","protected":false},"author":10,"featured_media":135011,"comment_status":"closed","ping_status":"closed","sticky":false,"template":"","format":"standard","meta":{"rank_math_lock_modified_date":false,"footnotes":""},"categories":[76],"tags":[2806,11203,11204,133,2218],"class_list":["post-134995","post","type-post","status-publish","format-standard","has-post-thumbnail","hentry","category-magazin","tag-aybuke-pusat","tag-aybuke-pusat-ve-furkan-ardinc-iliskisi","tag-furkan-ardinc","tag-magazin","tag-magazin-haberleri"],"_links":{"self":[{"href":"https:\/\/www.tgrthaber.com\/mavikadin\/wp-json\/wp\/v2\/posts\/134995"}],"collection":[{"href":"https:\/\/www.tgrthaber.com\/mavikadin\/wp-json\/wp\/v2\/posts"}],"about":[{"href":"https:\/\/www.tgrthaber.com\/mavikadin\/wp-json\/wp\/v2\/types\/post"}],"author":[{"embeddable":true,"href":"https:\/\/www.tgrthaber.com\/mavikadin\/wp-json\/wp\/v2\/users\/10"}],"replies":[{"embeddable":true,"href":"https:\/\/www.tgrthaber.com\/mavikadin\/wp-json\/wp\/v2\/comments?post=134995"}],"version-history":[{"count":1,"href":"https:\/\/www.tgrthaber.com\/mavikadin\/wp-json\/wp\/v2\/posts\/134995\/revisions"}],"predecessor-version":[{"id":135016,"href":"https:\/\/www.tgrthaber.com\/mavikadin\/wp-json\/wp\/v2\/posts\/134995\/revisions\/135016"}],"wp:featuredmedia":[{"embeddable":true,"href":"https:\/\/www.tgrthaber.com\/mavikadin\/wp-json\/wp\/v2\/media\/135011"}],"wp:attachment":[{"href":"https:\/\/www.tgrthaber.com\/mavikadin\/wp-json\/wp\/v2\/media?parent=134995"}],"wp:term":[{"taxonomy":"category","embeddable":true,"href":"https:\/\/www.tgrthaber.com\/mavikadin\/wp-json\/wp\/v2\/categories?post=134995"},{"taxonomy":"post_tag","embeddable":true,"href":"https:\/\/www.tgrthaber.com\/mavikadin\/wp-json\/wp\/v2\/tags?post=134995"}],"curies":[{"name":"wp","href":"https:\/\/api.w.org\/{rel}","templated":true}]}}