{"id":135019,"date":"2025-02-17T22:25:25","date_gmt":"2025-02-17T19:25:25","guid":{"rendered":"https:\/\/www.tgrthaber.com\/mavikadin\/?p=135019"},"modified":"2025-02-17T22:34:12","modified_gmt":"2025-02-17T19:34:12","slug":"ibrahim-tatlises-asistani-tugce-korkmazi-ove-ove-bitiremedi-dini-nikah-kiydilar-denmisti","status":"publish","type":"post","link":"https:\/\/www.tgrthaber.com\/mavikadin\/ibrahim-tatlises-asistani-tugce-korkmazi-ove-ove-bitiremedi-dini-nikah-kiydilar-denmisti\/","title":{"rendered":"\u0130brahim Tatl\u0131ses asistan\u0131 Tu\u011f\u00e7e Korkmaz&#8217;\u0131 \u00f6ve \u00f6ve bitiremedi! &#8216;Dini nikah k\u0131yd\u0131lar&#8217; denmi\u015fti!"},"content":{"rendered":"<p class=\"p1\">T\u00fcrk m\u00fczi\u011finin usta isimlerinden \u0130brahim Tatl\u0131ses, son g\u00fcnlerde asistan\u0131 Tu\u011f\u00e7e Korkmaz ile dini nikah k\u0131yd\u0131\u011f\u0131 y\u00f6n\u00fcndeki iddialarla g\u00fcndeme geldi. Magazin d\u00fcnyas\u0131nda b\u00fcy\u00fck yank\u0131 uyand\u0131ran bu s\u00f6ylentiler, k\u0131sa s\u00fcrede sosyal medyada da geni\u015f yank\u0131 buldu. \u0130ddialar\u0131n ard\u0131ndan a\u00e7\u0131klama yapan \u0130brahim Tatl\u0131ses, \u201cTu\u011f\u00e7e Han\u0131m benim yard\u0131mc\u0131m, elim aya\u011f\u0131m\u201d diyerek \u00e7\u0131kan haberleri reddetti. \u00dcnl\u00fc sanat\u00e7\u0131, Havaliman\u0131 \u00e7\u0131k\u0131\u015f\u0131 muhabirlerin sorular\u0131n\u0131 yan\u0131tlayarak, asistan\u0131 Tu\u011f\u00e7e Korkmaz\u2019\u0131n kendisi i\u00e7in b\u00fcy\u00fck bir destek oldu\u011funu vurgulad\u0131 ve \u00f6vg\u00fc dolu s\u00f6zlerle gen\u00e7 asistan\u0131ndan bahsetti.<\/p>\n<h3>\u0130BRAH\u0130M TATLISES AS\u0130STANI TU\u011e\u00c7E KORKMAZ&#8217;I \u00d6VE \u00d6VE B\u0130T\u0130REMED\u0130<\/h3>\n<p class=\"p1\">T\u00fcrk m\u00fczi\u011finin efsane isimlerinden \u0130brahim Tatl\u0131ses, son g\u00fcnlerde asistan\u0131 Tu\u011f\u00e7e Korkmaz ile dini nikah k\u0131yd\u0131\u011f\u0131 y\u00f6n\u00fcndeki iddialarla magazin g\u00fcndemine oturdu. K\u0131sa s\u00fcrede b\u00fcy\u00fck yank\u0131 uyand\u0131ran bu s\u00f6ylentiler, sosyal medyada da geni\u015f \u00e7apta konu\u015fulmaya ba\u015fland\u0131.<\/p>\n<p><img loading=\"lazy\" decoding=\"async\" class=\"alignnone wp-image-135032 size-full\" src=\"https:\/\/www.tgrthaber.com\/mavikadin\/wp-content\/uploads\/Ekran-Resmi-2025-02-16-10.12.26.png\" alt=\"\" width=\"994\" height=\"572\" title=\"\" srcset=\"https:\/\/www.tgrthaber.com\/mavikadin\/wp-content\/uploads\/Ekran-Resmi-2025-02-16-10.12.26.png 994w, https:\/\/www.tgrthaber.com\/mavikadin\/wp-content\/uploads\/Ekran-Resmi-2025-02-16-10.12.26-300x173.png 300w, https:\/\/www.tgrthaber.com\/mavikadin\/wp-content\/uploads\/Ekran-Resmi-2025-02-16-10.12.26-768x442.png 768w\" sizes=\"(max-width: 994px) 100vw, 994px\" \/><\/p>\n<hr \/>\n<h3 class=\"p1\">\u0130BRAH\u0130M TATLISES \u0130DD\u0130ALARI KES\u0130N B\u0130R D\u0130LLE YALANLADI<\/h3>\n<p class=\"p1\">Konuyla ilgili \u0130stanbul Havaliman\u0131&#8217;nda muhabirlerin sorular\u0131n\u0131 yan\u0131tlayan \u0130brahim Tatl\u0131ses, Tu\u011f\u00e7e Korkmaz ile dini nikah k\u0131yd\u0131\u011f\u0131 iddialar\u0131n\u0131 kesin bir dille reddetti. \u00dcnl\u00fc sanat\u00e7\u0131, \u201cBenim nikahl\u0131 kar\u0131m de\u011fil, bunu her zaman s\u00f6yl\u00fcyorum\u201d ifadelerini kullanarak \u00e7\u0131kan haberlerin ger\u00e7e\u011fi yans\u0131tmad\u0131\u011f\u0131n\u0131 belirtti. Tatl\u0131ses, asistan\u0131 Tu\u011f\u00e7e Korkmaz\u2019a duydu\u011fu g\u00fcveni ve memnuniyeti dile getirerek ondan \u00f6vg\u00fcyle bahsetti.\u00a0 \u201cAdam gibi bak\u0131yor bana, adam adam\u201d s\u00f6zleriyle dikkat \u00e7eken Tatl\u0131ses, asistan\u0131n\u0131n kendisi i\u00e7in ne kadar \u00f6nemli oldu\u011funu bir kez daha dile getirdi.<\/p>\n<div style=\"width: 640px;\" class=\"wp-video\"><!--[if lt IE 9]><script>document.createElement('video');<\/script><![endif]-->\n<video class=\"wp-video-shortcode\" id=\"video-135019-1\" width=\"640\" height=\"1138\" preload=\"metadata\" controls=\"controls\"><source type=\"video\/mp4\" src=\"https:\/\/www.tgrthaber.com\/mavikadin\/wp-content\/uploads\/ib.mp4?_=1\" \/><a href=\"https:\/\/www.tgrthaber.com\/mavikadin\/wp-content\/uploads\/ib.mp4\">https:\/\/www.tgrthaber.com\/mavikadin\/wp-content\/uploads\/ib.mp4<\/a><\/video><\/div>\n<h3>TU\u011e\u00c7E KORKMAZ K\u0130MD\u0130R?<\/h3>\n<p class=\"p1\">Uzun y\u0131llard\u0131r \u0130brahim Tatl\u0131ses\u2019in en g\u00fcvendi\u011fi isimlerden biri olarak bilinen Tu\u011f\u00e7e Korkmaz, \u00fcnl\u00fc sanat\u00e7\u0131n\u0131n i\u015f hayat\u0131ndaki \u00f6nemli organizasyonlar\u0131n\u0131 y\u00fcr\u00fct\u00fcyor. Tatl\u0131ses\u2019in programlar\u0131n\u0131 d\u00fczenleyen ve sahne arkas\u0131nda ona e\u015flik eden Korkmaz, profesyonelli\u011fi ve i\u015f disipliniyle dikkat \u00e7ekiyor. \u00d6zel hayat\u0131 hakk\u0131nda fazla bilgi payla\u015f\u0131lmayan Korkmaz, \u00e7al\u0131\u015fkanl\u0131\u011f\u0131 ve sahne arkas\u0131ndaki koordinasyon becerisiyle \u00f6ne \u00e7\u0131k\u0131yor. Kamuoyunda hakk\u0131nda merak edilen detaylar ise netle\u015ftik\u00e7e haberimize eklenecektir.<\/p>\n","protected":false},"excerpt":{"rendered":"<p>T\u00fcrk m\u00fczi\u011finin efsanevi isimlerinden \u0130brahim Tatl\u0131ses, son g\u00fcnlerde asistan\u0131 Tu\u011f\u00e7e Korkmaz ile dini nikah k\u0131yd\u0131\u011f\u0131 iddialar\u0131yla g\u00fcndeme geldi. Magazin camias\u0131nda yank\u0131 uyand\u0131ran bu s\u00f6ylentilere Tatl\u0131ses\u2019ten net bir yan\u0131t geldi. \u00dcnl\u00fc sanat\u00e7\u0131, &#8216;Dini nikahl\u0131 kar\u0131m de\u011fil, bana adam gibi bak\u0131yor&#8217; diyerek \u00e7\u0131kan haberlere cevap verdi. <\/p>\n","protected":false},"author":16,"featured_media":135031,"comment_status":"closed","ping_status":"closed","sticky":false,"template":"","format":"standard","meta":{"rank_math_lock_modified_date":false,"footnotes":""},"categories":[76],"tags":[11055,11207,11206],"class_list":["post-135019","post","type-post","status-publish","format-standard","has-post-thumbnail","hentry","category-magazin","tag-ibrahim-tatlises-tugce-korkmaz","tag-ibrahim-tatlises-tugce-korkmaz-aciklama","tag-ibrahim-tatlises-tugce-korkmaz-dini-nikah"],"_links":{"self":[{"href":"https:\/\/www.tgrthaber.com\/mavikadin\/wp-json\/wp\/v2\/posts\/135019"}],"collection":[{"href":"https:\/\/www.tgrthaber.com\/mavikadin\/wp-json\/wp\/v2\/posts"}],"about":[{"href":"https:\/\/www.tgrthaber.com\/mavikadin\/wp-json\/wp\/v2\/types\/post"}],"author":[{"embeddable":true,"href":"https:\/\/www.tgrthaber.com\/mavikadin\/wp-json\/wp\/v2\/users\/16"}],"replies":[{"embeddable":true,"href":"https:\/\/www.tgrthaber.com\/mavikadin\/wp-json\/wp\/v2\/comments?post=135019"}],"version-history":[{"count":4,"href":"https:\/\/www.tgrthaber.com\/mavikadin\/wp-json\/wp\/v2\/posts\/135019\/revisions"}],"predecessor-version":[{"id":135036,"href":"https:\/\/www.tgrthaber.com\/mavikadin\/wp-json\/wp\/v2\/posts\/135019\/revisions\/135036"}],"wp:featuredmedia":[{"embeddable":true,"href":"https:\/\/www.tgrthaber.com\/mavikadin\/wp-json\/wp\/v2\/media\/135031"}],"wp:attachment":[{"href":"https:\/\/www.tgrthaber.com\/mavikadin\/wp-json\/wp\/v2\/media?parent=135019"}],"wp:term":[{"taxonomy":"category","embeddable":true,"href":"https:\/\/www.tgrthaber.com\/mavikadin\/wp-json\/wp\/v2\/categories?post=135019"},{"taxonomy":"post_tag","embeddable":true,"href":"https:\/\/www.tgrthaber.com\/mavikadin\/wp-json\/wp\/v2\/tags?post=135019"}],"curies":[{"name":"wp","href":"https:\/\/api.w.org\/{rel}","templated":true}]}}