{"id":135053,"date":"2025-02-17T23:31:37","date_gmt":"2025-02-17T20:31:37","guid":{"rendered":"https:\/\/www.tgrthaber.com\/mavikadin\/?p=135053"},"modified":"2025-02-17T23:31:37","modified_gmt":"2025-02-17T20:31:37","slug":"film-yolculugu-kabusa-dondu-ucaga-yildirim-carpti-devrim-ozkan-ve-bige-onal-buyuk-panik-yasadi","status":"publish","type":"post","link":"https:\/\/www.tgrthaber.com\/mavikadin\/film-yolculugu-kabusa-dondu-ucaga-yildirim-carpti-devrim-ozkan-ve-bige-onal-buyuk-panik-yasadi\/","title":{"rendered":"Film yolculu\u011fu kabusa d\u00f6nd\u00fc! U\u00e7a\u011fa y\u0131ld\u0131r\u0131m \u00e7arpt\u0131! Devrim \u00d6zkan ve Bige \u00d6nal b\u00fcy\u00fck panik ya\u015fad\u0131!"},"content":{"rendered":"<p class=\"p1\">Ba\u015frollerini Devrim \u00d6zkan ve Bige \u00d6nal\u2019\u0131n payla\u015ft\u0131\u011f\u0131 \u201cHer \u015eey Yolunda\u201d filminin \u00e7ekimleri i\u00e7in Bodrum\u2019a gitmek \u00fczere havalanan u\u00e7ak, kalk\u0131\u015f sonras\u0131 beklenmedik bir olay ya\u015fad\u0131. \u0130stanbul Sabiha G\u00f6k\u00e7en Havaliman\u0131\u2019ndan hareket eden TC-CRG tescilli Boeing 737 tipi u\u00e7a\u011fa, havada y\u0131ld\u0131r\u0131m \u00e7arpt\u0131.<\/p>\n<h3 class=\"p1\">U\u00c7A\u011eA YILDIRIM \u00c7ARPTI! DEVR\u0130M \u00d6ZKAN VE B\u0130GE \u00d6NAL G\u00d6ZYA\u015eLARINI TUTAMADI<\/h3>\n<p class=\"p1\">Sabiha G\u00f6k\u00e7en &#8211; Bodrum seferini yapan u\u00e7a\u011f\u0131n kalk\u0131\u015f\u0131ndan k\u0131sa bir s\u00fcre sonra y\u0131ld\u0131r\u0131m \u00e7arpmas\u0131, u\u00e7akta bulunan yolcular aras\u0131nda b\u00fcy\u00fck pani\u011fe neden oldu. Devrim \u00d6zkan ve Bige \u00d6nal, olay s\u0131ras\u0131nda olduk\u00e7a korktu ve b\u00fcy\u00fck bir stres ya\u015fad\u0131. \u0130ki oyuncunun, ya\u015fanan korku dolu anlar kar\u015f\u0131s\u0131nda g\u00f6zya\u015flar\u0131n\u0131 tutamad\u0131\u011f\u0131 \u00f6\u011frenildi.<\/p>\n<p><img loading=\"lazy\" decoding=\"async\" class=\"alignnone wp-image-135066 size-full\" src=\"https:\/\/www.tgrthaber.com\/mavikadin\/wp-content\/uploads\/Ekran-Resmi-2025-02-17-23.19.54-1.png\" alt=\"\" width=\"998\" height=\"540\" title=\"\" srcset=\"https:\/\/www.tgrthaber.com\/mavikadin\/wp-content\/uploads\/Ekran-Resmi-2025-02-17-23.19.54-1.png 998w, https:\/\/www.tgrthaber.com\/mavikadin\/wp-content\/uploads\/Ekran-Resmi-2025-02-17-23.19.54-1-300x162.png 300w, https:\/\/www.tgrthaber.com\/mavikadin\/wp-content\/uploads\/Ekran-Resmi-2025-02-17-23.19.54-1-768x416.png 768w\" sizes=\"(max-width: 998px) 100vw, 998px\" \/><\/p>\n<hr \/>\n<p>&nbsp;<\/p>\n<h3 class=\"p1\">U\u00c7AK G\u00dcVENL\u0130 \u015eEK\u0130LDE GER\u0130 D\u00d6ND\u00dc<\/h3>\n<p class=\"p1\">Pilotlar\u0131n h\u0131zl\u0131 m\u00fcdahalesiyle u\u00e7ak g\u00fcvenli bir \u015fekilde Sabiha G\u00f6k\u00e7en Havaliman\u0131\u2019na geri d\u00f6nd\u00fc. Olay\u0131n ard\u0131ndan Devrim \u00d6zkan ve Bige \u00d6nal rahat bir nefes ald\u0131. Ya\u015fanan bu geli\u015fme nedeniyle filmin \u00e7ekimlerine iki g\u00fcn ara verildi.<\/p>\n<h3 class=\"p1\">&#8221;HER \u015eEY YOLUNDA&#8221; F\u0130LM\u0130 TAMAMLANDI<\/h3>\n<p class=\"p1\">\u00d6te yandan, 2518 Film Production ve Plaza Yap\u0131m taraf\u0131ndan haz\u0131rlanan, Ahmet Kapucu ve Halil \u0130brahim \u00dcnal\u2019\u0131n y\u00f6netmenli\u011fini \u00fcstlendi\u011fi \u201cHer \u015eey Yolunda\u201d filminin \u00e7ekimleri tamamland\u0131. Ya\u015fanan talihsiz olaya ra\u011fmen oyuncular\u0131n h\u0131zla toparlanarak projeye kald\u0131klar\u0131 yerden devam ettikleri \u00f6\u011frenildi.<\/p>\n<p><img loading=\"lazy\" decoding=\"async\" class=\"alignnone wp-image-135067 size-full\" src=\"https:\/\/www.tgrthaber.com\/mavikadin\/wp-content\/uploads\/Ekran-Resmi-2025-02-17-23.21.59.png\" alt=\"\" width=\"974\" height=\"904\" title=\"\" srcset=\"https:\/\/www.tgrthaber.com\/mavikadin\/wp-content\/uploads\/Ekran-Resmi-2025-02-17-23.21.59.png 974w, https:\/\/www.tgrthaber.com\/mavikadin\/wp-content\/uploads\/Ekran-Resmi-2025-02-17-23.21.59-300x278.png 300w, https:\/\/www.tgrthaber.com\/mavikadin\/wp-content\/uploads\/Ekran-Resmi-2025-02-17-23.21.59-768x713.png 768w\" sizes=\"(max-width: 974px) 100vw, 974px\" \/><\/p>\n<hr \/>\n<h3>DEVR\u0130M \u00d6ZKAN K\u0130MD\u0130R?<\/h3>\n<p class=\"p1\">Gen\u00e7 ve yetenekli oyuncu Devrim \u00d6zkan, profesyonel kariyerine 2017 y\u0131l\u0131nda ad\u0131m att\u0131. 26 ya\u015f\u0131ndaki oyuncu, televizyon d\u00fcnyas\u0131na ilk olarak \u201cR\u00fcya\u201d adl\u0131 diziyle giri\u015f yapt\u0131. Bu projedeki performans\u0131yla dikkatleri \u00fczerine \u00e7eken \u00d6zkan, k\u0131sa s\u00fcrede izleyicilerden olumlu geri d\u00f6n\u00fc\u015fler ald\u0131.<\/p>\n<p><img loading=\"lazy\" decoding=\"async\" class=\"alignnone wp-image-135068 size-full\" src=\"https:\/\/www.tgrthaber.com\/mavikadin\/wp-content\/uploads\/Ekran-Resmi-2025-02-17-23.22.59.png\" alt=\"\" width=\"946\" height=\"520\" title=\"\" srcset=\"https:\/\/www.tgrthaber.com\/mavikadin\/wp-content\/uploads\/Ekran-Resmi-2025-02-17-23.22.59.png 946w, https:\/\/www.tgrthaber.com\/mavikadin\/wp-content\/uploads\/Ekran-Resmi-2025-02-17-23.22.59-300x165.png 300w, https:\/\/www.tgrthaber.com\/mavikadin\/wp-content\/uploads\/Ekran-Resmi-2025-02-17-23.22.59-768x422.png 768w\" sizes=\"(max-width: 946px) 100vw, 946px\" \/><\/p>\n<hr \/>\n<p class=\"p1\">Oyunculuk kariyerinde y\u00fckseli\u015fini s\u00fcrd\u00fcren Devrim \u00d6zkan, daha sonra Kanal D\u2019nin sevilen yap\u0131mlar\u0131ndan \u201cVatan\u0131m Sensin\u201d dizisinde rol ald\u0131. Burada sergiledi\u011fi ba\u015far\u0131l\u0131 performans, onun oyunculuk yetene\u011fini daha geni\u015f kitlelere ula\u015ft\u0131rmas\u0131n\u0131 sa\u011flad\u0131. Duygusal sahnelerdeki ba\u015far\u0131s\u0131 ve do\u011fal oyunculuk tarz\u0131, izleyiciler taraf\u0131ndan b\u00fcy\u00fck be\u011feni toplad\u0131. Ba\u015far\u0131yla ilerleyen kariyerinde farkl\u0131 projelerde yer almaya devam eden Devrim \u00d6zkan, k\u0131sa s\u00fcrede televizyon d\u00fcnyas\u0131n\u0131n aranan y\u00fczlerinden biri haline geldi.<\/p>\n<p><img loading=\"lazy\" decoding=\"async\" class=\"alignnone wp-image-135069 size-full\" src=\"https:\/\/www.tgrthaber.com\/mavikadin\/wp-content\/uploads\/Ekran-Resmi-2025-02-17-23.25.19.png\" alt=\"\" width=\"946\" height=\"540\" title=\"\" srcset=\"https:\/\/www.tgrthaber.com\/mavikadin\/wp-content\/uploads\/Ekran-Resmi-2025-02-17-23.25.19.png 946w, https:\/\/www.tgrthaber.com\/mavikadin\/wp-content\/uploads\/Ekran-Resmi-2025-02-17-23.25.19-300x171.png 300w, https:\/\/www.tgrthaber.com\/mavikadin\/wp-content\/uploads\/Ekran-Resmi-2025-02-17-23.25.19-768x438.png 768w\" sizes=\"(max-width: 946px) 100vw, 946px\" \/><\/p>\n<hr \/>\n<h3>B\u0130GE \u00d6NAL K\u0130MD\u0130R?<\/h3>\n<p class=\"p1\">1 \u015eubat 1990 do\u011fumlu olan Bige \u00d6nal, \u0130stanbul\u2019da d\u00fcnyaya geldi. Babas\u0131 Galatasaray\u2019\u0131n eski futbolcular\u0131ndan Erhan \u00d6nal, annesi ise \u00fcnl\u00fc manken Mine Baysan\u2019d\u0131r. Hen\u00fcz 9 ya\u015f\u0131ndayken ailesinin bo\u015fanmas\u0131, \u00d6nal\u2019\u0131n \u00e7ocukluk y\u0131llar\u0131nda b\u00fcy\u00fck bir de\u011fi\u015fim ya\u015famas\u0131na neden oldu. E\u011fitim hayat\u0131na \u00f6zel St. Benoit Lisesi\u2018nde devam eden ba\u015far\u0131l\u0131 oyuncu, daha sonra \u0130stanbul Bilgi \u00dcniversitesi\u2019nden mezun oldu. Sahne sanatlar\u0131na olan ilgisi, \u00fcniversite y\u0131llar\u0131nda giderek daha da artt\u0131 ve kariyerine oyunculuk alan\u0131nda devam etme karar\u0131 ald\u0131.<\/p>\n","protected":false},"excerpt":{"rendered":"<p>Ba\u015frollerinde Devrim \u00d6zkan ve Bige \u00d6nal\u2019\u0131n yer ald\u0131\u011f\u0131 \u201cHer \u015eey Yolunda\u201d filminin \u00e7ekimleri i\u00e7in Bodrum\u2019a gitmek \u00fczere havalanan u\u00e7ak, havada korku dolu anlar ya\u015fatt\u0131. Sabiha G\u00f6k\u00e7en Havaliman\u0131\u2019ndan kalkan TC-CRG tescilli Boeing 737 tipi u\u00e7a\u011fa y\u0131ld\u0131r\u0131m \u00e7arpmas\u0131, yolcular aras\u0131nda pani\u011fe neden oldu.<\/p>\n","protected":false},"author":16,"featured_media":135075,"comment_status":"closed","ping_status":"closed","sticky":false,"template":"","format":"standard","meta":{"rank_math_lock_modified_date":false,"footnotes":""},"categories":[76],"tags":[11223,11222,11224],"class_list":["post-135053","post","type-post","status-publish","format-standard","has-post-thumbnail","hentry","category-magazin","tag-devrim-ozkan-bige-onal","tag-devrim-ozkan-bige-onal-ucak","tag-devrim-ozkan-bige-onal-ucak-yildirim"],"_links":{"self":[{"href":"https:\/\/www.tgrthaber.com\/mavikadin\/wp-json\/wp\/v2\/posts\/135053"}],"collection":[{"href":"https:\/\/www.tgrthaber.com\/mavikadin\/wp-json\/wp\/v2\/posts"}],"about":[{"href":"https:\/\/www.tgrthaber.com\/mavikadin\/wp-json\/wp\/v2\/types\/post"}],"author":[{"embeddable":true,"href":"https:\/\/www.tgrthaber.com\/mavikadin\/wp-json\/wp\/v2\/users\/16"}],"replies":[{"embeddable":true,"href":"https:\/\/www.tgrthaber.com\/mavikadin\/wp-json\/wp\/v2\/comments?post=135053"}],"version-history":[{"count":1,"href":"https:\/\/www.tgrthaber.com\/mavikadin\/wp-json\/wp\/v2\/posts\/135053\/revisions"}],"predecessor-version":[{"id":135076,"href":"https:\/\/www.tgrthaber.com\/mavikadin\/wp-json\/wp\/v2\/posts\/135053\/revisions\/135076"}],"wp:featuredmedia":[{"embeddable":true,"href":"https:\/\/www.tgrthaber.com\/mavikadin\/wp-json\/wp\/v2\/media\/135075"}],"wp:attachment":[{"href":"https:\/\/www.tgrthaber.com\/mavikadin\/wp-json\/wp\/v2\/media?parent=135053"}],"wp:term":[{"taxonomy":"category","embeddable":true,"href":"https:\/\/www.tgrthaber.com\/mavikadin\/wp-json\/wp\/v2\/categories?post=135053"},{"taxonomy":"post_tag","embeddable":true,"href":"https:\/\/www.tgrthaber.com\/mavikadin\/wp-json\/wp\/v2\/tags?post=135053"}],"curies":[{"name":"wp","href":"https:\/\/api.w.org\/{rel}","templated":true}]}}