{"id":135231,"date":"2025-02-18T11:52:35","date_gmt":"2025-02-18T08:52:35","guid":{"rendered":"https:\/\/www.tgrthaber.com\/mavikadin\/?p=135231"},"modified":"2025-02-18T13:54:51","modified_gmt":"2025-02-18T10:54:51","slug":"muge-anlidan-gulduren-itiraf-emniyet-muduru-esinin-verdigi-sozu-tutmadigini-soyledi","status":"publish","type":"post","link":"https:\/\/www.tgrthaber.com\/mavikadin\/muge-anlidan-gulduren-itiraf-emniyet-muduru-esinin-verdigi-sozu-tutmadigini-soyledi\/","title":{"rendered":"M\u00fcge Anl\u0131\u2019dan g\u00fcld\u00fcren itiraf! Emniyet m\u00fcd\u00fcr\u00fc e\u015finin verdi\u011fi s\u00f6z\u00fc tutmad\u0131\u011f\u0131n\u0131 s\u00f6yledi"},"content":{"rendered":"<p>\u2018M\u00fcge Anl\u0131 ile Tatl\u0131 Sert\u2019 program\u0131n\u0131n sunucusu M\u00fcge Anl\u0131\u2019dan g\u00fcld\u00fcren bir itiraf geldi. Emniyet m\u00fcd\u00fcr\u00fc e\u015finin kendisine verdi\u011fi s\u00f6z\u00fc tutmad\u0131\u011f\u0131n\u0131 s\u00f6yleyen Anl\u0131, \u201cGalatasarayl\u0131 biriyle evlenece\u011fimi d\u00fc\u015f\u00fcnmedim ama \u015einasi tam bir fanatik Galatasarayl\u0131 ve benimle evlenmeden \u00f6nce Fenerbah\u00e7eli olaca\u011f\u0131n\u0131 s\u00f6ylemi\u015fti ama olmad\u0131\u201d \u015feklinde konu\u015ftu.<\/p>\n<h3>M\u00dcGE ANLI NE ZAMAN EVLEND\u0130?<\/h3>\n<p>\u015einasi Y\u00fczba\u015f\u0131o\u011flu ile evlenece\u011fini canl\u0131 yay\u0131nda a\u00e7\u0131klayan M\u00fcge Anl\u0131 \u015funlar\u0131 s\u00f6ylemi\u015fti; &#8220;Cuma g\u00fcn\u00fc vermeyi d\u00fc\u015f\u00fcn\u00fcyordum bu haberi ama bug\u00fcn vermeyi daha uygun g\u00f6rd\u00fcm. Sevgili dostlar beni y\u0131llarca evinizde misafir etmekle kalmad\u0131n\u0131z, ailenizin bir ferdi olarak da kabul ettiniz. Bu y\u00fczden de kendimle ilgili sizleri de \u00e7ok mutlu edecek bir haberi ilk a\u011f\u0131zdan duyman\u0131z\u0131 istedim.\u201d<\/p>\n<p><img loading=\"lazy\" decoding=\"async\" class=\"alignnone wp-image-135232\" src=\"https:\/\/www.tgrthaber.com\/mavikadin\/wp-content\/uploads\/Muge-Anli-2-1.webp\" alt=\"\" width=\"1208\" height=\"680\" title=\"\" srcset=\"https:\/\/www.tgrthaber.com\/mavikadin\/wp-content\/uploads\/Muge-Anli-2-1.webp 1280w, https:\/\/www.tgrthaber.com\/mavikadin\/wp-content\/uploads\/Muge-Anli-2-1-300x169.webp 300w, https:\/\/www.tgrthaber.com\/mavikadin\/wp-content\/uploads\/Muge-Anli-2-1-1024x576.webp 1024w, https:\/\/www.tgrthaber.com\/mavikadin\/wp-content\/uploads\/Muge-Anli-2-1-768x432.webp 768w\" sizes=\"(max-width: 1208px) 100vw, 1208px\" \/><\/p>\n<hr \/>\n<p>Evlenmeye karar verdi\u011fini s\u00f6yleyen Anl\u0131 c\u00fcmlesine \u015fu \u015fekilde devam etti:<\/p>\n<p>&#8220;Dualar\u0131n\u0131z\u0131 almak istedim. M\u00fcstakbel damad\u0131n\u0131z\u0131n ad\u0131n\u0131 da a\u00e7\u0131klayay\u0131m. O mu, bu mu, \u015fu mu olmas\u0131n. M\u00fcstakbel damad\u0131n\u0131z\u0131n ad\u0131 \u015einasi Y\u00fczba\u015f\u0131o\u011flu. Kendisi devlet memuru. \u00c7ok da sayg\u0131 duydu\u011fum bir mesle\u011fi var. Siz her zaman benim \u00f6zel ya\u015fam\u0131ma sayg\u0131 duydunuz. Bu karar\u0131ma da sayg\u0131 duyaca\u011f\u0131n\u0131za, mutlulu\u011fum i\u00e7in de edece\u011finize eminim&#8221; \u00dcnl\u00fc sunucu M\u00fcge Anl\u0131, \u015einasi Y\u00fczba\u015f\u0131o\u011flu ile 25 Haziran 2022 tarihinde hayat\u0131n\u0131 birle\u015ftirdi.<\/p>\n<h3>\u015e\u0130NAS\u0130 Y\u00dcZBA\u015eIO\u011eLU K\u0130MD\u0130R?<\/h3>\n<p>Adana do\u011fumlu olan \u015einasi Y\u00fczba\u015f\u0131o\u011flu 2021 y\u0131l\u0131nda \u0130stanbul Asayi\u015f \u015eube M\u00fcd\u00fcrl\u00fc\u011f\u00fc&#8217;ne atand\u0131. Daha \u00f6nce Adana Emniyet M\u00fcd\u00fcrl\u00fc\u011f\u00fc\u2019nde g\u00f6rev alan \u015einasi Y\u00fczba\u015f\u0131o\u011flu, 4. s\u0131n\u0131f emniyet m\u00fcd\u00fcr\u00fcd\u00fcr. Y\u00fczba\u015f\u0131o\u011flu daha \u00f6nce de Adana&#8217;da da ayn\u0131 g\u00f6revi ba\u015far\u0131yla \u00fcstlenmi\u015fti.<\/p>\n<p><img loading=\"lazy\" decoding=\"async\" class=\"alignnone wp-image-135233\" src=\"https:\/\/www.tgrthaber.com\/mavikadin\/wp-content\/uploads\/Muge-Anli-1.webp\" alt=\"\" width=\"1208\" height=\"680\" title=\"\" srcset=\"https:\/\/www.tgrthaber.com\/mavikadin\/wp-content\/uploads\/Muge-Anli-1.webp 1280w, https:\/\/www.tgrthaber.com\/mavikadin\/wp-content\/uploads\/Muge-Anli-1-300x169.webp 300w, https:\/\/www.tgrthaber.com\/mavikadin\/wp-content\/uploads\/Muge-Anli-1-1024x576.webp 1024w, https:\/\/www.tgrthaber.com\/mavikadin\/wp-content\/uploads\/Muge-Anli-1-768x432.webp 768w\" sizes=\"(max-width: 1208px) 100vw, 1208px\" \/><\/p>\n<hr \/>\n<h3>M\u00dcGE ANLI&#8217;NIN \u0130LK EVL\u0130L\u0130\u011e\u0130<\/h3>\n<p>M\u00fcge Anl\u0131 ilk evlili\u011fini Burhan Akda\u011f ile yapm\u0131\u015ft\u0131. Bu evlili\u011finden bir k\u0131z\u0131 olan Anl\u0131 e\u015fiyle olayl\u0131 bir bo\u015fanma s\u00fcreci ya\u015fad\u0131. Burhan Akda\u011f bir d\u00f6nemin en \u00fcnl\u00fc magazin program\u0131 yap\u0131mc\u0131s\u0131yd\u0131.<\/p>\n<p>Magazin muhabirli\u011fi yapan M\u00fcge Anl\u0131 ilk e\u015fi G\u00fcrhan Akda\u011f ile Kanal 6\u2019da tan\u0131\u015ft\u0131. Akda\u011f o zamanlar kanalda magazin m\u00fcd\u00fcrl\u00fc\u011f\u00fc yap\u0131yordu.<\/p>\n<p><img loading=\"lazy\" decoding=\"async\" class=\"alignnone wp-image-135234\" src=\"https:\/\/www.tgrthaber.com\/mavikadin\/wp-content\/uploads\/Muge-Anli-1-6.jpg\" alt=\"\" width=\"1208\" height=\"679\" title=\"\" srcset=\"https:\/\/www.tgrthaber.com\/mavikadin\/wp-content\/uploads\/Muge-Anli-1-6.jpg 1000w, https:\/\/www.tgrthaber.com\/mavikadin\/wp-content\/uploads\/Muge-Anli-1-6-300x169.jpg 300w, https:\/\/www.tgrthaber.com\/mavikadin\/wp-content\/uploads\/Muge-Anli-1-6-768x432.jpg 768w\" sizes=\"(max-width: 1208px) 100vw, 1208px\" \/><\/p>\n<hr \/>\n<p>1993 y\u0131l\u0131nda evlenen \u00e7iftin bu evlilikten k\u0131zlar\u0131 Lidya M\u00fcge Akda\u011f 2002 y\u0131l\u0131nda d\u00fcnyaya geliyor. Kariyerinde h\u0131zl\u0131 bir y\u00fckseli\u015f ya\u015fayan Anl\u0131\u2019n\u0131n yan\u0131 s\u0131ra e\u015fi Akda\u011f ise d\u00fc\u015f\u00fc\u015fe ge\u00e7iyor. Bu durum \u00e7ift aras\u0131nda giderek b\u00fcy\u00fcyen bir sorun oluyor ve bo\u015fanmaya karar veriyorlar.<\/p>\n","protected":false},"excerpt":{"rendered":"<p>Ekranlar\u0131n sevilen sunucusu M\u00fcge Anl\u0131\u2019dan g\u00fcld\u00fcren bir itiraf geldi. Emniyet m\u00fcd\u00fcr\u00fc e\u015finin kendisine verdi\u011fi s\u00f6z\u00fc tutmad\u0131\u011f\u0131n\u0131 ifade eden Anl\u0131, \u201c\u015einasi tam bir fanatik Galatasarayl\u0131 ve benimle evlenmeden \u00f6nce Fenerbah\u00e7eli olaca\u011f\u0131n\u0131 s\u00f6ylemi\u015fti ama olmad\u0131\u201d dedi.<\/p>\n","protected":false},"author":5,"featured_media":135235,"comment_status":"closed","ping_status":"closed","sticky":false,"template":"","format":"standard","meta":{"rank_math_lock_modified_date":false,"footnotes":""},"categories":[76],"tags":[2453,11256],"class_list":["post-135231","post","type-post","status-publish","format-standard","has-post-thumbnail","hentry","category-magazin","tag-muge-anli","tag-sinasi-yuzbasioglu"],"_links":{"self":[{"href":"https:\/\/www.tgrthaber.com\/mavikadin\/wp-json\/wp\/v2\/posts\/135231"}],"collection":[{"href":"https:\/\/www.tgrthaber.com\/mavikadin\/wp-json\/wp\/v2\/posts"}],"about":[{"href":"https:\/\/www.tgrthaber.com\/mavikadin\/wp-json\/wp\/v2\/types\/post"}],"author":[{"embeddable":true,"href":"https:\/\/www.tgrthaber.com\/mavikadin\/wp-json\/wp\/v2\/users\/5"}],"replies":[{"embeddable":true,"href":"https:\/\/www.tgrthaber.com\/mavikadin\/wp-json\/wp\/v2\/comments?post=135231"}],"version-history":[{"count":2,"href":"https:\/\/www.tgrthaber.com\/mavikadin\/wp-json\/wp\/v2\/posts\/135231\/revisions"}],"predecessor-version":[{"id":135237,"href":"https:\/\/www.tgrthaber.com\/mavikadin\/wp-json\/wp\/v2\/posts\/135231\/revisions\/135237"}],"wp:featuredmedia":[{"embeddable":true,"href":"https:\/\/www.tgrthaber.com\/mavikadin\/wp-json\/wp\/v2\/media\/135235"}],"wp:attachment":[{"href":"https:\/\/www.tgrthaber.com\/mavikadin\/wp-json\/wp\/v2\/media?parent=135231"}],"wp:term":[{"taxonomy":"category","embeddable":true,"href":"https:\/\/www.tgrthaber.com\/mavikadin\/wp-json\/wp\/v2\/categories?post=135231"},{"taxonomy":"post_tag","embeddable":true,"href":"https:\/\/www.tgrthaber.com\/mavikadin\/wp-json\/wp\/v2\/tags?post=135231"}],"curies":[{"name":"wp","href":"https:\/\/api.w.org\/{rel}","templated":true}]}}