{"id":135245,"date":"2025-02-18T12:44:57","date_gmt":"2025-02-18T09:44:57","guid":{"rendered":"https:\/\/www.tgrthaber.com\/mavikadin\/?p=135245"},"modified":"2025-02-18T13:54:12","modified_gmt":"2025-02-18T10:54:12","slug":"kizil-goncalar-seyircisinden-ozcan-denize-destek-sen-yoksan-hepimiz-eksik-kaliriz-ozcan-abimiz","status":"publish","type":"post","link":"https:\/\/www.tgrthaber.com\/mavikadin\/kizil-goncalar-seyircisinden-ozcan-denize-destek-sen-yoksan-hepimiz-eksik-kaliriz-ozcan-abimiz\/","title":{"rendered":"K\u0131z\u0131l Goncalar seyircisinden \u00d6zcan Deniz\u2019e destek! &#8220;Sen yoksan hepimiz eksik kal\u0131r\u0131z \u00d6zcan Abi&#8217;miz\u201d"},"content":{"rendered":"<p>K\u0131z\u0131l Goncalar dizisinin Levent\u2019i \u00d6zcan Deniz sette ge\u00e7irdi\u011fi kalp krizi sebebiyle en yak\u0131n hastanede tedavi alt\u0131na al\u0131nm\u0131\u015ft\u0131. Seyircinin Deniz\u2019i yaln\u0131z b\u0131rakmad\u0131\u011f\u0131 sosyal medya platformlar\u0131nda \u2018ge\u00e7mi\u015f olsun\u2019 mesajlar\u0131 pe\u015f pe\u015fe gelmeye devam ediyor.<\/p>\n<h3>KIZIL GONCALAR \u0130ZLEY\u0130C\u0130S\u0130NDEN \u00d6ZCAN DEN\u0130Z\u2019E GE\u00c7M\u0130\u015e OLSUN MESAJI YA\u011eDI<\/h3>\n<p>K\u0131z\u0131l Goncalar\u2019da Levent karakterini oynayan \u00d6zcan Deniz ge\u00e7irdi\u011fi kalp krizi sonras\u0131 tedavi i\u00e7in hastaneye kald\u0131r\u0131lm\u0131\u015ft\u0131. Dizinin s\u0131k\u0131 takip\u00e7ileri de Deniz\u2019e sosyal medya \u00fczerinden pe\u015f pe\u015fe ge\u00e7mi\u015f olsun mesaj\u0131 g\u00f6nderdi. \u00d6zcan Deniz\u2019in diziye ara verece\u011fi ya da tamamen b\u0131rakaca\u011f\u0131 d\u00fc\u015f\u00fcn\u00fcl\u00fcyor.<\/p>\n<p>Sosyal medyada gelen yorumlardan baz\u0131lar\u0131 \u015f\u00f6yle:<\/p>\n<p>\u201cSen yoksan hepimiz eksik kal\u0131r\u0131z \u00d6zcan Abi&#8217;miz. \u00c7ok \u00fczg\u00fcn\u00fcm.\u201d<\/p>\n<p>\u201cBen de ya diziye ara verecek b\u00fcy\u00fck ihtimalle belki de tamamen b\u0131rak\u0131r \u00e7ok \u00fcz\u00fcl\u00fcyorum umar\u0131m iyile\u015fir\u201d<\/p>\n<p>\u201cGe\u00e7mi\u015f Olsun \u00d6zcan Deniz\u201d<\/p>\n<p>\u201cDizinin sonlar\u0131na do\u011fru \u00e7\u0131kmas\u0131 \u00e7ok k\u00f6t\u00fc olur tabi sa\u011fl\u0131\u011f\u0131 daha \u00f6nemli doktoru ne derse o olur in\u015fallah geri d\u00f6ner \u00e7ok \u00fczg\u00fcn\u00fcm\u201d<\/p>\n<p><img loading=\"lazy\" decoding=\"async\" class=\"alignnone wp-image-135252\" src=\"https:\/\/www.tgrthaber.com\/mavikadin\/wp-content\/uploads\/Ozcan-Deniz-2.jpg\" alt=\"\" width=\"1208\" height=\"680\" title=\"\" srcset=\"https:\/\/www.tgrthaber.com\/mavikadin\/wp-content\/uploads\/Ozcan-Deniz-2.jpg 1920w, https:\/\/www.tgrthaber.com\/mavikadin\/wp-content\/uploads\/Ozcan-Deniz-2-300x169.jpg 300w, https:\/\/www.tgrthaber.com\/mavikadin\/wp-content\/uploads\/Ozcan-Deniz-2-1024x576.jpg 1024w, https:\/\/www.tgrthaber.com\/mavikadin\/wp-content\/uploads\/Ozcan-Deniz-2-768x432.jpg 768w, https:\/\/www.tgrthaber.com\/mavikadin\/wp-content\/uploads\/Ozcan-Deniz-2-1536x864.jpg 1536w\" sizes=\"(max-width: 1208px) 100vw, 1208px\" \/><\/p>\n<hr \/>\n<h3>A\u0130LE SORUNLARI YEN\u0130DEN G\u00dcNDEM OLDU<\/h3>\n<p>\u00d6zcan Deniz kalp krizi ge\u00e7irdikten sonra \u00f6nce abisi sonra da annesiyle ya\u015fad\u0131\u011f\u0131 ailevi sorunlar yeniden g\u00fcndem oldu. Anne Kadriye Deniz&#8217;in yapt\u0131\u011f\u0131 a\u00e7\u0131klamalar ve Deniz\u2019in e\u015fi Samar Dadgar\u2019\u0131n sosyal medyadan s\u00f6yledi\u011fi s\u00f6zler sonras\u0131 \u00d6zcan Deniz\u2019in kalp krizi ge\u00e7irdi\u011fi \u00f6\u011frenilmi\u015fti. \u00d6zcan Deniz, ailesiyle ya\u015fad\u0131\u011f\u0131 sorunlarla magazin g\u00fcndeminden d\u00fc\u015fm\u00fcyor.<\/p>\n<p>\u015eark\u0131c\u0131 ve oyuncu \u00d6zcan Deniz, ayn\u0131 zamanda menajerli\u011fini de yapan a\u011fabeyi Ercan Deniz ile baz\u0131 sorunlar ya\u015fam\u0131\u015ft\u0131. Ya\u015fanan bu olaylardan sonra Deniz sosyal medyadan yapt\u0131\u011f\u0131 payla\u015f\u0131mlarla dikkat \u00e7ekmi\u015fti.<\/p>\n<p><img loading=\"lazy\" decoding=\"async\" class=\"alignnone wp-image-135253\" src=\"https:\/\/www.tgrthaber.com\/mavikadin\/wp-content\/uploads\/Ozcan-Deniz-4.jpg\" alt=\"\" width=\"1208\" height=\"680\" title=\"\" srcset=\"https:\/\/www.tgrthaber.com\/mavikadin\/wp-content\/uploads\/Ozcan-Deniz-4.jpg 1920w, https:\/\/www.tgrthaber.com\/mavikadin\/wp-content\/uploads\/Ozcan-Deniz-4-300x169.jpg 300w, https:\/\/www.tgrthaber.com\/mavikadin\/wp-content\/uploads\/Ozcan-Deniz-4-1024x576.jpg 1024w, https:\/\/www.tgrthaber.com\/mavikadin\/wp-content\/uploads\/Ozcan-Deniz-4-768x432.jpg 768w, https:\/\/www.tgrthaber.com\/mavikadin\/wp-content\/uploads\/Ozcan-Deniz-4-1536x864.jpg 1536w\" sizes=\"(max-width: 1208px) 100vw, 1208px\" \/><\/p>\n<hr \/>\n<h3>\u00d6ZCAN DEN\u0130Z A\u0130LES\u0130N\u0130 G\u00d6ZDEN \u00c7IKARDI<\/h3>\n<p>A\u011fabeyi Ercan Deniz ile aras\u0131 bozuk olan Deniz yapt\u0131\u011f\u0131 son payla\u015f\u0131mla dikkatleri \u00fczerine \u00e7ekmi\u015fti. \u00dcnl\u00fc \u015fark\u0131c\u0131 art\u0131k tek ailesinin o\u011flu Kuzey ve e\u015fi Samar Dadgar oldu\u011funu ifade etmi\u015fti.<br \/>\nAilesine arkas\u0131n\u0131 d\u00f6nen Deniz &#8220;Hi\u00e7 olmad\u0131\u011f\u0131m kadar hafif ve g\u00fc\u00e7l\u00fcy\u00fcm&#8221; \u015feklinde bir a\u00e7\u0131klama yapm\u0131\u015ft\u0131.<\/p>\n<p><img loading=\"lazy\" decoding=\"async\" class=\"alignnone size-full wp-image-135259\" src=\"https:\/\/www.tgrthaber.com\/mavikadin\/wp-content\/uploads\/Ozcan-Deniz-Annesi.jpg\" alt=\"\" width=\"1600\" height=\"900\" title=\"\" srcset=\"https:\/\/www.tgrthaber.com\/mavikadin\/wp-content\/uploads\/Ozcan-Deniz-Annesi.jpg 1600w, https:\/\/www.tgrthaber.com\/mavikadin\/wp-content\/uploads\/Ozcan-Deniz-Annesi-300x169.jpg 300w, https:\/\/www.tgrthaber.com\/mavikadin\/wp-content\/uploads\/Ozcan-Deniz-Annesi-1024x576.jpg 1024w, https:\/\/www.tgrthaber.com\/mavikadin\/wp-content\/uploads\/Ozcan-Deniz-Annesi-768x432.jpg 768w, https:\/\/www.tgrthaber.com\/mavikadin\/wp-content\/uploads\/Ozcan-Deniz-Annesi-1536x864.jpg 1536w\" sizes=\"(max-width: 1600px) 100vw, 1600px\" \/><\/p>\n<hr \/>\n<h3>\u201cSAMAR \u00d6ZCAN \u015e\u0130DDET G\u00d6RM\u00dc\u015e&#8221;<\/h3>\n<p>Deniz ve ailesi ile ilgili \u2018Gel Konu\u015fal\u0131m\u2019 program\u0131nda ilgin\u00e7 iddialarda bulunan gazeteci Mehmet \u00dcst\u00fcnda\u011f:<\/p>\n<p>&#8220;Samar ile ilgili \u015funu duydum, bana anlatan insanlar. Feyza han\u0131mdan olan o\u011fluna Samar \u00e7ok g\u00fczel bak\u0131yormu\u015f ama son zamanlarda Feyza han\u0131ma gitti\u011fi i\u00e7in \u00e7ocuk bir dolduru\u015f olmu\u015f Samar han\u0131ma kar\u015f\u0131. Samar da sorun ya\u015fad\u0131 zaman\u0131nda. \u00d6zcan Deniz&#8217;in annesi ve k\u0131z karde\u015fiyle b\u00fcy\u00fck sorun ya\u015fam\u0131\u015ft\u0131. Samar&#8217;\u0131n foto\u011fraflar\u0131na dikkat edin, \u015fi\u015f vard\u0131r. Bu bana anlat\u0131lanlar. Samar \u00d6zcan Beyin annesinden ve k\u0131z karde\u015finden \u015fiddet g\u00f6rm\u00fc\u015f&#8221; ifadelerini kullanm\u0131\u015ft\u0131.<\/p>\n<p><img loading=\"lazy\" decoding=\"async\" class=\"alignnone wp-image-135254\" src=\"https:\/\/www.tgrthaber.com\/mavikadin\/wp-content\/uploads\/Samar-Dadgar-2.jpg\" alt=\"\" width=\"1208\" height=\"680\" title=\"\" srcset=\"https:\/\/www.tgrthaber.com\/mavikadin\/wp-content\/uploads\/Samar-Dadgar-2.jpg 1920w, https:\/\/www.tgrthaber.com\/mavikadin\/wp-content\/uploads\/Samar-Dadgar-2-300x169.jpg 300w, https:\/\/www.tgrthaber.com\/mavikadin\/wp-content\/uploads\/Samar-Dadgar-2-1024x576.jpg 1024w, https:\/\/www.tgrthaber.com\/mavikadin\/wp-content\/uploads\/Samar-Dadgar-2-768x432.jpg 768w, https:\/\/www.tgrthaber.com\/mavikadin\/wp-content\/uploads\/Samar-Dadgar-2-1536x864.jpg 1536w\" sizes=\"(max-width: 1208px) 100vw, 1208px\" \/><\/p>\n<hr \/>\n<h3>&#8221;3 YILDIR SAMAR&#8217;LA G\u00d6R\u00dc\u015eMED\u0130M\u201c<\/h3>\n<p>\u00d6zcan Deniz\u2019in annesi ise bir konu\u015fmas\u0131nda \u015funlar\u0131 s\u00f6ylemi\u015fti:<\/p>\n<p>&#8221;3 y\u0131ld\u0131r Samar&#8217;la g\u00f6r\u00fc\u015fmedim. Evinin yolunu bilmiyorum. G\u00f6rmedim, g\u00f6r\u00fc\u015fmedim. Bir defa \u00d6zcan&#8217;la bana \u00f6z\u00fcr dilemeye geldiler. Ne aram\u0131\u015f\u0131m ne de o beni aramad\u0131. Ben hatta hediyesini de takt\u0131m kabul ettim. Tamam yavrum dedim. Sen de bu evin bir ferdisin, evlad\u0131ms\u0131n dedim.\u00a0 Hediyesini takt\u0131m, yeme\u011fimi verdim. \u00d6zcan&#8217;la gittiler, sonra Samar&#8217;\u0131 ne arad\u0131m ne sordum. Samar Dadgar&#8217;\u0131n ailesi o\u011flumu benden, bu aileden ay\u0131rmak istiyorlar. \u00c7\u00fcnk\u00fc \u00d6zcan bu \u00d6zcan de\u011fil.&#8221;<\/p>\n<p><img loading=\"lazy\" decoding=\"async\" class=\"alignnone wp-image-135255\" src=\"https:\/\/www.tgrthaber.com\/mavikadin\/wp-content\/uploads\/Ozcan-Deniz-3-1.jpg\" alt=\"\" width=\"1208\" height=\"680\" title=\"\" srcset=\"https:\/\/www.tgrthaber.com\/mavikadin\/wp-content\/uploads\/Ozcan-Deniz-3-1.jpg 1920w, https:\/\/www.tgrthaber.com\/mavikadin\/wp-content\/uploads\/Ozcan-Deniz-3-1-300x169.jpg 300w, https:\/\/www.tgrthaber.com\/mavikadin\/wp-content\/uploads\/Ozcan-Deniz-3-1-1024x576.jpg 1024w, https:\/\/www.tgrthaber.com\/mavikadin\/wp-content\/uploads\/Ozcan-Deniz-3-1-768x432.jpg 768w, https:\/\/www.tgrthaber.com\/mavikadin\/wp-content\/uploads\/Ozcan-Deniz-3-1-1536x864.jpg 1536w\" sizes=\"(max-width: 1208px) 100vw, 1208px\" \/><\/p>\n<hr \/>\n<h3>&#8221;HEP\u0130N\u0130Z\u0130 CEHENNEM ATE\u015e\u0130NDE YAKACA\u011eIM&#8221;<\/h3>\n<p>\u00d6zcan Denizin annesinin bu s\u00f6zlerinden sonra \u00d6zcan Deniz&#8217;in e\u015fi Samar Dadgar, sosyal medya hesab\u0131ndan art arda \u00e7ok sert payla\u015f\u0131mlarda bulundu:<\/p>\n<p>&#8221;Allah sizi affetmesin. Bundan sonra ger\u00e7ekleri ne zaman payla\u015facak diye korkun benden (Bak hepiniz) 2,3 de\u011fil hepiniz! \u0130ftira atmak, kul hakk\u0131 yemek insanlar\u0131n g\u00fcnah\u0131na girmek y\u0131llarca. Sabaha ak\u015fam haftan\u0131n 7 g\u00fcn\u00fc \u00e7al\u0131\u015f\u0131p gen\u00e7li\u011fini, \u00e7ocuklu\u011funu vermi\u015f bir adam\u0131n hastanede, o yatakta ne d\u00fc\u015f\u00fcnd\u00fc\u011f\u00fcn\u00fc, neden g\u00f6zya\u015f\u0131 ak\u0131tt\u0131\u011f\u0131n\u0131n hesab\u0131 sorulacakt\u0131r. Karma \u00e7ok g\u00fczel \u015feydir h\u0131zl\u0131 i\u015fler. Adalet de \u00f6yle. Hepiniz dedi\u011fimde ciddiydim bak belgeli. Bitmedi d\u00fc\u015fmanl\u0131\u011f\u0131n\u0131z, bitmedi tuzaklar\u0131n\u0131z. Ona bir \u015fey olursa d\u00fcnyay\u0131 ba\u015f\u0131n\u0131za y\u0131kar\u0131m. Hastaneye gidiyorum yolday\u0131m. Nefes alam\u0131yorum. \u00d6zcan&#8217;a bir \u015fey olursa hepinizi cehennem ate\u015finde yakaca\u011f\u0131m. As\u0131l o zaman izleyiz. Bak hepinizi hepinizi&#8221;<\/p>\n","protected":false},"excerpt":{"rendered":"<p>K\u0131z\u0131l Goncalar dizisinde Levent karakterini oynayan \u00d6zcan Deniz ge\u00e7irdi\u011fi kalp krizi sonras\u0131 tedavi alt\u0131na al\u0131nd\u0131. Mert Yaz\u0131c\u0131o\u011flu ve \u00d6zg\u00fc Namal ile ba\u015frol\u00fc payla\u015fan Deniz\u2019in K\u0131z\u0131l Goncalar dizisine ara verece\u011fi tahmin ediliyor. Di\u011fer yandan dizi takip\u00e7ileri sosyal medyada Deniz\u2019e ge\u00e7mi\u015f olsun mesaj\u0131 payla\u015fmaya devam ediyor.<\/p>\n","protected":false},"author":5,"featured_media":135256,"comment_status":"closed","ping_status":"closed","sticky":false,"template":"","format":"standard","meta":{"rank_math_lock_modified_date":false,"footnotes":""},"categories":[76],"tags":[2306,2393,2394],"class_list":["post-135245","post","type-post","status-publish","format-standard","has-post-thumbnail","hentry","category-magazin","tag-kizil-goncalar","tag-ozcan-deniz","tag-samar-dadgar"],"_links":{"self":[{"href":"https:\/\/www.tgrthaber.com\/mavikadin\/wp-json\/wp\/v2\/posts\/135245"}],"collection":[{"href":"https:\/\/www.tgrthaber.com\/mavikadin\/wp-json\/wp\/v2\/posts"}],"about":[{"href":"https:\/\/www.tgrthaber.com\/mavikadin\/wp-json\/wp\/v2\/types\/post"}],"author":[{"embeddable":true,"href":"https:\/\/www.tgrthaber.com\/mavikadin\/wp-json\/wp\/v2\/users\/5"}],"replies":[{"embeddable":true,"href":"https:\/\/www.tgrthaber.com\/mavikadin\/wp-json\/wp\/v2\/comments?post=135245"}],"version-history":[{"count":5,"href":"https:\/\/www.tgrthaber.com\/mavikadin\/wp-json\/wp\/v2\/posts\/135245\/revisions"}],"predecessor-version":[{"id":135263,"href":"https:\/\/www.tgrthaber.com\/mavikadin\/wp-json\/wp\/v2\/posts\/135245\/revisions\/135263"}],"wp:featuredmedia":[{"embeddable":true,"href":"https:\/\/www.tgrthaber.com\/mavikadin\/wp-json\/wp\/v2\/media\/135256"}],"wp:attachment":[{"href":"https:\/\/www.tgrthaber.com\/mavikadin\/wp-json\/wp\/v2\/media?parent=135245"}],"wp:term":[{"taxonomy":"category","embeddable":true,"href":"https:\/\/www.tgrthaber.com\/mavikadin\/wp-json\/wp\/v2\/categories?post=135245"},{"taxonomy":"post_tag","embeddable":true,"href":"https:\/\/www.tgrthaber.com\/mavikadin\/wp-json\/wp\/v2\/tags?post=135245"}],"curies":[{"name":"wp","href":"https:\/\/api.w.org\/{rel}","templated":true}]}}