{"id":135282,"date":"2025-02-18T14:01:42","date_gmt":"2025-02-18T11:01:42","guid":{"rendered":"https:\/\/www.tgrthaber.com\/mavikadin\/?p=135282"},"modified":"2025-02-18T14:01:43","modified_gmt":"2025-02-18T11:01:43","slug":"sila-turkoglundan-gullu-itirafi-verdigi-cevapla-herkesi-kahkahaya-bogdu","status":"publish","type":"post","link":"https:\/\/www.tgrthaber.com\/mavikadin\/sila-turkoglundan-gullu-itirafi-verdigi-cevapla-herkesi-kahkahaya-bogdu\/","title":{"rendered":"S\u0131la T\u00fcrko\u011flu&#8217;ndan G\u00fcll\u00fc itiraf\u0131! Verdi\u011fi cevapla herkesi kahkahaya bo\u011fdu"},"content":{"rendered":"<p>Show TV ekranlar\u0131n\u0131n b\u00fcy\u00fck bir ilgiyle takip edilen dizisi K\u0131z\u0131lc\u0131k \u015eerbeti\u2019nde Do\u011fa karakterini oynayan S\u0131la T\u00fcrko\u011flu\u2019nun G\u00fcll\u00fc itiraf\u0131 herkesi g\u00fcld\u00fcrd\u00fc. Ba\u015far\u0131l\u0131 oyunculuk performans\u0131yla seyirciden tam puan alan S\u0131la T\u00fcrko\u011flu\u2019nun, G\u00fcll\u00fc itiraf\u0131 merak edildi. \u0130\u015fte S\u0131la T\u00fcrko\u011flu\u2019nun G\u00fcll\u00fc itiraf\u0131\u2026<\/p>\n<h3>SILA T\u00dcRKO\u011eLU&#8217;NDAN G\u00dcLL\u00dc \u0130T\u0130RAFI!<\/h3>\n<p>Show TV ekranlar\u0131n\u0131n sevilen dizisi K\u0131z\u0131lc\u0131k \u015eerbeti\u2019nde Do\u011fa karakterini oynayan S\u0131la T\u00fcrko\u011flu,\u00a0G\u00fcll\u00fc itiraf\u0131nda bulundu. \u00a0\u201c\u0130brahim Selim ile Bu Gece\u201d\u00a0program\u0131na konuk olan T\u00fcrko\u011flu hem oyunculu\u011fu hem de \u00f6zel hayat\u0131 hakk\u0131nda \u00e7e\u015fitli a\u00e7\u0131klamalarda bulundu.<\/p>\n<p><img loading=\"lazy\" decoding=\"async\" class=\"alignnone wp-image-135289\" src=\"https:\/\/www.tgrthaber.com\/mavikadin\/wp-content\/uploads\/SilaTurkoglu-5-1024x576.jpg\" alt=\"S\u0131la T\u00fcrko\u011flu&#039;ndan G\u00fcll\u00fc itiraf\u0131!\" width=\"1208\" height=\"680\" title=\"\" srcset=\"https:\/\/www.tgrthaber.com\/mavikadin\/wp-content\/uploads\/SilaTurkoglu-5-1024x576.jpg 1024w, https:\/\/www.tgrthaber.com\/mavikadin\/wp-content\/uploads\/SilaTurkoglu-5-300x169.jpg 300w, https:\/\/www.tgrthaber.com\/mavikadin\/wp-content\/uploads\/SilaTurkoglu-5-768x432.jpg 768w, https:\/\/www.tgrthaber.com\/mavikadin\/wp-content\/uploads\/SilaTurkoglu-5-1536x864.jpg 1536w, https:\/\/www.tgrthaber.com\/mavikadin\/wp-content\/uploads\/SilaTurkoglu-5.jpg 1600w\" sizes=\"(max-width: 1208px) 100vw, 1208px\" \/><\/p>\n<hr \/>\n<p>\u0130brahim Selim\u2019in \u201cDinlerken a\u015f\u0131r\u0131 utand\u0131\u011f\u0131n ama dinlemeden de duramad\u0131\u011f\u0131n \u015fark\u0131 hangisi?\u201d sorusu kar\u015f\u0131s\u0131nda \u00fcnl\u00fc oyuncu S\u0131la T\u00fcrko\u011flu\u2019nun cevab\u0131 \u201cG\u00fcll\u00fc &#8211; \u00d6d\u00fcm Kopuyor\u201d oldu. T\u00fcrko\u011flu\u2019nun cevab\u0131n\u0131n ard\u0131ndan st\u00fcdyoda k\u0131sa s\u00fcreli bir sessizlik oldu. T\u00fcrko\u011flu\u2019nun G\u00fcll\u00fc itiraf\u0131ndan sonra kahkahalar havada u\u00e7u\u015ftu. T\u00fcrko\u011flu\u2019nun G\u00fcll\u00fc itiraf\u0131 ise k\u0131sa s\u00fcrede sosyal medyada yo\u011fun ilgi g\u00f6rd\u00fc.<\/p>\n<div style=\"width: 640px;\" class=\"wp-video\"><!--[if lt IE 9]><script>document.createElement('video');<\/script><![endif]-->\n<video class=\"wp-video-shortcode\" id=\"video-135282-1\" width=\"640\" height=\"640\" preload=\"metadata\" controls=\"controls\"><source type=\"video\/mp4\" src=\"https:\/\/www.tgrthaber.com\/mavikadin\/wp-content\/uploads\/SilaTurkoglu-1.mp4?_=1\" \/><a href=\"https:\/\/www.tgrthaber.com\/mavikadin\/wp-content\/uploads\/SilaTurkoglu-1.mp4\">https:\/\/www.tgrthaber.com\/mavikadin\/wp-content\/uploads\/SilaTurkoglu-1.mp4<\/a><\/video><\/div>\n<hr \/>\n<h3><strong>SILA T\u00dcRKO\u011eLU \u00c7OCUKKEN \u00c2\u015eIK OLDU\u011eU \u00dcNL\u00dcY\u00dc A\u00c7IKLADI!<\/strong><\/h3>\n<p>\u00d6zel hayat\u0131yla alakal\u0131 \u00e7e\u015fitli a\u00e7\u0131klamalarda bulunan T\u00fcrko\u011flu, hayat\u0131n\u0131n keyifli gitti\u011fini belirterek: \u201cG\u00fczel, keyifli gidiyor. Hayat, benim i\u00e7in bu aralar kendime d\u00f6nd\u00fc\u011f\u00fcm zamanlardan ibaret. \u00c7ok yo\u011fun \u00e7al\u0131\u015f\u0131yoruz, ondan kalan zamanlarda yaln\u0131z kal\u0131p kendimi dinlemeyi seviyorum.\u201d ifadelerine yer verdi.<\/p>\n<p><img loading=\"lazy\" decoding=\"async\" class=\"alignnone wp-image-135291\" src=\"https:\/\/www.tgrthaber.com\/mavikadin\/wp-content\/uploads\/SilaTurkoglu-3-1024x576.jpg\" alt=\"S\u0131la T\u00fcrko\u011flu&#039;ndan G\u00fcll\u00fc itiraf\u0131!\" width=\"1208\" height=\"680\" title=\"\" srcset=\"https:\/\/www.tgrthaber.com\/mavikadin\/wp-content\/uploads\/SilaTurkoglu-3-1024x576.jpg 1024w, https:\/\/www.tgrthaber.com\/mavikadin\/wp-content\/uploads\/SilaTurkoglu-3-300x169.jpg 300w, https:\/\/www.tgrthaber.com\/mavikadin\/wp-content\/uploads\/SilaTurkoglu-3-768x432.jpg 768w, https:\/\/www.tgrthaber.com\/mavikadin\/wp-content\/uploads\/SilaTurkoglu-3-1536x864.jpg 1536w, https:\/\/www.tgrthaber.com\/mavikadin\/wp-content\/uploads\/SilaTurkoglu-3.jpg 1600w\" sizes=\"(max-width: 1208px) 100vw, 1208px\" \/><\/p>\n<hr \/>\n<p>\u201c\u0130brahim Selim ile Bu Gece\u201d\u00a0program\u0131na kat\u0131lan \u00fcnl\u00fc oyuncu S\u0131la T\u00fcrko\u011flu, konu\u015fmalar\u0131na \u00e7ocukken \u00e2\u015f\u0131k oldu\u011fu \u00fcnl\u00fc ki\u015finin kim oldu\u011funu a\u00e7\u0131klayarak devam etti. Oyunca\u011f\u0131na \u201c\u00d6mer\u201d ismini verdi\u011fini s\u00f6yleyen gen\u00e7 oyuncu T\u00fcrko\u011flu, \u201cSerseri dizisi vard\u0131. Okan Yalab\u0131k\u2019a \u00e2\u015f\u0131kt\u0131m. Oradaki ismi \u2018\u00d6mer\u2019di.\u201d \u015feklinde konu\u015ftu.<\/p>\n<h3><strong>SILA T\u00dcRKO\u011eLU SEVG\u0130L\u0130S\u0130 ATA AYYILDIZ \u0130LE \u0130LK BULU\u015eMASINI ANLATTI!<\/strong><\/h3>\n<p>Kat\u0131ld\u0131\u011f\u0131 \u201c\u0130brahim Selim ile Bu Gece\u201d\u00a0program\u0131nda gerek oyunculuk hayat\u0131 gerekse de a\u015fk hayat\u0131 hakk\u0131nda \u00e7e\u015fitli a\u00e7\u0131klamalarda bulunan S\u0131la T\u00fcrko\u011flu, uzun bir s\u00fcredir birlikte oldu\u011fu sevgilisi Ata Ayy\u0131ld\u0131z ile ilk bulu\u015fmas\u0131n\u0131 anlatt\u0131.<\/p>\n<p><img loading=\"lazy\" decoding=\"async\" class=\"alignnone wp-image-135292\" src=\"https:\/\/www.tgrthaber.com\/mavikadin\/wp-content\/uploads\/SilaTurkoglu-1-1024x576.jpg\" alt=\"S\u0131la T\u00fcrko\u011flu&#039;ndan G\u00fcll\u00fc itiraf\u0131!\" width=\"1208\" height=\"680\" title=\"\" srcset=\"https:\/\/www.tgrthaber.com\/mavikadin\/wp-content\/uploads\/SilaTurkoglu-1-1024x576.jpg 1024w, https:\/\/www.tgrthaber.com\/mavikadin\/wp-content\/uploads\/SilaTurkoglu-1-300x169.jpg 300w, https:\/\/www.tgrthaber.com\/mavikadin\/wp-content\/uploads\/SilaTurkoglu-1-768x432.jpg 768w, https:\/\/www.tgrthaber.com\/mavikadin\/wp-content\/uploads\/SilaTurkoglu-1-1536x864.jpg 1536w, https:\/\/www.tgrthaber.com\/mavikadin\/wp-content\/uploads\/SilaTurkoglu-1.jpg 1600w\" sizes=\"(max-width: 1208px) 100vw, 1208px\" \/><\/p>\n<hr \/>\n<p>Sevgilisi Ata Ayy\u0131ld\u0131z ile ilk bulu\u015fmas\u0131n\u0131 anlatan S\u0131la T\u00fcrko\u011flu, \u201cBir detoks kamp\u0131ndayd\u0131m, 4 g\u00fcn boyunca yemek yememi\u015fim. Bir g\u00fcn sadece suyla besleniyorum. Ata, aray\u0131p ilk bulu\u015fmaya davet etti. A\u00e7l\u0131ktan a\u011fz\u0131m kokuyor. O da bana \u2018Benim de manik\u00fcr\u00fcm yok\u2019 kar\u015f\u0131l\u0131\u011f\u0131n\u0131 verdi. \u0130kimizde de o g\u00fcn tuhaf bir \u015fey vard\u0131. Bulu\u015fmaya asla giymeyece\u011fi \u015feyleri giyip gelmi\u015f. Transparan g\u00f6mlek vard\u0131 \u00fczerinde.\u201d ifadelerini kulland\u0131.<\/p>\n","protected":false},"excerpt":{"rendered":"<p>K\u0131z\u0131lc\u0131k \u015eerbeti dizisinin Do\u011fa\u2019s\u0131 S\u0131la T\u00fcrko\u011flu\u2019ndan \u2018G\u00fcll\u00fc\u2019 itiraf\u0131 geldi! \u00dcnl\u00fc oyuncu bak\u0131n hangi itirafta bulundu! \u0130\u015fte detaylar\u2026 <\/p>\n","protected":false},"author":26,"featured_media":135288,"comment_status":"closed","ping_status":"closed","sticky":false,"template":"","format":"standard","meta":{"rank_math_lock_modified_date":false,"footnotes":""},"categories":[76],"tags":[1424,133,2218,2182],"class_list":["post-135282","post","type-post","status-publish","format-standard","has-post-thumbnail","hentry","category-magazin","tag-gullu","tag-magazin","tag-magazin-haberleri","tag-sila-turkoglu"],"_links":{"self":[{"href":"https:\/\/www.tgrthaber.com\/mavikadin\/wp-json\/wp\/v2\/posts\/135282"}],"collection":[{"href":"https:\/\/www.tgrthaber.com\/mavikadin\/wp-json\/wp\/v2\/posts"}],"about":[{"href":"https:\/\/www.tgrthaber.com\/mavikadin\/wp-json\/wp\/v2\/types\/post"}],"author":[{"embeddable":true,"href":"https:\/\/www.tgrthaber.com\/mavikadin\/wp-json\/wp\/v2\/users\/26"}],"replies":[{"embeddable":true,"href":"https:\/\/www.tgrthaber.com\/mavikadin\/wp-json\/wp\/v2\/comments?post=135282"}],"version-history":[{"count":2,"href":"https:\/\/www.tgrthaber.com\/mavikadin\/wp-json\/wp\/v2\/posts\/135282\/revisions"}],"predecessor-version":[{"id":135294,"href":"https:\/\/www.tgrthaber.com\/mavikadin\/wp-json\/wp\/v2\/posts\/135282\/revisions\/135294"}],"wp:featuredmedia":[{"embeddable":true,"href":"https:\/\/www.tgrthaber.com\/mavikadin\/wp-json\/wp\/v2\/media\/135288"}],"wp:attachment":[{"href":"https:\/\/www.tgrthaber.com\/mavikadin\/wp-json\/wp\/v2\/media?parent=135282"}],"wp:term":[{"taxonomy":"category","embeddable":true,"href":"https:\/\/www.tgrthaber.com\/mavikadin\/wp-json\/wp\/v2\/categories?post=135282"},{"taxonomy":"post_tag","embeddable":true,"href":"https:\/\/www.tgrthaber.com\/mavikadin\/wp-json\/wp\/v2\/tags?post=135282"}],"curies":[{"name":"wp","href":"https:\/\/api.w.org\/{rel}","templated":true}]}}