{"id":135350,"date":"2025-02-18T16:39:48","date_gmt":"2025-02-18T13:39:48","guid":{"rendered":"https:\/\/www.tgrthaber.com\/mavikadin\/?p=135350"},"modified":"2025-03-05T13:55:30","modified_gmt":"2025-03-05T10:55:30","slug":"cenk-torunun-esi-nevin-surmen-torun-kimdir","status":"publish","type":"post","link":"https:\/\/www.tgrthaber.com\/mavikadin\/cenk-torunun-esi-nevin-surmen-torun-kimdir\/","title":{"rendered":"Cenk Torun&#8217;un e\u015fi Nevin S\u00fcrmen Torun kimdir?"},"content":{"rendered":"<p>Ba\u015far\u0131l\u0131 bir i\u015f kad\u0131n\u0131 olan Nevin S\u00fcrmen Torun son g\u00fcnlerde ailesiyle ilgili sorunlar ya\u015f\u0131yor. E\u015fi ile son zamanlarda bo\u015fanma dedikodular\u0131yla g\u00fcndeme geliyor. Peki, Nevin S\u00fcrmen Torun kimdir? \u00a0Kimin kar\u0131s\u0131d\u0131r? Merak edilenleri sizin i\u00e7in ara\u015ft\u0131rd\u0131k.<\/p>\n<h3><strong>CENK TORUN&#8217;UN E\u015e\u0130 NEV\u0130N S\u00dcRMEN TORUN K\u0130MD\u0130R?<\/strong><\/h3>\n<p>Ba\u015far\u0131l\u0131 bir i\u015f kad\u0131n\u0131 olan Nevin Torun uzun y\u0131llard\u0131r i\u015f hayat\u0131nda \u00f6nemli i\u015flere imza atm\u0131\u015ft\u0131r. 24 y\u0131l\u0131 a\u015fk\u0131n s\u00fcredir organizasyon liderli\u011fi ve m\u00fc\u015fteri ili\u015fkileri alanlar\u0131nda \u00e7al\u0131\u015fm\u0131\u015ft\u0131r. Medya ve operasyon y\u00f6netimi konular\u0131nda tecr\u00fcbesi olmas\u0131, onu sekt\u00f6rde daha iyi yerlere getirmi\u015ftir.<\/p>\n<p><img loading=\"lazy\" decoding=\"async\" class=\"alignnone wp-image-142379\" src=\"https:\/\/www.tgrthaber.com\/mavikadin\/wp-content\/uploads\/Nevin-Surmen-Torun-2-1024x576.jpg\" alt=\"Nevin-S\u00fcrmen-Torun\" width=\"1208\" height=\"680\" title=\"\" srcset=\"https:\/\/www.tgrthaber.com\/mavikadin\/wp-content\/uploads\/Nevin-Surmen-Torun-2-1024x576.jpg 1024w, https:\/\/www.tgrthaber.com\/mavikadin\/wp-content\/uploads\/Nevin-Surmen-Torun-2-300x169.jpg 300w, https:\/\/www.tgrthaber.com\/mavikadin\/wp-content\/uploads\/Nevin-Surmen-Torun-2-768x432.jpg 768w, https:\/\/www.tgrthaber.com\/mavikadin\/wp-content\/uploads\/Nevin-Surmen-Torun-2-1536x864.jpg 1536w, https:\/\/www.tgrthaber.com\/mavikadin\/wp-content\/uploads\/Nevin-Surmen-Torun-2.jpg 1600w\" sizes=\"(max-width: 1208px) 100vw, 1208px\" \/><\/p>\n<hr \/>\n<p>MEDYAPIM\u2019da Operasyon Koordinat\u00f6r\u00fc olarak g\u00f6rev yapan Nevin Torun Torun, akademik kariyerini Marmara \u00dcniversitesi Halkla \u0130li\u015fkiler, Reklamc\u0131l\u0131k ve Uygulamal\u0131 \u0130leti\u015fim b\u00f6l\u00fcm\u00fcnde tamamlad\u0131. Ko\u00e7luk ve NLP e\u011fitimleri alarak bireysel geli\u015fim alan\u0131nda da kendini geli\u015ftirdi. E\u011fitim hayat\u0131n\u0131n bitmesiyle NuPeople\u2019da Sat\u0131\u015f ve Operasyon Direkt\u00f6r\u00fc olarak \u00e7al\u0131\u015farak \u015firketin stratejik geli\u015fimine katk\u0131da bulundu.<\/p>\n<p><img loading=\"lazy\" decoding=\"async\" class=\"alignnone wp-image-142380\" src=\"https:\/\/www.tgrthaber.com\/mavikadin\/wp-content\/uploads\/Nevin-Surmen-Torun-3-1024x576.jpg\" alt=\"Nevin-S\u00fcrmen-Torun\" width=\"1208\" height=\"680\" title=\"\" srcset=\"https:\/\/www.tgrthaber.com\/mavikadin\/wp-content\/uploads\/Nevin-Surmen-Torun-3-1024x576.jpg 1024w, https:\/\/www.tgrthaber.com\/mavikadin\/wp-content\/uploads\/Nevin-Surmen-Torun-3-300x169.jpg 300w, https:\/\/www.tgrthaber.com\/mavikadin\/wp-content\/uploads\/Nevin-Surmen-Torun-3-768x432.jpg 768w, https:\/\/www.tgrthaber.com\/mavikadin\/wp-content\/uploads\/Nevin-Surmen-Torun-3-1536x864.jpg 1536w, https:\/\/www.tgrthaber.com\/mavikadin\/wp-content\/uploads\/Nevin-Surmen-Torun-3.jpg 1600w\" sizes=\"(max-width: 1208px) 100vw, 1208px\" \/><\/p>\n<hr \/>\n<h3><strong>CENK TORUN VE NEV\u0130N S\u00dcRMEN NE ZAMAN EVLEND\u0130?\u00a0<\/strong><\/h3>\n<p>Nevin S\u00fcrmen Torun, Cenk Torun ile evlidir. 1999 y\u0131l\u0131nda evlenen \u00fcnl\u00fc \u00e7ift bo\u015fanma haberleriyle sosyal medyaya d\u00fc\u015ft\u00fcler. 24 y\u0131l \u00f6nce d\u00fcnyaevine giren \u00e7iftin \u2018\u015ean\u2019 ad\u0131n\u0131 verdikleri bir erkek \u00e7ocuklar\u0131 vard\u0131r. Ba\u015far\u0131l\u0131 bir i\u015f kad\u0131n\u0131 olan Nevin S\u00fcrmen Torun, ba\u015far\u0131lar\u0131n\u0131n ard\u0131ndan e\u015fi Cenk Torun\u2019la bo\u015fanma haberleri g\u00fcndeme geliyor. Uzun y\u0131llar beraber olan \u00e7iftin bu haberleri sevenleri taraf\u0131ndan merak edildi.<\/p>\n<p><img loading=\"lazy\" decoding=\"async\" class=\"alignnone wp-image-142378\" src=\"https:\/\/www.tgrthaber.com\/mavikadin\/wp-content\/uploads\/Nevin-Surmen-Torun-1024x576.jpg\" alt=\"Nevin-S\u00fcrmen-Torun\" width=\"1208\" height=\"680\" title=\"\" srcset=\"https:\/\/www.tgrthaber.com\/mavikadin\/wp-content\/uploads\/Nevin-Surmen-Torun-1024x576.jpg 1024w, https:\/\/www.tgrthaber.com\/mavikadin\/wp-content\/uploads\/Nevin-Surmen-Torun-300x169.jpg 300w, https:\/\/www.tgrthaber.com\/mavikadin\/wp-content\/uploads\/Nevin-Surmen-Torun-768x432.jpg 768w, https:\/\/www.tgrthaber.com\/mavikadin\/wp-content\/uploads\/Nevin-Surmen-Torun-1536x864.jpg 1536w, https:\/\/www.tgrthaber.com\/mavikadin\/wp-content\/uploads\/Nevin-Surmen-Torun.jpg 1600w\" sizes=\"(max-width: 1208px) 100vw, 1208px\" \/><\/p>\n<hr \/>\n<p>\u015eubat 2025\u2019te \u00e7\u0131kan haberlere g\u00f6re, Nevin S\u00fcrmen Torun e\u015fi Cenk Torun\u2019a \u2018zina\u2019 su\u00e7lamas\u0131yla bo\u015fanma davas\u0131 a\u00e7t\u0131. Dava dilek\u00e7esinde, Cenk Torun\u2019un \u201cEsaret\u201d dizisindeki rol arkada\u015f\u0131 \u2018Mahassine Merabet\u2019 ile yakla\u015f\u0131k iki y\u0131ld\u0131r ili\u015fki ya\u015fad\u0131\u011f\u0131 iddia edildi. Bu olay, magazin d\u00fcnyas\u0131nda b\u00fcy\u00fck yank\u0131 uyand\u0131rd\u0131. Torun, bu s\u00fcre\u00e7te maddi ve manevi tazminat talebinde bulundu.\u00a0\u0130\u015f hayat\u0131ndaki ba\u015far\u0131lar\u0131n\u0131n yan\u0131 s\u0131ra, sosyal medyada da aktif olan isim, Instagram ve TikTok platformlar\u0131nda i\u00e7erikler \u00fcreterek hem profesyonel hem de ki\u015fisel hayat\u0131na dair payla\u015f\u0131mlar yap\u0131yor.<\/p>\n","protected":false},"excerpt":{"rendered":"<p>Ba\u015far\u0131l\u0131 bir i\u015f kad\u0131n\u0131 olan Nevin S\u00fcrmen Torun son g\u00fcnlerde ailesiyle ilgili sorunlar ya\u015f\u0131yor. E\u015fi ile son zamanlarda bo\u015fanma dedikodular\u0131yla g\u00fcndeme geliyor. Peki, Nevin S\u00fcrmen Torun kimdir? \u00a0Kimin kar\u0131s\u0131d\u0131r? Merak edilenleri sizin i\u00e7in ara\u015ft\u0131rd\u0131k.<\/p>\n","protected":false},"author":34,"featured_media":142377,"comment_status":"closed","ping_status":"closed","sticky":false,"template":"","format":"standard","meta":{"rank_math_lock_modified_date":false,"footnotes":""},"categories":[491],"tags":[11253,11277,11278],"class_list":["post-135350","post","type-post","status-publish","format-standard","has-post-thumbnail","hentry","category-biyografi","tag-cenk-torun","tag-nevin-surmen-torun","tag-nevin-surmen-torun-kimdir"],"_links":{"self":[{"href":"https:\/\/www.tgrthaber.com\/mavikadin\/wp-json\/wp\/v2\/posts\/135350"}],"collection":[{"href":"https:\/\/www.tgrthaber.com\/mavikadin\/wp-json\/wp\/v2\/posts"}],"about":[{"href":"https:\/\/www.tgrthaber.com\/mavikadin\/wp-json\/wp\/v2\/types\/post"}],"author":[{"embeddable":true,"href":"https:\/\/www.tgrthaber.com\/mavikadin\/wp-json\/wp\/v2\/users\/34"}],"replies":[{"embeddable":true,"href":"https:\/\/www.tgrthaber.com\/mavikadin\/wp-json\/wp\/v2\/comments?post=135350"}],"version-history":[{"count":3,"href":"https:\/\/www.tgrthaber.com\/mavikadin\/wp-json\/wp\/v2\/posts\/135350\/revisions"}],"predecessor-version":[{"id":142381,"href":"https:\/\/www.tgrthaber.com\/mavikadin\/wp-json\/wp\/v2\/posts\/135350\/revisions\/142381"}],"wp:featuredmedia":[{"embeddable":true,"href":"https:\/\/www.tgrthaber.com\/mavikadin\/wp-json\/wp\/v2\/media\/142377"}],"wp:attachment":[{"href":"https:\/\/www.tgrthaber.com\/mavikadin\/wp-json\/wp\/v2\/media?parent=135350"}],"wp:term":[{"taxonomy":"category","embeddable":true,"href":"https:\/\/www.tgrthaber.com\/mavikadin\/wp-json\/wp\/v2\/categories?post=135350"},{"taxonomy":"post_tag","embeddable":true,"href":"https:\/\/www.tgrthaber.com\/mavikadin\/wp-json\/wp\/v2\/tags?post=135350"}],"curies":[{"name":"wp","href":"https:\/\/api.w.org\/{rel}","templated":true}]}}