{"id":135353,"date":"2025-02-18T16:08:40","date_gmt":"2025-02-18T13:08:40","guid":{"rendered":"https:\/\/www.tgrthaber.com\/mavikadin\/?p=135353"},"modified":"2025-02-18T16:23:03","modified_gmt":"2025-02-18T13:23:03","slug":"sude-belkis-katildigi-odul-toreninde-bayginlik-gecirdi-nuri-bilge-ceylana-benzetildi","status":"publish","type":"post","link":"https:\/\/www.tgrthaber.com\/mavikadin\/sude-belkis-katildigi-odul-toreninde-bayginlik-gecirdi-nuri-bilge-ceylana-benzetildi\/","title":{"rendered":"Sude Belk\u0131s kat\u0131ld\u0131\u011f\u0131 \u00f6d\u00fcl t\u00f6reninde bayg\u0131nl\u0131k ge\u00e7irdi! Nuri Bilge Ceylan\u2019a benzetildi"},"content":{"rendered":"<p>Son zamanlar\u0131n pop\u00fcler fenomenleri aras\u0131nda yer alan Sude Belk\u0131s, kat\u0131ld\u0131\u011f\u0131 \u00f6d\u00fcl t\u00f6reninde \u00f6d\u00fcl alamay\u0131nca bayg\u0131nl\u0131k ge\u00e7irdi. Belk\u0131s\u2019\u0131n numaradan bayg\u0131nl\u0131k ge\u00e7irdi\u011fi anlar\u0131 ise Nuri Bilge Ceylan\u2019a benzetildi. YouTube platformunda yay\u0131nlad\u0131\u011f\u0131 Has\u00e7elikler and the City dizisiyle s\u0131k\u00e7a\u00a0g\u00fcndeme gelen Belk\u0131s, bu kez kat\u0131ld\u0131\u011f\u0131 \u00f6d\u00fcl t\u00f6reninde e\u011flenceli halleriyle g\u00fcndeme geldi. \u0130\u015fte Belk\u0131s\u2019\u0131n kat\u0131ld\u0131\u011f\u0131 \u00f6d\u00fcl t\u00f6reninde bayg\u0131nl\u0131k ge\u00e7irdi\u011fi anlar\u2026<\/p>\n<h3>SUDE BELKIS KATILDI\u011eI \u00d6D\u00dcL T\u00d6REN\u0130NDE BAYGINLIK GE\u00c7\u0130RD\u0130!<\/h3>\n<p>Son d\u00f6nemlerin en s\u0131k konu\u015fulan sosyal medya fenomenleri aras\u0131nda yer alan Sude Belk\u0131s, kat\u0131ld\u0131\u011f\u0131 TikTok \u00f6d\u00fclleri t\u00f6reninde aday oldu\u011fu \u201cEn iyi komedi\u201d kategorisinin kazanan\u0131 \u201cPqueen\u201d lakapl\u0131 Pelin Baynazo\u011flu olunca, adeta Nuri Bilge Ceylan misali bayg\u0131nl\u0131k ge\u00e7irdi. Belk\u0131s\u2019\u0131n numaradan bayg\u0131nl\u0131k ge\u00e7irdi\u011fi anlar sosyal medyada g\u00fcndem oldu.<\/p>\n<p><img loading=\"lazy\" decoding=\"async\" class=\"alignnone wp-image-135361\" src=\"https:\/\/www.tgrthaber.com\/mavikadin\/wp-content\/uploads\/Adsiz-tasarim-21-33-1024x576.jpg\" alt=\"Sude Belk\u0131s kat\u0131ld\u0131\u011f\u0131 \u00f6d\u00fcl t\u00f6reninde bayg\u0131nl\u0131k ge\u00e7irdi! \" width=\"1208\" height=\"680\" title=\"\" srcset=\"https:\/\/www.tgrthaber.com\/mavikadin\/wp-content\/uploads\/Adsiz-tasarim-21-33-1024x576.jpg 1024w, https:\/\/www.tgrthaber.com\/mavikadin\/wp-content\/uploads\/Adsiz-tasarim-21-33-300x169.jpg 300w, https:\/\/www.tgrthaber.com\/mavikadin\/wp-content\/uploads\/Adsiz-tasarim-21-33-768x432.jpg 768w, https:\/\/www.tgrthaber.com\/mavikadin\/wp-content\/uploads\/Adsiz-tasarim-21-33-1536x864.jpg 1536w, https:\/\/www.tgrthaber.com\/mavikadin\/wp-content\/uploads\/Adsiz-tasarim-21-33.jpg 1600w\" sizes=\"(max-width: 1208px) 100vw, 1208px\" \/><\/p>\n<hr \/>\n<p>Belk\u0131s TV YouTube kanal\u0131nda yay\u0131nlad\u0131\u011f\u0131 \u201cHas\u00e7elikler and the City\u201d adl\u0131 diziyle \u00f6n plana \u00e7\u0131kan Sude Belk\u0131s, \u00fcretti\u011fi i\u00e7eriklerle ad\u0131ndan s\u00f6z ettiriyor. Sosyal medya hesaplar\u0131ndan aktif olarak i\u00e7erik \u00fcreten Belk\u0131s, Has\u00e7elikler and the City dizisindeki \u201cNeslihan\u201d karakteriyle dikkatleri \u00fczerine \u00e7ekiyor.<\/p>\n<div style=\"width: 640px;\" class=\"wp-video\"><!--[if lt IE 9]><script>document.createElement('video');<\/script><![endif]-->\n<video class=\"wp-video-shortcode\" id=\"video-135353-1\" width=\"640\" height=\"640\" preload=\"metadata\" controls=\"controls\"><source type=\"video\/mp4\" src=\"https:\/\/www.tgrthaber.com\/mavikadin\/wp-content\/uploads\/Sude-Belkis.mp4?_=1\" \/><a href=\"https:\/\/www.tgrthaber.com\/mavikadin\/wp-content\/uploads\/Sude-Belkis.mp4\">https:\/\/www.tgrthaber.com\/mavikadin\/wp-content\/uploads\/Sude-Belkis.mp4<\/a><\/video><\/div>\n<hr \/>\n<h3>NUR\u0130 B\u0130LGE CEYLAN\u2019A BENZET\u0130LD\u0130!<\/h3>\n<p>\u00dcnl\u00fc sosyal medya i\u00e7erik \u00fcreticisi Sude Belk\u0131s, ge\u00e7ti\u011fimiz saatlerde bir \u00f6d\u00fcl t\u00f6renine kat\u0131ld\u0131. \u00dcretti\u011fi komik i\u00e7eriklerle ad\u0131n\u0131 duyuran Belk\u0131s, kat\u0131ld\u0131\u011f\u0131 \u00f6d\u00fcl t\u00f6reninde aday oldu\u011fu kategorinin kazanan\u0131 kendisi olamay\u0131nca, numaradan bayg\u0131nl\u0131k ge\u00e7irdi. O anlar\u0131 sosyal medya hesab\u0131ndan payla\u015fan Belk\u0131s, Nuri Bilge Ceylan\u2019a benzetildi.<\/p>\n<p><img loading=\"lazy\" decoding=\"async\" class=\"alignnone wp-image-135365\" src=\"https:\/\/www.tgrthaber.com\/mavikadin\/wp-content\/uploads\/Adsiz-tasarim-30-24-1024x576.jpg\" alt=\"Sude Belk\u0131s kat\u0131ld\u0131\u011f\u0131 \u00f6d\u00fcl t\u00f6reninde bayg\u0131nl\u0131k ge\u00e7irdi! \" width=\"1208\" height=\"680\" title=\"\" srcset=\"https:\/\/www.tgrthaber.com\/mavikadin\/wp-content\/uploads\/Adsiz-tasarim-30-24-1024x576.jpg 1024w, https:\/\/www.tgrthaber.com\/mavikadin\/wp-content\/uploads\/Adsiz-tasarim-30-24-300x169.jpg 300w, https:\/\/www.tgrthaber.com\/mavikadin\/wp-content\/uploads\/Adsiz-tasarim-30-24-768x432.jpg 768w, https:\/\/www.tgrthaber.com\/mavikadin\/wp-content\/uploads\/Adsiz-tasarim-30-24-1536x864.jpg 1536w, https:\/\/www.tgrthaber.com\/mavikadin\/wp-content\/uploads\/Adsiz-tasarim-30-24.jpg 1600w\" sizes=\"(max-width: 1208px) 100vw, 1208px\" \/><\/p>\n<hr \/>\n<p>Ge\u00e7ti\u011fimiz y\u0131llarda Sinema ile ilgili payla\u015f\u0131mlar yapan bir X hesab\u0131n\u0131n g\u00f6nderisinde Nuri Bilge Ceylan\u2019\u0131n, Alt\u0131n Portakal Film Festivali\u2019nde Zeki Demirkubuz\u2019un \u201cKader\u201d filminin \u00f6d\u00fcl almas\u0131ndan dolay\u0131 bay\u0131ld\u0131\u011f\u0131 iddia edilmi\u015fti. Sude Belk\u0131s\u2019\u0131n aday g\u00f6sterildi\u011fi kategoride \u00f6d\u00fcl alamamas\u0131 ve ard\u0131ndan numaradan bayg\u0131nl\u0131k ge\u00e7irmesi, Nuri Bilge Ceylan\u2019a benzetildi.<\/p>\n<p>Nuri Bilge Ceylan ve Zeki Demirkubuz aras\u0131nda ge\u00e7en olay, 2006 y\u0131l\u0131nda d\u00fczenlenen 43. Alt\u0131n Portakal Film Festivali ile 2. Uluslararas\u0131 Avrasya Film Festivali&#8217;nde ger\u00e7ekle\u015fmi\u015fti. Festivalde Zeki Demirkubuz &#8220;Kader&#8221; filmiyle &#8220;En \u0130yi Film&#8221; \u00f6d\u00fcl\u00fcn\u00fc alm\u0131\u015f, Nuri Bilge Ceylan ise &#8220;\u0130klimler&#8221; filmiyle &#8220;En \u0130yi Y\u00f6netmen&#8221; \u00f6d\u00fcl\u00fcn\u00fc alm\u0131\u015ft\u0131. Ceylan\u2019\u0131n \u00f6d\u00fcl\u00fcn\u00fc ald\u0131ktan sonra bay\u0131lmas\u0131 ve fenala\u015farak hastaneye kald\u0131r\u0131lmas\u0131 \u00e7ok konu\u015fulmu\u015ftu. Daha sonra Ceylan\u2019\u0131n gribal enfeksiyonu nedeniyle tansiyonu ve kan \u015fekeri d\u00fc\u015ft\u00fc\u011f\u00fc i\u00e7in bay\u0131ld\u0131\u011f\u0131 bilgisi payla\u015f\u0131lm\u0131\u015ft\u0131.<\/p>\n<div style=\"width: 640px;\" class=\"wp-video\"><video class=\"wp-video-shortcode\" id=\"video-135353-2\" width=\"640\" height=\"640\" preload=\"metadata\" controls=\"controls\"><source type=\"video\/mp4\" src=\"https:\/\/www.tgrthaber.com\/mavikadin\/wp-content\/uploads\/Nuri-Bilge-Ceylan.mp4?_=2\" \/><a href=\"https:\/\/www.tgrthaber.com\/mavikadin\/wp-content\/uploads\/Nuri-Bilge-Ceylan.mp4\">https:\/\/www.tgrthaber.com\/mavikadin\/wp-content\/uploads\/Nuri-Bilge-Ceylan.mp4<\/a><\/video><\/div>\n","protected":false},"excerpt":{"rendered":"<p>Sude Belk\u0131s adl\u0131 sosyal medya fenomeni kat\u0131ld\u0131\u011f\u0131 \u00f6d\u00fcl t\u00f6reninde kendisi \u00f6d\u00fcl alamay\u0131nca numaradan bayg\u0131nl\u0131k ge\u00e7irdi. Belk\u0131s\u2019\u0131n e\u011flenceli halleri ise Nuri Bilge Ceylan\u2019a benzetildi. \u0130\u015fte detaylar\u2026 <\/p>\n","protected":false},"author":26,"featured_media":135360,"comment_status":"closed","ping_status":"closed","sticky":false,"template":"","format":"standard","meta":{"rank_math_lock_modified_date":false,"footnotes":""},"categories":[76],"tags":[133,2218,9274,11276,11265],"class_list":["post-135353","post","type-post","status-publish","format-standard","has-post-thumbnail","hentry","category-magazin","tag-magazin","tag-magazin-haberleri","tag-nuri-bilge-ceylan","tag-pelin-baynazoglu","tag-sude-belkis"],"_links":{"self":[{"href":"https:\/\/www.tgrthaber.com\/mavikadin\/wp-json\/wp\/v2\/posts\/135353"}],"collection":[{"href":"https:\/\/www.tgrthaber.com\/mavikadin\/wp-json\/wp\/v2\/posts"}],"about":[{"href":"https:\/\/www.tgrthaber.com\/mavikadin\/wp-json\/wp\/v2\/types\/post"}],"author":[{"embeddable":true,"href":"https:\/\/www.tgrthaber.com\/mavikadin\/wp-json\/wp\/v2\/users\/26"}],"replies":[{"embeddable":true,"href":"https:\/\/www.tgrthaber.com\/mavikadin\/wp-json\/wp\/v2\/comments?post=135353"}],"version-history":[{"count":5,"href":"https:\/\/www.tgrthaber.com\/mavikadin\/wp-json\/wp\/v2\/posts\/135353\/revisions"}],"predecessor-version":[{"id":135373,"href":"https:\/\/www.tgrthaber.com\/mavikadin\/wp-json\/wp\/v2\/posts\/135353\/revisions\/135373"}],"wp:featuredmedia":[{"embeddable":true,"href":"https:\/\/www.tgrthaber.com\/mavikadin\/wp-json\/wp\/v2\/media\/135360"}],"wp:attachment":[{"href":"https:\/\/www.tgrthaber.com\/mavikadin\/wp-json\/wp\/v2\/media?parent=135353"}],"wp:term":[{"taxonomy":"category","embeddable":true,"href":"https:\/\/www.tgrthaber.com\/mavikadin\/wp-json\/wp\/v2\/categories?post=135353"},{"taxonomy":"post_tag","embeddable":true,"href":"https:\/\/www.tgrthaber.com\/mavikadin\/wp-json\/wp\/v2\/tags?post=135353"}],"curies":[{"name":"wp","href":"https:\/\/api.w.org\/{rel}","templated":true}]}}