{"id":135462,"date":"2025-02-18T18:19:26","date_gmt":"2025-02-18T15:19:26","guid":{"rendered":"https:\/\/www.tgrthaber.com\/mavikadin\/?p=135462"},"modified":"2025-02-18T18:19:26","modified_gmt":"2025-02-18T15:19:26","slug":"cagatay-ulusoy-ve-demet-ozdemirin-partnerligi-simdiden-begenildi-yok-boyle-cift","status":"publish","type":"post","link":"https:\/\/www.tgrthaber.com\/mavikadin\/cagatay-ulusoy-ve-demet-ozdemirin-partnerligi-simdiden-begenildi-yok-boyle-cift\/","title":{"rendered":"\u00c7a\u011fatay Ulusoy ve Demet \u00d6zdemir&#8217;in partnerli\u011fi \u015fimdiden be\u011fenildi! Yok b\u00f6yle \u00e7ift"},"content":{"rendered":"<p>Kanal D ekranlar\u0131nda ekran maceras\u0131na ba\u015flayacak olan E\u015fref R\u00fcya dizisi, izleyici taraf\u0131ndan b\u00fcy\u00fck bir heyecanla bekleniyor. Ba\u015frollerinde \u00c7a\u011fatay Ulusoy ve Demet \u00d6zdemir\u2019in yer ald\u0131\u011f\u0131 dizinin ge\u00e7ti\u011fimiz ak\u015fam ilk tan\u0131t\u0131m videosu yay\u0131nlanm\u0131\u015ft\u0131. \u0130lk tan\u0131t\u0131m videosuyla b\u00fcy\u00fck bir be\u011feni toplayan dizide, \u00c7a\u011fatay Ulusoy ve Demet \u00d6zdemir partnerli\u011fi \u015fimdiden be\u011fenildi. Tan\u0131t\u0131m videosuyla dikkat \u00e7eken dizi, izleyiciyi ekran ba\u015f\u0131na kilitlemeye haz\u0131rlan\u0131yor.<\/p>\n<h3>\u00c7A\u011eATAY ULUSOY VE DEMET \u00d6ZDEM\u0130R&#8217;\u0130N PARTNERL\u0130\u011e\u0130 \u015e\u0130MD\u0130DEN BE\u011eEN\u0130LD\u0130!<\/h3>\n<p>Yap\u0131m\u0131n\u0131 Tims&amp;B\u2019nin, yap\u0131mc\u0131l\u0131\u011f\u0131n\u0131 ise Timur Savc\u0131 ve Burak Sa\u011fya\u015far\u2019\u0131n \u00fcstlendi\u011fi, y\u00f6netmen koltu\u011funda Ulu\u00e7 Bayraktar\u2019\u0131n oturdu\u011fu, senaryosunu ise Ethem \u00d6z\u0131\u015f\u0131k ve Lokman Maral\u2019\u0131n kaleme ald\u0131\u011f\u0131 E\u015fref R\u00fcya dizisi, izleyiciyi ekran ba\u015f\u0131na kilitlemeye haz\u0131rlan\u0131yor. Kanal D ekranlar\u0131nda izleyici ile bulu\u015facak dizinin\u00a0ge\u00e7ti\u011fimiz ak\u015fam ilk tan\u0131t\u0131m\u0131 yay\u0131nland\u0131.<\/p>\n<p><img loading=\"lazy\" decoding=\"async\" class=\"alignnone wp-image-135464\" src=\"https:\/\/www.tgrthaber.com\/mavikadin\/wp-content\/uploads\/Esref-ruya-3-1-1024x576.jpg\" alt=\"\u00c7a\u011fatay Ulusoy ve Demet \u00d6zdemir&#039;in partnerli\u011fi \u015fimdiden be\u011fenildi! \" width=\"1208\" height=\"680\" title=\"\" srcset=\"https:\/\/www.tgrthaber.com\/mavikadin\/wp-content\/uploads\/Esref-ruya-3-1-1024x576.jpg 1024w, https:\/\/www.tgrthaber.com\/mavikadin\/wp-content\/uploads\/Esref-ruya-3-1-300x169.jpg 300w, https:\/\/www.tgrthaber.com\/mavikadin\/wp-content\/uploads\/Esref-ruya-3-1-768x432.jpg 768w, https:\/\/www.tgrthaber.com\/mavikadin\/wp-content\/uploads\/Esref-ruya-3-1-1536x864.jpg 1536w, https:\/\/www.tgrthaber.com\/mavikadin\/wp-content\/uploads\/Esref-ruya-3-1.jpg 1600w\" sizes=\"(max-width: 1208px) 100vw, 1208px\" \/><\/p>\n<hr \/>\n<p>Ba\u015frollerinde \u00fcnl\u00fc oyuncular \u00c7a\u011fatay Ulusoy ve Demet \u00d6zdemir\u2019in yer ald\u0131\u011f\u0131\u00a0E\u015fref R\u00fcya dizisi ilk tan\u0131t\u0131m\u0131yla sosyal medyada b\u00fcy\u00fck yank\u0131 uyand\u0131rd\u0131. Mart ay\u0131nda yay\u0131nlanmas\u0131 beklenen dizinin partnerleri, \u00c7a\u011fatay Ulusoy ve Demet \u00d6zdemir \u015fimdiden \u00e7ok be\u011fenildi. Gerilim, dram ve a\u015fk temalar\u0131n\u0131n \u00f6n planda oldu\u011fu dizi, seyirciyi ekran ba\u015f\u0131na kilitleyecek gibi duruyor. Dizide \u00c7a\u011fatay Ulusoy, E\u015fref karakterini oynarken, Demet \u00d6zdemir, Nisan karakterini oynuyor.<\/p>\n<h3>E\u015eREF R\u00dcYA D\u0130Z\u0130S\u0130N\u0130N KONUSU NE?<\/h3>\n<p>A\u015fk\u0131n k\u00fcllenmi\u015f ate\u015fini yeniden alevlendirecek olan E\u015fref R\u00fcya dizisi, gerilim, su\u00e7, a\u015fk ve dram temalar\u0131yla \u00f6n plana \u00e7\u0131k\u0131yor. Dizide E\u015fref karakteri, g\u00f6z\u00fc kara, g\u00fcc\u00fc, paras\u0131 ve her \u015feyi olan ama ismini bilmedi\u011fi bir a\u015fk\u0131n esiri olarak kar\u015f\u0131m\u0131za \u00e7\u0131k\u0131yor. Nisan karakteri ise R\u00fcya\u2019dan sonra E\u015fref\u2019in kalbini ilk defa att\u0131ran gen\u00e7 m\u00fczisyen\u00a0olarak dizide yer alacak. A\u015fk\u0131n k\u00fcllenmi\u015f ate\u015fini yeniden alevlendirecek olan E\u015fref ve Nisan\u2019\u0131n hikayesi izleyicileri ekran ba\u015f\u0131na kilitleyecek.<\/p>\n<p><img loading=\"lazy\" decoding=\"async\" class=\"alignnone wp-image-135465\" src=\"https:\/\/www.tgrthaber.com\/mavikadin\/wp-content\/uploads\/Esref-ruya-1-2-1024x576.jpg\" alt=\"\u00c7a\u011fatay Ulusoy ve Demet \u00d6zdemir&#039;in partnerli\u011fi \u015fimdiden be\u011fenildi! \" width=\"1208\" height=\"680\" title=\"\" srcset=\"https:\/\/www.tgrthaber.com\/mavikadin\/wp-content\/uploads\/Esref-ruya-1-2-1024x576.jpg 1024w, https:\/\/www.tgrthaber.com\/mavikadin\/wp-content\/uploads\/Esref-ruya-1-2-300x169.jpg 300w, https:\/\/www.tgrthaber.com\/mavikadin\/wp-content\/uploads\/Esref-ruya-1-2-768x432.jpg 768w, https:\/\/www.tgrthaber.com\/mavikadin\/wp-content\/uploads\/Esref-ruya-1-2-1536x864.jpg 1536w, https:\/\/www.tgrthaber.com\/mavikadin\/wp-content\/uploads\/Esref-ruya-1-2.jpg 1600w\" sizes=\"(max-width: 1208px) 100vw, 1208px\" \/><\/p>\n<hr \/>\n<p>E\u015fref R\u00fcya dizisi, y\u0131llar sonra \u00f6zlenen bir a\u015fk hikayesini izleyici kar\u015f\u0131s\u0131na \u00e7\u0131karacak. E\u015fref, k\u00fc\u00e7\u00fck ya\u015fta yetim kalman\u0131n verdi\u011fi yaln\u0131zl\u0131kla su\u00e7 d\u00fcnyas\u0131na itilmi\u015f bir karakter olarak kamera kar\u015f\u0131s\u0131na \u00e7\u0131kacak. E\u015fref, su\u00e7 d\u00fcnyas\u0131n\u0131n i\u00e7inde kaybolmu\u015f, zorlu ve m\u00fccadeleci hayat\u0131n\u0131n kar\u015f\u0131s\u0131nda Nisan\u2019a olan a\u015fk\u0131yla tahmin edemeyece\u011fi bir r\u00fczgar\u0131n i\u00e7erisinde s\u00fcr\u00fcklenecek.<\/p>\n<h3>E\u015eREF R\u00dcYA D\u0130Z\u0130 OYUNCULARI<\/h3>\n<p>Ba\u015frollerinde Demet \u00d6zdemir ve \u00c7a\u011fatay Ulusoy\u2019un yer ald\u0131\u011f\u0131 dizide birbirinden ba\u015far\u0131l\u0131 isimler yer al\u0131yor. Demet \u00d6zdemir Nisan karakterini oynarken, \u00c7a\u011fatay Ulusoy ise E\u015fref karakterini oynuyor.<\/p>\n<p><img loading=\"lazy\" decoding=\"async\" class=\"alignnone wp-image-135467\" src=\"https:\/\/www.tgrthaber.com\/mavikadin\/wp-content\/uploads\/Adsiz-tasarim-31-32-1024x576.jpg\" alt=\"\u00c7a\u011fatay Ulusoy ve Demet \u00d6zdemir&#039;in partnerli\u011fi \u015fimdiden be\u011fenildi! \" width=\"1208\" height=\"680\" title=\"\" srcset=\"https:\/\/www.tgrthaber.com\/mavikadin\/wp-content\/uploads\/Adsiz-tasarim-31-32-1024x576.jpg 1024w, https:\/\/www.tgrthaber.com\/mavikadin\/wp-content\/uploads\/Adsiz-tasarim-31-32-300x169.jpg 300w, https:\/\/www.tgrthaber.com\/mavikadin\/wp-content\/uploads\/Adsiz-tasarim-31-32-768x432.jpg 768w, https:\/\/www.tgrthaber.com\/mavikadin\/wp-content\/uploads\/Adsiz-tasarim-31-32-1536x864.jpg 1536w, https:\/\/www.tgrthaber.com\/mavikadin\/wp-content\/uploads\/Adsiz-tasarim-31-32.jpg 1600w\" sizes=\"(max-width: 1208px) 100vw, 1208px\" \/><\/p>\n<hr \/>\n<p>Demet \u00d6zdemir ve \u00c7a\u011fatay Ulusoy\u2019un ba\u015frol oynad\u0131\u011f\u0131 E\u015fref R\u00fcya dizisinde; Necip Memili, B\u00fc\u015fra Develi, Ahmet R\u0131fat \u015eungar, Tolga Tekin, G\u00f6rkem Sevindik, Ceren Benderlio\u011flu, Ebrar Karabakan, Umut Karada\u011f, Kaan Turgut, A\u015fk\u0131n \u015eenol, \u015eener Sava\u015f, Ahmet Y\u0131ld\u0131r\u0131m, Kerem Alp Kabul, Bartu Zeytinci, G\u00f6k\u00e7em \u00c7oban, Volkan Uygun, Taylan G\u00fcldere, Feriha Ey\u00fcbo\u011flu ve Macit Koper gibi birbirinden ba\u015far\u0131l\u0131 oyuncular yer al\u0131yor.<\/p>\n","protected":false},"excerpt":{"rendered":"<p>Kanal D ekranlar\u0131nda seyirci ile bulu\u015fmaya haz\u0131rlanan E\u015fref R\u00fcya dizisi sab\u0131rs\u0131zl\u0131kla bekleniyor. Dizinin ge\u00e7ti\u011fimiz ak\u015fam ilk tan\u0131t\u0131m\u0131 yay\u0131nland\u0131. \u00c7a\u011fatay Ulusoy ve Demet \u00d6zdemir partnerli\u011fi \u015fimdiden be\u011fenildi. <\/p>\n","protected":false},"author":26,"featured_media":135463,"comment_status":"closed","ping_status":"closed","sticky":false,"template":"","format":"standard","meta":{"rank_math_lock_modified_date":false,"footnotes":""},"categories":[76],"tags":[2765,2570,4755,11026,4756],"class_list":["post-135462","post","type-post","status-publish","format-standard","has-post-thumbnail","hentry","category-magazin","tag-cagatay-ulusoy","tag-demet-ozdemir","tag-esref-ruya","tag-esref-ruya-dizi","tag-esref-ruya-dizisi"],"_links":{"self":[{"href":"https:\/\/www.tgrthaber.com\/mavikadin\/wp-json\/wp\/v2\/posts\/135462"}],"collection":[{"href":"https:\/\/www.tgrthaber.com\/mavikadin\/wp-json\/wp\/v2\/posts"}],"about":[{"href":"https:\/\/www.tgrthaber.com\/mavikadin\/wp-json\/wp\/v2\/types\/post"}],"author":[{"embeddable":true,"href":"https:\/\/www.tgrthaber.com\/mavikadin\/wp-json\/wp\/v2\/users\/26"}],"replies":[{"embeddable":true,"href":"https:\/\/www.tgrthaber.com\/mavikadin\/wp-json\/wp\/v2\/comments?post=135462"}],"version-history":[{"count":2,"href":"https:\/\/www.tgrthaber.com\/mavikadin\/wp-json\/wp\/v2\/posts\/135462\/revisions"}],"predecessor-version":[{"id":135469,"href":"https:\/\/www.tgrthaber.com\/mavikadin\/wp-json\/wp\/v2\/posts\/135462\/revisions\/135469"}],"wp:featuredmedia":[{"embeddable":true,"href":"https:\/\/www.tgrthaber.com\/mavikadin\/wp-json\/wp\/v2\/media\/135463"}],"wp:attachment":[{"href":"https:\/\/www.tgrthaber.com\/mavikadin\/wp-json\/wp\/v2\/media?parent=135462"}],"wp:term":[{"taxonomy":"category","embeddable":true,"href":"https:\/\/www.tgrthaber.com\/mavikadin\/wp-json\/wp\/v2\/categories?post=135462"},{"taxonomy":"post_tag","embeddable":true,"href":"https:\/\/www.tgrthaber.com\/mavikadin\/wp-json\/wp\/v2\/tags?post=135462"}],"curies":[{"name":"wp","href":"https:\/\/api.w.org\/{rel}","templated":true}]}}