{"id":135513,"date":"2025-02-18T22:48:43","date_gmt":"2025-02-18T19:48:43","guid":{"rendered":"https:\/\/www.tgrthaber.com\/mavikadin\/?p=135513"},"modified":"2025-02-18T22:48:43","modified_gmt":"2025-02-18T19:48:43","slug":"ilber-ortaylidan-mattia-ahmet-minguzzi-ile-ilgili-duygusal-paylasim-iyi-yetistirilmis-bir-genc","status":"publish","type":"post","link":"https:\/\/www.tgrthaber.com\/mavikadin\/ilber-ortaylidan-mattia-ahmet-minguzzi-ile-ilgili-duygusal-paylasim-iyi-yetistirilmis-bir-genc\/","title":{"rendered":"\u0130lber Ortayl\u0131\u2019dan Mattia Ahmet Minguzzi ile ilgili duygusal payla\u015f\u0131m! \u201c \u0130yi yeti\u015ftirilmi\u015f bir gen\u00e7\u201d"},"content":{"rendered":"<p>\u00d6l\u00fcm\u00fcyle t\u00fcm T\u00fcrkiye\u2019yi yasa bo\u011fan 14 ya\u015f\u0131ndaki Mattia Ahmet Minguzzi vefat\u0131 her ge\u00e7en g\u00fcn ailesini ve yak\u0131nlar\u0131n\u0131 derinden etkiliyor. Ge\u00e7ti\u011fimiz g\u00fcnlerde Mattia Ahmet Minguzzi annesi Yasemin Minguzzi o\u011flu ve di\u011fer \u00e7ocuklar i\u00e7in her zaman adaleti savunaca\u011f\u0131n\u0131 ve ba\u015fka \u00e7ocuklar\u0131 da koruyup kollayaca\u011f\u0131n\u0131 a\u00e7\u0131klam\u0131\u015ft\u0131. Anne Yasemin Minguzzi\u2019n s\u00f6zleri sosyal medyadaki herkesi etkilemi\u015fti. \u0130lber Ortayl\u0131\u2019da Mattia Ahmet Minguzzi \u00f6l\u00fcm\u00fc hakk\u0131nda ya\u015fan\u0131lan ihmaller ve toplumsal sorunlara de\u011finerek 14 ya\u015f\u0131nda vefat eden Mattia Ahmet hakk\u0131nda sosyal medyas\u0131nda duygusal bir payla\u015f\u0131m yapt\u0131.<\/p>\n<h3>\u201cHANG\u0130 \u015eER KUVVETLER\u0130\u201d<\/h3>\n<p>\u0130lber Ortayl\u0131, Kad\u0131k\u00f6y\u2019de ba\u015fka bir gen\u00e7 taraf\u0131ndan b\u0131\u00e7akl\u0131 sald\u0131r\u0131ya u\u011frayan Mattia Ahmet Minguzzi hakk\u0131nda duygular\u0131n\u0131 payla\u015ft\u0131. Ortayl\u0131, ya\u015fan\u0131lan bu olay kar\u015f\u0131s\u0131nda toplumsal bozulmalara da dikkat \u00e7ekti.<\/p>\n<p>\u201c15 ya\u015f\u0131ndaki Mattia Ahmet Minguzzi, kendisine laf atan iki mahl\u00fbka sadece \u201cPardon karde\u015fim\u201d dedi\u011fi i\u00e7in b\u0131\u00e7akl\u0131 sald\u0131r\u0131ya u\u011fruyor&#8230; Efendili\u011fiyle, g\u00fcvenli\u011fiyle, en m\u00fctevaz\u0131 zamanlar\u0131nda bile yard\u0131mseverli\u011fi, eli a\u00e7\u0131kl\u0131\u011f\u0131 ve nazik diliyle tan\u0131nan 1960\u2019lar \u00f6ncesi \u0130stanbul\u2019u hangi \u015fer kuvvetleri bu h\u00e2le getirdi ve bu mahl\u00fbkat kalabal\u0131\u011f\u0131 buraya nas\u0131l geldi?\u201d<\/p>\n<p><img loading=\"lazy\" decoding=\"async\" class=\"alignnone size-medium wp-image-135517\" src=\"https:\/\/www.tgrthaber.com\/mavikadin\/wp-content\/uploads\/ilber-ortayli-Mattia-Ahmet-Minguzzi-ilgilili-duygusal-paylasimi-2-300x169.jpg\" alt=\"ilber ortayl\u0131 Mattia Ahmet Minguzzi ilgilili duygusal payla\u015f\u0131m\u0131\" width=\"300\" height=\"169\" title=\"\" srcset=\"https:\/\/www.tgrthaber.com\/mavikadin\/wp-content\/uploads\/ilber-ortayli-Mattia-Ahmet-Minguzzi-ilgilili-duygusal-paylasimi-2-300x169.jpg 300w, https:\/\/www.tgrthaber.com\/mavikadin\/wp-content\/uploads\/ilber-ortayli-Mattia-Ahmet-Minguzzi-ilgilili-duygusal-paylasimi-2-1024x576.jpg 1024w, https:\/\/www.tgrthaber.com\/mavikadin\/wp-content\/uploads\/ilber-ortayli-Mattia-Ahmet-Minguzzi-ilgilili-duygusal-paylasimi-2-768x432.jpg 768w, https:\/\/www.tgrthaber.com\/mavikadin\/wp-content\/uploads\/ilber-ortayli-Mattia-Ahmet-Minguzzi-ilgilili-duygusal-paylasimi-2-1536x864.jpg 1536w, https:\/\/www.tgrthaber.com\/mavikadin\/wp-content\/uploads\/ilber-ortayli-Mattia-Ahmet-Minguzzi-ilgilili-duygusal-paylasimi-2.jpg 1920w\" sizes=\"(max-width: 300px) 100vw, 300px\" \/><\/p>\n<hr \/>\n<h3>\u201c\u0130Y\u0130 YET\u0130\u015eT\u0130R\u0130LM\u0130\u015e B\u0130R GEN\u00c7\u201d<\/h3>\n<p>\u0130lber Ortayl\u0131, merhum Mattia Ahmet Minguzzi i\u00e7in \u201cGen\u00e7 Mattia Ahmet, iyi tahsil g\u00f6rm\u00fc\u015f, iyi yeti\u015ftirilmi\u015f bir gen\u00e7\u201d s\u00f6zlerini kulland\u0131. Ortayl\u0131, iyi insanlar\u0131n yok olup gitti\u011fini ve yeni nesil gen\u00e7lerin sald\u0131rgan bir tav\u0131r sergiledi\u011fini ifade etti. Ortayl\u0131, gen\u00e7ler aras\u0131nda ya\u015fan\u0131lan bu kopuk durumu \u015f\u00f6yle ifade etti.<\/p>\n<p>\u201c Ailesinin b\u00fcy\u00fck bir \u00f6zenle yeti\u015ftirmeye \u00e7al\u0131\u015ft\u0131klar\u0131 ve iftihar ettikleri evlatlar\u0131, batakhaneler b\u00f6lgesinde de\u011fil, haydutlar\u0131n yo\u011fun oldu\u011fu bir semtte de de\u011fil; Kad\u0131k\u00f6y\u2019de, herkesin al\u0131\u015fveri\u015f yapt\u0131\u011f\u0131, g\u00fcnl\u00fck hayat\u0131n\u0131 s\u00fcrd\u00fcrd\u00fc\u011f\u00fc bir \u00e7ar\u015f\u0131da iki ruh hastas\u0131n\u0131n sald\u0131r\u0131s\u0131na u\u011fruyor. Hepsi bu kadar. Ne \u00e7ar\u015f\u0131da g\u00fcvenlik var ne de bu \u015fehrin insanlar\u0131, serserilerin her yere dolu\u015fmas\u0131ndan dolay\u0131 endi\u015fe ediyor.\u201d<\/p>\n","protected":false},"excerpt":{"rendered":"<p>Kad\u0131k\u00f6y Sal\u0131 pazar\u0131nda al\u0131\u015fveri\u015f yaparken u\u011frad\u0131\u011f\u0131 b\u0131\u00e7akl\u0131 sald\u0131r\u0131 sonucu hayat\u0131n\u0131 kaybeden 14 ya\u015f\u0131ndaki Mattia Ahmet Minguzzi ile ilgili \u0130lber Ortayl\u0131\u2019dan duygusal bir payla\u015f\u0131m geldi. Ortayl\u0131, Mattia Ahmet Minguzzi hakk\u0131nda \u201c Gen\u00e7 Mattia Ahmet, iyi tahsil g\u00f6rm\u00fc\u015f, iyi yeti\u015ftirilmi\u015f bir gen\u00e7.\u201d diyerek s\u00f6z etti. <\/p>\n","protected":false},"author":10,"featured_media":135516,"comment_status":"closed","ping_status":"closed","sticky":false,"template":"","format":"standard","meta":{"rank_math_lock_modified_date":false,"footnotes":""},"categories":[76],"tags":[3126,11320,133,2218],"class_list":["post-135513","post","type-post","status-publish","format-standard","has-post-thumbnail","hentry","category-magazin","tag-ilber-ortayli","tag-ilber-ortayli-mattia-ahmet-minguzzi","tag-magazin","tag-magazin-haberleri"],"_links":{"self":[{"href":"https:\/\/www.tgrthaber.com\/mavikadin\/wp-json\/wp\/v2\/posts\/135513"}],"collection":[{"href":"https:\/\/www.tgrthaber.com\/mavikadin\/wp-json\/wp\/v2\/posts"}],"about":[{"href":"https:\/\/www.tgrthaber.com\/mavikadin\/wp-json\/wp\/v2\/types\/post"}],"author":[{"embeddable":true,"href":"https:\/\/www.tgrthaber.com\/mavikadin\/wp-json\/wp\/v2\/users\/10"}],"replies":[{"embeddable":true,"href":"https:\/\/www.tgrthaber.com\/mavikadin\/wp-json\/wp\/v2\/comments?post=135513"}],"version-history":[{"count":2,"href":"https:\/\/www.tgrthaber.com\/mavikadin\/wp-json\/wp\/v2\/posts\/135513\/revisions"}],"predecessor-version":[{"id":135519,"href":"https:\/\/www.tgrthaber.com\/mavikadin\/wp-json\/wp\/v2\/posts\/135513\/revisions\/135519"}],"wp:featuredmedia":[{"embeddable":true,"href":"https:\/\/www.tgrthaber.com\/mavikadin\/wp-json\/wp\/v2\/media\/135516"}],"wp:attachment":[{"href":"https:\/\/www.tgrthaber.com\/mavikadin\/wp-json\/wp\/v2\/media?parent=135513"}],"wp:term":[{"taxonomy":"category","embeddable":true,"href":"https:\/\/www.tgrthaber.com\/mavikadin\/wp-json\/wp\/v2\/categories?post=135513"},{"taxonomy":"post_tag","embeddable":true,"href":"https:\/\/www.tgrthaber.com\/mavikadin\/wp-json\/wp\/v2\/tags?post=135513"}],"curies":[{"name":"wp","href":"https:\/\/api.w.org\/{rel}","templated":true}]}}