{"id":135520,"date":"2025-02-18T23:16:28","date_gmt":"2025-02-18T20:16:28","guid":{"rendered":"https:\/\/www.tgrthaber.com\/mavikadin\/?p=135520"},"modified":"2025-02-18T23:16:28","modified_gmt":"2025-02-18T20:16:28","slug":"sinan-ozen-ikizleri-neva-ve-sanberkin-5-yas-gunlerini-kutladi","status":"publish","type":"post","link":"https:\/\/www.tgrthaber.com\/mavikadin\/sinan-ozen-ikizleri-neva-ve-sanberkin-5-yas-gunlerini-kutladi\/","title":{"rendered":"Sinan \u00d6zen, ikizleri Neva ve Sanberk\u2019in 5. ya\u015f g\u00fcnlerini kutlad\u0131!"},"content":{"rendered":"<p>Sinan \u00d6zen, 2016 y\u0131l\u0131nda Burcu Kartal ile evlenerek d\u00fcnya evine girdi. \u00dcnl\u00fc \u015fark\u0131c\u0131n\u0131n 2020\u2019nin \u015eubat ay\u0131nda ikiz bebekleri Neva ve Sanberk d\u00fcnyaya gelmi\u015fti. \u0130kizlerden k\u0131z\u0131 Neva\u2019n\u0131n sa\u011fl\u0131k sorunlar\u0131 nedeniyle uzun bir s\u00fcre hastane s\u00fcre\u00e7leri ya\u015fayan \u00d6zen ve e\u015fi k\u0131zlar\u0131n\u0131n durumunu sosyal medya hesaplar\u0131ndan a\u00e7\u0131klam\u0131\u015flard\u0131. Zorlu s\u00fcre\u00e7leri geride b\u0131rakan \u00e7iftin ikizlerinin 5. Ya\u015f g\u00fcnlerini sosyal medyada payla\u015ft\u0131klar\u0131 video ile kutlad\u0131lar.<\/p>\n<h3>7 KEZ AMEL\u0130YAT GEC\u0130RD\u0130!<\/h3>\n<p>Sinan \u00d6zen ve e\u015fi k\u0131zlar\u0131n\u0131n sa\u011fl\u0131k sorunlar\u0131 nedeniyle 7 kez ameliyat ge\u00e7irmi\u015fti. Doktorlar\u0131n b\u00fcy\u00fck \u00e7abalar\u0131 neticesinde hastal\u0131\u011f\u0131n\u0131n tan\u0131s\u0131 kondu. Sinan \u00d6zen k\u0131z\u0131 Neva\u2019n\u0131n sa\u011fl\u0131k durumu hakk\u0131nda bilgi verdi. \u00d6zen, \u201cNeva\u2019n\u0131n ge\u00e7mi\u015fte bir ba\u011f\u0131rsak rahats\u0131zl\u0131\u011f\u0131 vard\u0131. Tedavi s\u00fcrecinde 1100 gramken 7 ameliyat ge\u00e7irdi. Gerek erken do\u011fum sebebiyle, gerekse 11 ayl\u0131k yat\u0131\u015f s\u00fcresinin etkisiyle, 3 y\u0131l \u00f6nce Serebral Palsi tan\u0131s\u0131 kondu.\u201d diyerek a\u00e7\u0131klam\u0131\u015ft\u0131.<\/p>\n<p><img loading=\"lazy\" decoding=\"async\" class=\"alignnone wp-image-135522\" src=\"https:\/\/www.tgrthaber.com\/mavikadin\/wp-content\/uploads\/sinan-ozen-ve-ikizleri-300x169.jpg\" alt=\"sinan \u00f6zen ve ikizleri\" width=\"1208\" height=\"680\" title=\"\" srcset=\"https:\/\/www.tgrthaber.com\/mavikadin\/wp-content\/uploads\/sinan-ozen-ve-ikizleri-300x169.jpg 300w, https:\/\/www.tgrthaber.com\/mavikadin\/wp-content\/uploads\/sinan-ozen-ve-ikizleri-1024x576.jpg 1024w, https:\/\/www.tgrthaber.com\/mavikadin\/wp-content\/uploads\/sinan-ozen-ve-ikizleri-768x432.jpg 768w, https:\/\/www.tgrthaber.com\/mavikadin\/wp-content\/uploads\/sinan-ozen-ve-ikizleri-1536x864.jpg 1536w, https:\/\/www.tgrthaber.com\/mavikadin\/wp-content\/uploads\/sinan-ozen-ve-ikizleri.jpg 1920w\" sizes=\"(max-width: 1208px) 100vw, 1208px\" \/><\/p>\n<hr \/>\n<h3>\u201cY\u00dcR\u00dcYECEK \u0130N\u015eALLAH\u201d<\/h3>\n<p>Sinan \u00d6zen k\u0131z\u0131 Neva\u2019n\u0131n tedavisi hakk\u0131nda \u015funlar\u0131 s\u00f6ylemi\u015fti. \u201c3 y\u0131ld\u0131r tedavi g\u00f6r\u00fcyor. Ankara Hacettepe \u00dcniversitesi takibinde, haftada 3 g\u00fcn fizyoterapi g\u00f6r\u00fcyor. Kalan g\u00fcnlerde doktorumuzun g\u00f6sterdi\u011fi uygulamalar\u0131 yap\u0131yoruz. \u00c7ok u\u011fra\u015f\u0131yoruz, yorucu bir s\u00fcre\u00e7. Umutlar\u0131m\u0131z her g\u00fcn devam ediyor. K\u0131z\u0131m\u0131z \u00f6n\u00fcm\u00fczdeki y\u0131l bize s\u00fcrpriz yapacak ve y\u00fcr\u00fcyecek in\u015fallah. Neva\u2019da bir m\u00fczisyen yetene\u011fi oldu\u011funu hissediyorum. \u015eark\u0131lar\u0131m\u0131 ezbere s\u00f6yl\u00fcyor. Ben meslek hayat\u0131mda daha esnek davranacakt\u0131m ama onlar bana ikinci bir m\u00fccadele sebebi verdiler. \u015eimdi onlar i\u00e7in daha \u00e7ok \u00e7al\u0131\u015f\u0131yorum, m\u00fczik yap\u0131yorum.\u201d diyerek a\u00e7\u0131klam\u0131\u015ft\u0131.<\/p>\n<div style=\"width: 480px;\" class=\"wp-video\"><!--[if lt IE 9]><script>document.createElement('video');<\/script><![endif]-->\n<video class=\"wp-video-shortcode\" id=\"video-135520-1\" width=\"480\" height=\"854\" preload=\"metadata\" controls=\"controls\"><source type=\"video\/mp4\" src=\"https:\/\/www.tgrthaber.com\/mavikadin\/wp-content\/uploads\/Sinan-Ozen-ikizleri-Neva-ve-Sanberkin-5.-yas-gunlerini-kutladi.mp4?_=1\" \/><a href=\"https:\/\/www.tgrthaber.com\/mavikadin\/wp-content\/uploads\/Sinan-Ozen-ikizleri-Neva-ve-Sanberkin-5.-yas-gunlerini-kutladi.mp4\">https:\/\/www.tgrthaber.com\/mavikadin\/wp-content\/uploads\/Sinan-Ozen-ikizleri-Neva-ve-Sanberkin-5.-yas-gunlerini-kutladi.mp4<\/a><\/video><\/div>\n<hr \/>\n<h3>\u201cHAYATIMIZ ANLAM KAZANDI\u201d<\/h3>\n<p>Sinan \u00d6zen, ikizlerin do\u011fum g\u00fcn\u00fcn\u00fc sosyal medya hesab\u0131ndan bu s\u00f6zlerle kutlad\u0131. \u201c Bug\u00fcn bizim i\u00e7in en \u00f6zel g\u00fcnlerden biri! Can\u0131m\u0131z\u0131n i\u00e7i Neva ve Sanberk 5 ya\u015f\u0131na bast\u0131lar! Tam be\u015f y\u0131l \u00f6nce d\u00fcnyam\u0131za katt\u0131klar\u0131 sevgi, mutluluk ve \u0131\u015f\u0131kla hayat\u0131m\u0131z daha da anlam kazand\u0131. Her kahkahalar\u0131, her ke\u015fifleri, her \u2018ilk\u2019leri bizim i\u00e7in tarifsiz birer an\u0131 oldu. Bug\u00fcn, bu g\u00fczel yolculu\u011fun bir par\u00e7as\u0131 olan mutlu anlar\u0131m\u0131z\u0131 sizlerle payla\u015fmak istedik. Ailemizin b\u00fcy\u00fcyen sevgisiyle daha nice y\u0131llara! \u0130yi ki vars\u0131n\u0131z, can\u0131m \u00e7ocuklar\u0131m! Sizlerle ge\u00e7en her an bir arma\u011fan. Hep birlikte daha g\u00fczel an\u0131lar biriktirmeye devam edelim.\u201d<\/p>\n","protected":false},"excerpt":{"rendered":"<p>\u00dcnl\u00fc \u015fark\u0131c\u0131 Sinan \u00d6zen, 2020 y\u0131l\u0131nda d\u00fcnyaya gelen k\u0131z\u0131 Neva\u2019n\u0131n sa\u011fl\u0131k sorunlar\u0131 nedeniyle 7 ameliyat ge\u00e7irdi. Sinan \u00d6zen\u2019in K\u0131z\u0131 Neva\u2019ya beyin felci olarak adland\u0131r\u0131lan Serebral Palsi tan\u0131s\u0131 konulmu\u015ftu. \u0130kizlerinin 5. Ya\u015f g\u00fcn\u00fcn\u00fc kutlayan Sinan \u00d6zen, \u00e7ocuklar\u0131yla ge\u00e7irdi\u011fi anlar\u0131 sosyal medyas\u0131nda payla\u015farak kutlad\u0131. <\/p>\n","protected":false},"author":10,"featured_media":135524,"comment_status":"closed","ping_status":"closed","sticky":false,"template":"","format":"standard","meta":{"rank_math_lock_modified_date":false,"footnotes":""},"categories":[76],"tags":[2837,133,2218,11322,11321],"class_list":["post-135520","post","type-post","status-publish","format-standard","has-post-thumbnail","hentry","category-magazin","tag-dogum-gunu","tag-magazin","tag-magazin-haberleri","tag-sinan-ozen","tag-sinan-ozen-ve-ikizleri-5-yas-gunu"],"_links":{"self":[{"href":"https:\/\/www.tgrthaber.com\/mavikadin\/wp-json\/wp\/v2\/posts\/135520"}],"collection":[{"href":"https:\/\/www.tgrthaber.com\/mavikadin\/wp-json\/wp\/v2\/posts"}],"about":[{"href":"https:\/\/www.tgrthaber.com\/mavikadin\/wp-json\/wp\/v2\/types\/post"}],"author":[{"embeddable":true,"href":"https:\/\/www.tgrthaber.com\/mavikadin\/wp-json\/wp\/v2\/users\/10"}],"replies":[{"embeddable":true,"href":"https:\/\/www.tgrthaber.com\/mavikadin\/wp-json\/wp\/v2\/comments?post=135520"}],"version-history":[{"count":1,"href":"https:\/\/www.tgrthaber.com\/mavikadin\/wp-json\/wp\/v2\/posts\/135520\/revisions"}],"predecessor-version":[{"id":135525,"href":"https:\/\/www.tgrthaber.com\/mavikadin\/wp-json\/wp\/v2\/posts\/135520\/revisions\/135525"}],"wp:featuredmedia":[{"embeddable":true,"href":"https:\/\/www.tgrthaber.com\/mavikadin\/wp-json\/wp\/v2\/media\/135524"}],"wp:attachment":[{"href":"https:\/\/www.tgrthaber.com\/mavikadin\/wp-json\/wp\/v2\/media?parent=135520"}],"wp:term":[{"taxonomy":"category","embeddable":true,"href":"https:\/\/www.tgrthaber.com\/mavikadin\/wp-json\/wp\/v2\/categories?post=135520"},{"taxonomy":"post_tag","embeddable":true,"href":"https:\/\/www.tgrthaber.com\/mavikadin\/wp-json\/wp\/v2\/tags?post=135520"}],"curies":[{"name":"wp","href":"https:\/\/api.w.org\/{rel}","templated":true}]}}