{"id":135528,"date":"2025-02-18T23:52:37","date_gmt":"2025-02-18T20:52:37","guid":{"rendered":"https:\/\/www.tgrthaber.com\/mavikadin\/?p=135528"},"modified":"2025-02-18T23:52:37","modified_gmt":"2025-02-18T20:52:37","slug":"hande-ercelin-iki-dunya-bi-dilek-filmini-ketche-yonetecek","status":"publish","type":"post","link":"https:\/\/www.tgrthaber.com\/mavikadin\/hande-ercelin-iki-dunya-bi-dilek-filmini-ketche-yonetecek\/","title":{"rendered":"Hande Er\u00e7el\u2019in \u0130ki D\u00fcnya Bi Dilek filmini Ketche y\u00f6netecek!"},"content":{"rendered":"<p>Hande Er\u00e7el, Bar\u0131\u015f Ardun\u00e7\u2019la birlikte oynad\u0131\u011f\u0131 hem dizi hem de film ile b\u00fcy\u00fck bir ses getirdi. R\u00fczgara B\u0131rak filmi ile uluslararas\u0131 alanda ad\u0131ndan s\u00f6z ettiren g\u00fczel oyuncu May\u0131s ay\u0131nda yeni dizileri A\u015fk\u0131 Hat\u0131rla ile dijital platformda yer almaya haz\u0131rlan\u0131yor. A\u015fk\u0131 Hat\u0131rla dizisinin \u00e7ekimleri tamamland\u0131. Yap\u0131m ekibinden yay\u0131n g\u00fcn\u00fcn\u00fc a\u00e7\u0131klanmas\u0131 beklenirken, Er\u00e7el\u2019in yeni projesi hakk\u0131nda da yeni geli\u015fmeler ya\u015fand\u0131. \u201c\u0130ki D\u00fcnya Bi Dilek\u201d filminin \u00e7ekimleri i\u00e7in haz\u0131rl\u0131klar yava\u015ftan ba\u015flan\u0131rken, filmi y\u00f6netecek y\u00f6netmenin kim oldu\u011fu belli oldu.<\/p>\n<h3>KIZILCIK \u015eERBET\u0130 Y\u00d6NETMEN\u0130 KETCHE<\/h3>\n<p>K\u0131z\u0131lc\u0131k \u015eerbeti dizisinin y\u00f6netmenli\u011fini \u00fcstlenen Ketche (Hakan K\u0131rvava\u00e7), Hande Er\u00e7el\u2019in yeni projesi olan \u201c\u0130ki D\u00fcnya Bi Dilek\u201d filminin y\u00f6netmeni olacak. Taff Pictures\u2019\u0131n Prime Video i\u00e7in \u00e7ekece\u011fi \u201c\u0130ki D\u00fcnya Bi Dilek\u201d kod adl\u0131 filmin y\u00f6netmenli\u011fini \u00fcstenecek olan Hakan K\u0131rvava\u00e7, filmin \u00e7ekimlerine Mart ay\u0131nda ba\u015flamay\u0131 planl\u0131yor. Hande Er\u00e7el\u2019in sinema filmini \u00e7ektikten sonra \u00fcnl\u00fc y\u00f6netmen Ketche, Ekin Ko\u00e7\u2019un ba\u015frol\u00fcn\u00fc oynayaca\u011f\u0131 ve Bar\u0131\u015f Man\u00e7o\u2019yu oynacak olan \u201cBar\u0131\u015f Man\u00e7o\u201d filmi i\u00e7in haz\u0131rl\u0131klara ba\u015flayacak.<\/p>\n<p><img loading=\"lazy\" decoding=\"async\" class=\"alignnone wp-image-135534\" src=\"https:\/\/www.tgrthaber.com\/mavikadin\/wp-content\/uploads\/Hande-Ercelin-Iki-Dunya-Bi-Dilek-filmi-300x169.jpg\" alt=\"Hande Er\u00e7el\u2019in \u0130ki D\u00fcnya Bi Dilek filmi\" width=\"1208\" height=\"680\" title=\"\" srcset=\"https:\/\/www.tgrthaber.com\/mavikadin\/wp-content\/uploads\/Hande-Ercelin-Iki-Dunya-Bi-Dilek-filmi-300x169.jpg 300w, https:\/\/www.tgrthaber.com\/mavikadin\/wp-content\/uploads\/Hande-Ercelin-Iki-Dunya-Bi-Dilek-filmi-1024x576.jpg 1024w, https:\/\/www.tgrthaber.com\/mavikadin\/wp-content\/uploads\/Hande-Ercelin-Iki-Dunya-Bi-Dilek-filmi-768x432.jpg 768w, https:\/\/www.tgrthaber.com\/mavikadin\/wp-content\/uploads\/Hande-Ercelin-Iki-Dunya-Bi-Dilek-filmi-1536x864.jpg 1536w, https:\/\/www.tgrthaber.com\/mavikadin\/wp-content\/uploads\/Hande-Ercelin-Iki-Dunya-Bi-Dilek-filmi.jpg 1920w\" sizes=\"(max-width: 1208px) 100vw, 1208px\" \/><\/p>\n<hr \/>\n<h3>\u0130K\u0130 D\u00dcNYA B\u0130 D\u0130LEK F\u0130LM\u0130 OYUNCU KADROSU BELL\u0130 M\u0130?<\/h3>\n<p>\u0130ki D\u00fcnya Bi Dilek\u00a0filminin ba\u015frollerinde yer alacak olan Hande Er\u00e7el \u201cBilge\u201d adl\u0131 avukat\u0131 oynayacak. Filmde Bilge\u2019nin partneri arkeolog Can\u2019\u0131 oynayacak oyuncunun kim olaca\u011f\u0131na dair yap\u0131m ekibinden hen\u00fcz bir a\u00e7\u0131klama yap\u0131lmad\u0131. Oyuncu castlar\u0131 devam eden filmin, oyuncu kadrosu yak\u0131n zamanda a\u00e7\u0131klanacak. Hande Er\u00e7el\u2019in yeni filmde oynayaca\u011f\u0131 karakterin nas\u0131l biri oldu\u011fu ise \u00f6n\u00fcm\u00fczdeki g\u00fcnlerde belli olacak.<\/p>\n","protected":false},"excerpt":{"rendered":"<p>Hande Er\u00e7el\u2019in A\u015fk\u0131 Hat\u0131rla filminin \u00e7ekimleri tamamland\u0131. G\u00fczel oyuncu yeni filmi i\u00e7in yak\u0131nda haz\u0131rl\u0131klara ba\u015flayacak. Hande Er\u00e7el\u2019in \u201c\u0130ki D\u00fcnya Bi Dilek filmini, K\u0131z\u0131lc\u0131k \u015eerbeti\u2019nin y\u00f6netmeni olan Ketche (Hakan K\u0131van\u00e7) y\u00f6netecek. <\/p>\n","protected":false},"author":10,"featured_media":135535,"comment_status":"closed","ping_status":"closed","sticky":false,"template":"","format":"standard","meta":{"rank_math_lock_modified_date":false,"footnotes":""},"categories":[76],"tags":[2628,10390,2391,11325,11327,11326],"class_list":["post-135528","post","type-post","status-publish","format-standard","has-post-thumbnail","hentry","category-magazin","tag-dizi-haberleri","tag-dizi-magazin","tag-hande-ercel","tag-hande-ercel-iki-dunya-bi-dilek-filmi","tag-iki-dunya-bi-dilek","tag-iki-dunya-bi-dilek-filmi-yonetmeni-ketche"],"_links":{"self":[{"href":"https:\/\/www.tgrthaber.com\/mavikadin\/wp-json\/wp\/v2\/posts\/135528"}],"collection":[{"href":"https:\/\/www.tgrthaber.com\/mavikadin\/wp-json\/wp\/v2\/posts"}],"about":[{"href":"https:\/\/www.tgrthaber.com\/mavikadin\/wp-json\/wp\/v2\/types\/post"}],"author":[{"embeddable":true,"href":"https:\/\/www.tgrthaber.com\/mavikadin\/wp-json\/wp\/v2\/users\/10"}],"replies":[{"embeddable":true,"href":"https:\/\/www.tgrthaber.com\/mavikadin\/wp-json\/wp\/v2\/comments?post=135528"}],"version-history":[{"count":1,"href":"https:\/\/www.tgrthaber.com\/mavikadin\/wp-json\/wp\/v2\/posts\/135528\/revisions"}],"predecessor-version":[{"id":135537,"href":"https:\/\/www.tgrthaber.com\/mavikadin\/wp-json\/wp\/v2\/posts\/135528\/revisions\/135537"}],"wp:featuredmedia":[{"embeddable":true,"href":"https:\/\/www.tgrthaber.com\/mavikadin\/wp-json\/wp\/v2\/media\/135535"}],"wp:attachment":[{"href":"https:\/\/www.tgrthaber.com\/mavikadin\/wp-json\/wp\/v2\/media?parent=135528"}],"wp:term":[{"taxonomy":"category","embeddable":true,"href":"https:\/\/www.tgrthaber.com\/mavikadin\/wp-json\/wp\/v2\/categories?post=135528"},{"taxonomy":"post_tag","embeddable":true,"href":"https:\/\/www.tgrthaber.com\/mavikadin\/wp-json\/wp\/v2\/tags?post=135528"}],"curies":[{"name":"wp","href":"https:\/\/api.w.org\/{rel}","templated":true}]}}