{"id":135547,"date":"2025-02-19T00:44:14","date_gmt":"2025-02-18T21:44:14","guid":{"rendered":"https:\/\/www.tgrthaber.com\/mavikadin\/?p=135547"},"modified":"2025-02-19T00:45:38","modified_gmt":"2025-02-18T21:45:38","slug":"kral-kaybederse-dizisinin-oyuncu-kadrosu-ve-karakterleri-netlesti","status":"publish","type":"post","link":"https:\/\/www.tgrthaber.com\/mavikadin\/kral-kaybederse-dizisinin-oyuncu-kadrosu-ve-karakterleri-netlesti\/","title":{"rendered":"&#8216;Kral Kaybederse&#8217; dizisinin oyuncu kadrosu ve karakterleri netle\u015fti!"},"content":{"rendered":"<p>G\u00fclseren Buday\u0131c\u0131o\u011flu&#8217;nun &#8216;Ayn\u0131&#8217; adl\u0131 eserinden uyarlanarak Star TV ekranlar\u0131nda yay\u0131nlanan &#8216;Kral Kaybederse&#8217; dizisi daha tan\u0131t\u0131m fragman\u0131n\u0131n yay\u0131nlanmas\u0131 ile b\u00fcy\u00fck yank\u0131 uyand\u0131rm\u0131\u015ft\u0131.<\/p>\n<p>Dizinin ilk b\u00f6l\u00fcm\u00fc izleyici taraf\u0131ndan tam not al\u0131r iken, dizinin s\u00fcr\u00fckleyici hikayesi ve geli\u015fen olaylar sonucunda izleyiciyi ekrana kilitleyece\u011fi \u00f6ng\u00f6r\u00fcl\u00fcyor.<\/p>\n<p>\u0130ki b\u00f6l\u00fcm\u00fc ekrana verilen &#8216;Kral Kaybederse&#8217; dizisinin oyuncu kadrosu ve dizinin \u00e7ekildi\u011fi mekanlar merak konusu oldu.<\/p>\n<h3>&#8216;KRAL KAYBEDERSE&#8217; D\u0130Z\u0130S\u0130NDE HANG\u0130 OYUNCULAR VAR?<\/h3>\n<p>Ba\u015frollerinde ba\u015far\u0131l\u0131 isimlerden Halit Ergen\u00e7, Asl\u0131han G\u00fcrb\u00fcz ve Merve Dizdar rol ald\u0131\u011f\u0131 &#8216;Kral Kaybederse&#8217; dizisinin oyuncu kadrosu ve karakterleri netle\u015fti.<\/p>\n<p><img loading=\"lazy\" decoding=\"async\" class=\"alignnone wp-image-135558\" src=\"https:\/\/www.tgrthaber.com\/mavikadin\/wp-content\/uploads\/3764484_a032f675b3cbebc49eee88a73499d06f_640x640.jpg\" alt=\"\" width=\"1208\" height=\"719\" title=\"\" srcset=\"https:\/\/www.tgrthaber.com\/mavikadin\/wp-content\/uploads\/3764484_a032f675b3cbebc49eee88a73499d06f_640x640.jpg 640w, https:\/\/www.tgrthaber.com\/mavikadin\/wp-content\/uploads\/3764484_a032f675b3cbebc49eee88a73499d06f_640x640-300x179.jpg 300w\" sizes=\"(max-width: 1208px) 100vw, 1208px\" \/><\/p>\n<hr \/>\n<p>Olduk\u00e7a enteresan bir hikayesi ve g\u00fc\u00e7l\u00fc oyuncu kadrosuyla izleyici taraf\u0131ndan b\u00fcy\u00fck bir ilgi ve merak uyand\u0131ran dizinin oyuncu ekibinde; Halit Ergen\u00e7, Merve Dizdar, Asl\u0131han G\u00fcrb\u00fcz, Nilperi \u015eahinkaya, Murat Garipa\u011fao\u011flu, Cenan \u00c7amyurdu, Nalan Kuru\u00e7im, Fulden S\u00f6\u011f\u00fct Etik, Ezgi Ulusoy, Ferhan G\u00fcl\u015fah Varl\u0131o\u011flu, Cihan Talay, \u0130dil Yener, Ali R\u0131za Kubilay ve Ferhat Y\u0131lmaz gibi yetenekli isimler yer al\u0131yor.<\/p>\n<h3>&#8216;KRAL KAYBEDERSE&#8217; D\u0130Z\u0130S\u0130NDE HANG\u0130 \u0130S\u0130M HANG\u0130 KARAKTER\u0130 OYNUYOR?<\/h3>\n<p><strong><em>OYUNCULAR:<\/em><\/strong><\/p>\n<p>Kenan Baran- Oyuncu Halit Ergen\u00e7<\/p>\n<p>Handan Baran- Oyuncu Asl\u0131han G\u00fcrb\u00fcz<\/p>\n<p>Fadi- Oyuncu Merve Dizdar<\/p>\n<p>\u00d6zlem- Oyuncu Nilperi \u015eahinkaya<\/p>\n<h3>KRAL KAYBEDERSE D\u0130Z\u0130S\u0130N\u0130N KONUSU NED\u0130R?<\/h3>\n<p>A\u015fk, kuvvet, h\u0131rs, a\u015fk ve ihanet konular\u0131n\u0131 ince ince i\u015fleyecek olan Star TV&#8217;nin yeni dizisi Kral Kaybederse, Halit Ergen\u00e7\u2019in oynad\u0131\u011f\u0131 Kenan Baran karakterinin zirveden d\u00fc\u015f\u00fc\u015f\u00fcn\u00fc ve bu d\u00fc\u015f\u00fc\u015fle beraber ya\u015fam\u0131n\u0131n da nas\u0131l tepetaklak de\u011fi\u015fece\u011fini etkileyici bir \u015fekilde g\u00f6zler \u00f6n\u00fcne serecek.<\/p>\n<h3>KRAL KAYBEDERSE D\u0130Z\u0130S\u0130 NEREDE \u00c7EK\u0130L\u0130YOR?<\/h3>\n<p>Star TV ekranlar\u0131nda \u015fimdiye kadar iki b\u00f6l\u00fcm\u00fc yay\u0131nlanmas\u0131na ra\u011fmen b\u00fcy\u00fck ilgi g\u00f6ren &#8216;Kral Kaybederse&#8217; dizisinin oyuncu kadrosunda hangi \u00fcnl\u00fc isimlerin yer ald\u0131\u011f\u0131 kadar dizinin \u00e7ekim yerleri de izleyiciler taraf\u0131ndan merak konusu oldu.<\/p>\n<p><img loading=\"lazy\" decoding=\"async\" class=\"alignnone wp-image-135559\" src=\"https:\/\/www.tgrthaber.com\/mavikadin\/wp-content\/uploads\/3764484_a16b9f064ea320db73502a8b6a79dc6c_640x640.jpg\" alt=\"\" width=\"1208\" height=\"719\" title=\"\" srcset=\"https:\/\/www.tgrthaber.com\/mavikadin\/wp-content\/uploads\/3764484_a16b9f064ea320db73502a8b6a79dc6c_640x640.jpg 640w, https:\/\/www.tgrthaber.com\/mavikadin\/wp-content\/uploads\/3764484_a16b9f064ea320db73502a8b6a79dc6c_640x640-300x179.jpg 300w\" sizes=\"(max-width: 1208px) 100vw, 1208px\" \/><\/p>\n<hr \/>\n<p>Star TV&#8217;nin iddial\u0131 dizisi Kral Kaybederse&#8217;nin \u00e7ekimleri \u0130stanbul&#8217;un \u00e7e\u015fitli semtlerinde yap\u0131l\u0131yor.<\/p>\n","protected":false},"excerpt":{"rendered":"<p>Star TV&#8217;nin iddial\u0131 yeni dizisi &#8216;Kral Kaybederse&#8217;nin g\u00fc\u00e7l\u00fc oyuncu kadrosundaki isimler merak konusu olmu\u015ftu. \u0130\u015fte iddial\u0131 dizi &#8216;Kral KAybederse&#8217;nin oyuncu kadrosundaki isimler&#8230;<\/p>\n","protected":false},"author":27,"featured_media":135550,"comment_status":"closed","ping_status":"closed","sticky":false,"template":"","format":"standard","meta":{"rank_math_lock_modified_date":false,"footnotes":""},"categories":[76],"tags":[7367,7368],"class_list":["post-135547","post","type-post","status-publish","format-standard","has-post-thumbnail","hentry","category-magazin","tag-kral-kaybederse-dizisi","tag-kral-kaybederse-dizisi-oyunculari"],"_links":{"self":[{"href":"https:\/\/www.tgrthaber.com\/mavikadin\/wp-json\/wp\/v2\/posts\/135547"}],"collection":[{"href":"https:\/\/www.tgrthaber.com\/mavikadin\/wp-json\/wp\/v2\/posts"}],"about":[{"href":"https:\/\/www.tgrthaber.com\/mavikadin\/wp-json\/wp\/v2\/types\/post"}],"author":[{"embeddable":true,"href":"https:\/\/www.tgrthaber.com\/mavikadin\/wp-json\/wp\/v2\/users\/27"}],"replies":[{"embeddable":true,"href":"https:\/\/www.tgrthaber.com\/mavikadin\/wp-json\/wp\/v2\/comments?post=135547"}],"version-history":[{"count":4,"href":"https:\/\/www.tgrthaber.com\/mavikadin\/wp-json\/wp\/v2\/posts\/135547\/revisions"}],"predecessor-version":[{"id":135561,"href":"https:\/\/www.tgrthaber.com\/mavikadin\/wp-json\/wp\/v2\/posts\/135547\/revisions\/135561"}],"wp:featuredmedia":[{"embeddable":true,"href":"https:\/\/www.tgrthaber.com\/mavikadin\/wp-json\/wp\/v2\/media\/135550"}],"wp:attachment":[{"href":"https:\/\/www.tgrthaber.com\/mavikadin\/wp-json\/wp\/v2\/media?parent=135547"}],"wp:term":[{"taxonomy":"category","embeddable":true,"href":"https:\/\/www.tgrthaber.com\/mavikadin\/wp-json\/wp\/v2\/categories?post=135547"},{"taxonomy":"post_tag","embeddable":true,"href":"https:\/\/www.tgrthaber.com\/mavikadin\/wp-json\/wp\/v2\/tags?post=135547"}],"curies":[{"name":"wp","href":"https:\/\/api.w.org\/{rel}","templated":true}]}}