{"id":135580,"date":"2025-02-19T02:09:50","date_gmt":"2025-02-18T23:09:50","guid":{"rendered":"https:\/\/www.tgrthaber.com\/mavikadin\/?p=135580"},"modified":"2025-02-19T02:09:51","modified_gmt":"2025-02-18T23:09:51","slug":"yesilcam-filmlerinde-usta-isimlerin-seslendirmesini-yapan-belkis-ozenerin-pismanligi-hakkimi-aramadim","status":"publish","type":"post","link":"https:\/\/www.tgrthaber.com\/mavikadin\/yesilcam-filmlerinde-usta-isimlerin-seslendirmesini-yapan-belkis-ozenerin-pismanligi-hakkimi-aramadim\/","title":{"rendered":"Ye\u015fil\u00e7am filmlerinde usta isimlerin seslendirmesini yapan Belk\u0131s \u00d6zener&#8217;in pi\u015fmanl\u0131\u011f\u0131: Hakk\u0131m\u0131 aramad\u0131m"},"content":{"rendered":"<p>100 tanesi T\u00fcrkan \u015eoray&#8217;\u0131n 300&#8217;den fazla \u015fark\u0131n\u0131n ise Filiz Ak\u0131n, H\u00fclya Ko\u00e7yi\u011fit, Fatma Girik gibi usta oyuncular\u0131n filmlerinde kendilerinin yerine seslendirmesini yapan 84 ya\u015f\u0131ndaki Belk\u0131s \u00d6zener, 57 y\u0131ll\u0131k sanat ya\u015fam\u0131na dair kendisiyle alakal\u0131 \u00f6nemli itiraflarda bulundu.<\/p>\n<p>Sanat\u00e7\u0131 \u00c7i\u011fdem G\u00fcrdal ile beraber verdi\u011fi &#8216;Unutulmaz Ye\u015fil\u00e7am \u015eark\u0131lar\u0131&#8217; konserine \u00e7\u0131kmadan \u00f6nce konu\u015fan \u00d6zener, bu i\u015fe nas\u0131l giri\u015fti\u011finden bahsetti.<\/p>\n<h3>\u00c7OK SAYIDA ESER SESLEND\u0130REN BELKIS \u00d6ZENER&#8217;DEN A\u00c7IKLAMA<\/h3>\n<p>1968 d\u00f6nemlerinde mesle\u011fe giri\u015fti\u011fini ve uzun y\u0131llar boyunca Ye\u015fil\u00e7am&#8217;da seslendirdi\u011fi \u015fark\u0131larla ismini geni\u015f bir kitleye duyurdu\u011funu ifade eden Belkis \u00d6zener;<\/p>\n<p><img loading=\"lazy\" decoding=\"async\" class=\"alignnone wp-image-135582\" src=\"https:\/\/www.tgrthaber.com\/mavikadin\/wp-content\/uploads\/3766578_e6b39ec74349c2e47fc9fa7396bf562a.jpg\" alt=\"\" width=\"1211\" height=\"804\" title=\"\" srcset=\"https:\/\/www.tgrthaber.com\/mavikadin\/wp-content\/uploads\/3766578_e6b39ec74349c2e47fc9fa7396bf562a.jpg 679w, https:\/\/www.tgrthaber.com\/mavikadin\/wp-content\/uploads\/3766578_e6b39ec74349c2e47fc9fa7396bf562a-300x199.jpg 300w\" sizes=\"(max-width: 1211px) 100vw, 1211px\" \/><\/p>\n<hr \/>\n<p>&#8220;Halk\u0131m beni kabul etti. T\u00fcrkiye&#8217;nin en g\u00fczel kad\u0131nlar\u0131n\u0131n \u015fark\u0131lar\u0131n\u0131 okumama ra\u011fmen, ismim yaz\u0131lmad\u0131\u011f\u0131 i\u00e7in sesim biliniyor ama ben tan\u0131nm\u0131yordum. Y\u0131llarca, 40 sene sustum. Bu benim i\u00e7imde ukde kald\u0131. Onlar\u0131n \u00f6n\u00fcne ge\u00e7memek i\u00e7in biraz da \u00e7ekingenli\u011fimden &#8216;Bu benim&#8217; demedim&#8221; ifadesinde bulundu.<\/p>\n<h3>SESLEND\u0130RME SANAT\u00c7ISI BELKIS \u00d6ZENER: &#8220;HALKIMIZIN SAYES\u0130NDE, EV\u0130M \u00d6D\u00dcLLERLE DOLU&#8221;<\/h3>\n<p>84 ya\u015f\u0131ndaki sanat\u00e7\u0131 Belkis \u00d6zener, seneler \u00f6nce yolda y\u00fcr\u00fcd\u00fc\u011f\u00fc esnada bir ma\u011fazadaki televizyonda eski filmlerinden birini g\u00f6rd\u00fc\u011f\u00fcn\u00fc ve o filmde kendi sesini duydu\u011funu de\u011finerek, \u015f\u00f6yle bir konu\u015fma yapt\u0131:<\/p>\n<p><img loading=\"lazy\" decoding=\"async\" class=\"alignnone wp-image-135581\" src=\"https:\/\/www.tgrthaber.com\/mavikadin\/wp-content\/uploads\/ddx.png\" alt=\"\" width=\"1208\" height=\"679\" title=\"\" srcset=\"https:\/\/www.tgrthaber.com\/mavikadin\/wp-content\/uploads\/ddx.png 820w, https:\/\/www.tgrthaber.com\/mavikadin\/wp-content\/uploads\/ddx-300x169.png 300w, https:\/\/www.tgrthaber.com\/mavikadin\/wp-content\/uploads\/ddx-768x432.png 768w\" sizes=\"(max-width: 1208px) 100vw, 1208px\" \/><\/p>\n<hr \/>\n<p>&#8220;Y\u00fcre\u011fime bir s\u0131z\u0131 d\u00fc\u015ft\u00fc. &#8216;Benim \u015fark\u0131lar\u0131m\u0131 ba\u015fka arkada\u015flar\u0131m okudu. Neden ben okumayay\u0131m?&#8217; diye d\u00fc\u015f\u00fcnd\u00fcm. Aniden bir telefon \u00e7ald\u0131. Kalan M\u00fczik&#8217;in sahibi rahmetli Hasan Salt\u0131k, eski \u015fark\u0131lar\u0131mdan alb\u00fcm yapmak istediklerini s\u00f6yledi. \u00d6d\u00fcl sonras\u0131 fark etmi\u015fler ve alb\u00fcm k\u0131sa s\u00fcrede \u00fcnlendi.&#8221;<\/p>\n<h3>\u00dcNL\u00dc \u0130S\u0130M P\u0130\u015eMANLI\u011eINI ANLATTI! &#8220;NEDEN SUSTUM, HATA YAPTIM&#8230;&#8221;<\/h3>\n<p>\u00d6zener, daha sonra s\u00f6zlerine \u015funlar\u0131 ekleyerek pi\u015fmanl\u0131\u011f\u0131ndan s\u00f6z etti; &#8220;Ye\u015fil\u00e7am filmleri d\u00f6neminde, \u015fark\u0131lar\u0131 kendisinin s\u00f6ylendi\u011finin bilinmemesinin biraz da kendi hatas\u0131 oldu\u011funu aktaran Belkis \u00d6zener; &#8220;\u00d6z ele\u015ftiri yapay\u0131m. Neden sustum? Hata yapt\u0131m. \u015eimdi telif haklar\u0131m\u0131 al\u0131yorum. E\u015fimi gen\u00e7 ya\u015fta kaybettim, \u00fc\u00e7 \u00e7ocukla kald\u0131m. &#8216;Sahibinin Sesinden Ye\u015fil\u00e7am \u015eark\u0131lar\u0131&#8217; alb\u00fcm\u00fc 19 senedir sat\u0131yor. G\u00f6zlerim ya\u015fararak 140\u0131nc\u0131 \u00f6d\u00fcl\u00fcm\u00fc alabilirim. Evim \u00f6d\u00fcllerle dolu. Halk\u0131m\u0131z\u0131n sayesinde oldu bu&#8221;<\/p>\n","protected":false},"excerpt":{"rendered":"<p>Ye\u015fil\u00e7am filmlerinde \u00e7ok say\u0131da usta oyuncular\u0131n \u015fark\u0131lar\u0131ndaki seslendirmelerini yapan Belk\u0131s \u00d6zener, en b\u00fcy\u00fck pi\u015fmanl\u0131\u011f\u0131n\u0131n vaktinde hakk\u0131n\u0131 aramamak oldu\u011funu ifade etti.<\/p>\n","protected":false},"author":27,"featured_media":135583,"comment_status":"closed","ping_status":"closed","sticky":false,"template":"","format":"standard","meta":{"rank_math_lock_modified_date":false,"footnotes":""},"categories":[76],"tags":[11338,133,667],"class_list":["post-135580","post","type-post","status-publish","format-standard","has-post-thumbnail","hentry","category-magazin","tag-belkis-ozener","tag-magazin","tag-yesilcam"],"_links":{"self":[{"href":"https:\/\/www.tgrthaber.com\/mavikadin\/wp-json\/wp\/v2\/posts\/135580"}],"collection":[{"href":"https:\/\/www.tgrthaber.com\/mavikadin\/wp-json\/wp\/v2\/posts"}],"about":[{"href":"https:\/\/www.tgrthaber.com\/mavikadin\/wp-json\/wp\/v2\/types\/post"}],"author":[{"embeddable":true,"href":"https:\/\/www.tgrthaber.com\/mavikadin\/wp-json\/wp\/v2\/users\/27"}],"replies":[{"embeddable":true,"href":"https:\/\/www.tgrthaber.com\/mavikadin\/wp-json\/wp\/v2\/comments?post=135580"}],"version-history":[{"count":2,"href":"https:\/\/www.tgrthaber.com\/mavikadin\/wp-json\/wp\/v2\/posts\/135580\/revisions"}],"predecessor-version":[{"id":135585,"href":"https:\/\/www.tgrthaber.com\/mavikadin\/wp-json\/wp\/v2\/posts\/135580\/revisions\/135585"}],"wp:featuredmedia":[{"embeddable":true,"href":"https:\/\/www.tgrthaber.com\/mavikadin\/wp-json\/wp\/v2\/media\/135583"}],"wp:attachment":[{"href":"https:\/\/www.tgrthaber.com\/mavikadin\/wp-json\/wp\/v2\/media?parent=135580"}],"wp:term":[{"taxonomy":"category","embeddable":true,"href":"https:\/\/www.tgrthaber.com\/mavikadin\/wp-json\/wp\/v2\/categories?post=135580"},{"taxonomy":"post_tag","embeddable":true,"href":"https:\/\/www.tgrthaber.com\/mavikadin\/wp-json\/wp\/v2\/tags?post=135580"}],"curies":[{"name":"wp","href":"https:\/\/api.w.org\/{rel}","templated":true}]}}