{"id":135586,"date":"2025-02-19T02:30:43","date_gmt":"2025-02-18T23:30:43","guid":{"rendered":"https:\/\/www.tgrthaber.com\/mavikadin\/?p=135586"},"modified":"2025-02-19T02:31:12","modified_gmt":"2025-02-18T23:31:12","slug":"sarkici-cenk-eren-fena-patladi-ekmekle-oynayanin-allah-cezasini-veriyor","status":"publish","type":"post","link":"https:\/\/www.tgrthaber.com\/mavikadin\/sarkici-cenk-eren-fena-patladi-ekmekle-oynayanin-allah-cezasini-veriyor\/","title":{"rendered":"\u015eark\u0131c\u0131 Cenk Eren fena patlad\u0131: &#8220;On sene \u00f6nce \u00f6\u011frensem onlar\u0131 ha\u015fat ederdim!&#8221;"},"content":{"rendered":"<p>Son zamanlarda magazin d\u00fcnyas\u0131nda yapt\u0131rd\u0131\u011f\u0131 estetik i\u015flemlerle g\u00fcndeme gelen \u015fark\u0131c\u0131 Cenk Eren, \u015fimdi de sosyal medya hesab\u0131ndan yay\u0131nlad\u0131\u011f\u0131 g\u00f6nderi ile dikkatleri \u00fczerine \u00e7ekti. Aradan y\u0131llar ge\u00e7mesine ra\u011fmen \u00f6nceden i\u015flerinin \u00f6n\u00fcne ta\u015f koyanlara sitemde bulunan Cenk Eren, sosyal medyada\u00a0isim vermeden iki ki\u015fiyi i\u015faret etti.<\/p>\n<h3>CENK EREN S\u0130TEM DOLU S\u00d6ZLERDE BULUNDU! &#8220;BU \u0130\u015e\u0130N GER\u00c7E\u011e\u0130N\u0130 GE\u00c7EN SENE \u00d6\u011eREND\u0130M&#8221;<\/h3>\n<p>\u00dcnl\u00fc \u015fark\u0131c\u0131 Cenk Eren, sosyal medya hesab\u0131nda yay\u0131nlad\u0131\u011f\u0131 g\u00f6nderide &#8220;\u015eimdi bana diyeceksiniz ki, &#8216;Cenk, neden 20 sene sonra bu konuyu a\u00e7\u0131yorsun?&#8217; 20 sene sonra a\u00e7mam\u0131n sebebi, ben ge\u00e7en sene bu i\u015fin ger\u00e7e\u011fini \u00f6\u011frendim. Hatta ge\u00e7en seneden beri \u00e7ok d\u00fc\u015f\u00fcnd\u00fcm, bunu tekrar g\u00fcndeme getirip getirmemeyi.<\/p>\n<p><img loading=\"lazy\" decoding=\"async\" class=\"alignnone wp-image-72377\" src=\"https:\/\/www.tgrthaber.com\/mavikadin\/wp-content\/uploads\/2024\/09\/yuzunu-gerdiren-cenk-eren-kendini-paylasmaya-doyamadi-artik-sakal-ve-biyik-yok.jpg\" alt=\"\" width=\"1208\" height=\"680\" title=\"\" srcset=\"https:\/\/www.tgrthaber.com\/mavikadin\/wp-content\/uploads\/2024\/09\/yuzunu-gerdiren-cenk-eren-kendini-paylasmaya-doyamadi-artik-sakal-ve-biyik-yok.jpg 1600w, https:\/\/www.tgrthaber.com\/mavikadin\/wp-content\/uploads\/2024\/09\/yuzunu-gerdiren-cenk-eren-kendini-paylasmaya-doyamadi-artik-sakal-ve-biyik-yok-300x169.jpg 300w, https:\/\/www.tgrthaber.com\/mavikadin\/wp-content\/uploads\/2024\/09\/yuzunu-gerdiren-cenk-eren-kendini-paylasmaya-doyamadi-artik-sakal-ve-biyik-yok-1024x576.jpg 1024w, https:\/\/www.tgrthaber.com\/mavikadin\/wp-content\/uploads\/2024\/09\/yuzunu-gerdiren-cenk-eren-kendini-paylasmaya-doyamadi-artik-sakal-ve-biyik-yok-768x432.jpg 768w, https:\/\/www.tgrthaber.com\/mavikadin\/wp-content\/uploads\/2024\/09\/yuzunu-gerdiren-cenk-eren-kendini-paylasmaya-doyamadi-artik-sakal-ve-biyik-yok-1536x864.jpg 1536w, https:\/\/www.tgrthaber.com\/mavikadin\/wp-content\/uploads\/2024\/09\/yuzunu-gerdiren-cenk-eren-kendini-paylasmaya-doyamadi-artik-sakal-ve-biyik-yok-533x300.jpg 533w, https:\/\/www.tgrthaber.com\/mavikadin\/wp-content\/uploads\/2024\/09\/yuzunu-gerdiren-cenk-eren-kendini-paylasmaya-doyamadi-artik-sakal-ve-biyik-yok-600x338.jpg 600w, https:\/\/www.tgrthaber.com\/mavikadin\/wp-content\/uploads\/2024\/09\/yuzunu-gerdiren-cenk-eren-kendini-paylasmaya-doyamadi-artik-sakal-ve-biyik-yok-30x16.jpg 30w, https:\/\/www.tgrthaber.com\/mavikadin\/wp-content\/uploads\/2024\/09\/yuzunu-gerdiren-cenk-eren-kendini-paylasmaya-doyamadi-artik-sakal-ve-biyik-yok-18x10.jpg 18w\" sizes=\"(max-width: 1208px) 100vw, 1208px\" \/><\/p>\n<hr \/>\n<p>\u00c7\u00fcnk\u00fc bunu ben, bu y\u00fczden bir arkada\u015f\u0131m\u0131 su\u00e7lad\u0131m, bir \u015fark\u0131c\u0131 arkada\u015f\u0131m\u0131, ve y\u0131llarca k\u00fcs kald\u0131m onunla. Onun yapt\u0131\u011f\u0131 s\u00f6ylenmi\u015fti bana. Ama \u015fimdi her \u015fey ortaya \u00e7\u0131kt\u0131&#8221; notunu d\u00fc\u015ft\u00fc.<\/p>\n<h3>CENK EREN: &#8220;10 SENE \u00d6NCE \u00d6\u011eRENSEM ONLARI HA\u015eAT EDERD\u0130M&#8221;<\/h3>\n<p>Sitem dolu s\u00f6zler sarf eden Eren, &#8220;Aram\u0131zdaki fark \u015fuydu: Onlar da \u00e7ok iyi \u015fark\u0131c\u0131yd\u0131 veya enstr\u00fcmantaldi, besteciydi, s\u00f6z yazar\u0131yd\u0131&#8221; diyen Eren, &#8220;Fakat ben hem \u00e7ok iyi \u015fark\u0131c\u0131yd\u0131m hem de sahnesi \u00e7ok iyi olan biriydim. Onlarda o sahne yoktu, onun i\u00e7in yapam\u0131yorlard\u0131. Bunu 10 sene \u00f6nce \u00f6\u011frenseydim, onlar\u0131 ha\u015fat ederdim.<\/p>\n<p>Ama \u015fimdi bak\u0131yorum, d\u00fc\u015f\u00fcnd\u00fcm, d\u00fc\u015f\u00fcnd\u00fcm, benim bir \u015fey yapmama gerek kalmam\u0131\u015f. Bir tanesi yataklarda, bir tanesi alkolik olmu\u015f. Ekmekle oynayan\u0131n Allah cezas\u0131n\u0131 veriyor&#8221; ifadelerinde bulundu.<\/p>\n<h3>EREN, \u00d6N PLANDA OLMASINI \u0130STEMEYENLERE ATE\u015e P\u00dcSK\u00dcRD\u00dc!<\/h3>\n<p>\u00dcnl\u00fc \u015fark\u0131c\u0131, g\u00f6nderisindeki ifadesine &#8220;A\u00e7\u0131klayay\u0131m size, neden b\u00f6yle oldu, niye b\u00f6yle yapm\u0131\u015flar. Ben, onlar i\u00e7in her zaman bir bar \u015fark\u0131c\u0131s\u0131 olarak kalmal\u0131yd\u0131m.<\/p>\n<p><img loading=\"lazy\" decoding=\"async\" class=\"alignnone wp-image-36682\" src=\"https:\/\/www.tgrthaber.com\/mavikadin\/wp-content\/uploads\/2024\/09\/yuz-gerdirme-operasyonu-olan-cenk-eren-son-halini-paylasti.jpg\" alt=\"\" width=\"1208\" height=\"680\" title=\"\" srcset=\"https:\/\/www.tgrthaber.com\/mavikadin\/wp-content\/uploads\/2024\/09\/yuz-gerdirme-operasyonu-olan-cenk-eren-son-halini-paylasti.jpg 1600w, https:\/\/www.tgrthaber.com\/mavikadin\/wp-content\/uploads\/2024\/09\/yuz-gerdirme-operasyonu-olan-cenk-eren-son-halini-paylasti-300x169.jpg 300w, https:\/\/www.tgrthaber.com\/mavikadin\/wp-content\/uploads\/2024\/09\/yuz-gerdirme-operasyonu-olan-cenk-eren-son-halini-paylasti-1024x576.jpg 1024w, https:\/\/www.tgrthaber.com\/mavikadin\/wp-content\/uploads\/2024\/09\/yuz-gerdirme-operasyonu-olan-cenk-eren-son-halini-paylasti-768x432.jpg 768w, https:\/\/www.tgrthaber.com\/mavikadin\/wp-content\/uploads\/2024\/09\/yuz-gerdirme-operasyonu-olan-cenk-eren-son-halini-paylasti-1536x864.jpg 1536w, https:\/\/www.tgrthaber.com\/mavikadin\/wp-content\/uploads\/2024\/09\/yuz-gerdirme-operasyonu-olan-cenk-eren-son-halini-paylasti-533x300.jpg 533w, https:\/\/www.tgrthaber.com\/mavikadin\/wp-content\/uploads\/2024\/09\/yuz-gerdirme-operasyonu-olan-cenk-eren-son-halini-paylasti-600x338.jpg 600w, https:\/\/www.tgrthaber.com\/mavikadin\/wp-content\/uploads\/2024\/09\/yuz-gerdirme-operasyonu-olan-cenk-eren-son-halini-paylasti-30x16.jpg 30w, https:\/\/www.tgrthaber.com\/mavikadin\/wp-content\/uploads\/2024\/09\/yuz-gerdirme-operasyonu-olan-cenk-eren-son-halini-paylasti-18x10.jpg 18w\" sizes=\"(max-width: 1208px) 100vw, 1208px\" \/><\/p>\n<hr \/>\n<p>\u00d6yle istiyorlard\u0131. Benim konser vermemi, benim alb\u00fcm yapmam\u0131, benim televizyon program\u0131 yapmam\u0131, benim kurumsal i\u015flerde olmam\u0131 istemiyorlard\u0131. \u00c7\u00fcnk\u00fc onlar s\u0131rf kendileri i\u00e7in her \u015feyi istiyorlard\u0131&#8221; s\u00f6zleriyle devam etti.<\/p>\n","protected":false},"excerpt":{"rendered":"<p>\u00dcnl\u00fc \u015fark\u0131c\u0131 Cenk Eren, aradan uzun zaman ge\u00e7mesine ra\u011fmen i\u015flerinin yoluna koyulmas\u0131n\u0131 engelleyenlere isim vermeden sitem dolu s\u00f6zlerde bulundu.<\/p>\n","protected":false},"author":27,"featured_media":135587,"comment_status":"closed","ping_status":"closed","sticky":false,"template":"","format":"standard","meta":{"rank_math_lock_modified_date":false,"footnotes":""},"categories":[76],"tags":[11339,133],"class_list":["post-135586","post","type-post","status-publish","format-standard","has-post-thumbnail","hentry","category-magazin","tag-cenk-eren","tag-magazin"],"_links":{"self":[{"href":"https:\/\/www.tgrthaber.com\/mavikadin\/wp-json\/wp\/v2\/posts\/135586"}],"collection":[{"href":"https:\/\/www.tgrthaber.com\/mavikadin\/wp-json\/wp\/v2\/posts"}],"about":[{"href":"https:\/\/www.tgrthaber.com\/mavikadin\/wp-json\/wp\/v2\/types\/post"}],"author":[{"embeddable":true,"href":"https:\/\/www.tgrthaber.com\/mavikadin\/wp-json\/wp\/v2\/users\/27"}],"replies":[{"embeddable":true,"href":"https:\/\/www.tgrthaber.com\/mavikadin\/wp-json\/wp\/v2\/comments?post=135586"}],"version-history":[{"count":3,"href":"https:\/\/www.tgrthaber.com\/mavikadin\/wp-json\/wp\/v2\/posts\/135586\/revisions"}],"predecessor-version":[{"id":135590,"href":"https:\/\/www.tgrthaber.com\/mavikadin\/wp-json\/wp\/v2\/posts\/135586\/revisions\/135590"}],"wp:featuredmedia":[{"embeddable":true,"href":"https:\/\/www.tgrthaber.com\/mavikadin\/wp-json\/wp\/v2\/media\/135587"}],"wp:attachment":[{"href":"https:\/\/www.tgrthaber.com\/mavikadin\/wp-json\/wp\/v2\/media?parent=135586"}],"wp:term":[{"taxonomy":"category","embeddable":true,"href":"https:\/\/www.tgrthaber.com\/mavikadin\/wp-json\/wp\/v2\/categories?post=135586"},{"taxonomy":"post_tag","embeddable":true,"href":"https:\/\/www.tgrthaber.com\/mavikadin\/wp-json\/wp\/v2\/tags?post=135586"}],"curies":[{"name":"wp","href":"https:\/\/api.w.org\/{rel}","templated":true}]}}